{"id":67510,"date":"2019-05-08T09:00:13","date_gmt":"2019-05-08T14:00:13","guid":{"rendered":"https:\/\/www.uv.mx\/prensa\/?p=67510"},"modified":"2019-05-07T20:22:03","modified_gmt":"2019-05-08T01:22:03","slug":"la-masculinidad-no-esta-en-los-genes-benno-de-keijzer","status":"publish","type":"post","link":"https:\/\/www.uv.mx\/prensa\/general\/la-masculinidad-no-esta-en-los-genes-benno-de-keijzer\/","title":{"rendered":"La masculinidad no est\u00e1 en los genes: Benno de Keijzer"},"content":{"rendered":"<ul>\n<li data-leveltext=\"\uf0b7\" data-font=\"Symbol\" data-listid=\"1\" data-aria-posinset=\"1\" data-aria-level=\"1\"><i><span data-contrast=\"auto\">El antrop\u00f3logo y Maestro en Salud P\u00fablica <\/span><\/i><i><span data-contrast=\"auto\">afirm\u00f3 que <\/span><\/i><i><span data-contrast=\"auto\">s\u00f3lo una de cada 10 parejas que emplean m\u00e9todos anticonceptivos, utilizan alguno enfocado en los varones, como la vasectom\u00eda<\/span><\/i><\/li>\n<li data-leveltext=\"\uf0b7\" data-font=\"Symbol\" data-listid=\"1\" data-aria-posinset=\"1\" data-aria-level=\"1\"><i><span data-contrast=\"auto\">Feminicidios, cr\u00edmenes de odio, paternidad adol<\/span><\/i><i><span data-contrast=\"auto\">escente, entre otros, son<\/span><\/i><i><span data-contrast=\"auto\"> costos de la masculinidad<\/span><\/i><span data-ccp-props=\"{&quot;134233279&quot;:true,&quot;201341983&quot;:0,&quot;335559739&quot;:160,&quot;335559740&quot;:240}\">\u00a0<\/span><\/li>\n<\/ul>\n<p>&nbsp;<\/p>\n<div id=\"attachment_67511\" style=\"width: 732px\" class=\"wp-caption aligncenter\"><a href=\"https:\/\/www.uv.mx\/prensa\/files\/2019\/05\/070519-MASCULINIDADES-1.jpg\"><img aria-describedby=\"caption-attachment-67511\" decoding=\"async\" loading=\"lazy\" class=\"size-full wp-image-67511\" src=\"https:\/\/www.uv.mx\/prensa\/files\/2019\/05\/070519-MASCULINIDADES-1.jpg\" alt=\"\" width=\"722\" height=\"481\" srcset=\"https:\/\/www.uv.mx\/prensa\/files\/2019\/05\/070519-MASCULINIDADES-1.jpg 722w, https:\/\/www.uv.mx\/prensa\/files\/2019\/05\/070519-MASCULINIDADES-1-300x200.jpg 300w\" sizes=\"(max-width: 722px) 100vw, 722px\" \/><\/a><p id=\"caption-attachment-67511\" class=\"wp-caption-text\">Benno George \u00c1lvaro de Keijzer Fokker imparti\u00f3 la ponencia \u201cLos hombres ante la salud sexual y reproductiva\u201d<\/p><\/div>\n<p>&nbsp;<\/p>\n<p><b><i><span data-contrast=\"auto\">Claudia Peralta V\u00e1zquez<\/span><\/i><\/b><span data-ccp-props=\"{&quot;201341983&quot;:0,&quot;335559739&quot;:160,&quot;335559740&quot;:240}\">\u00a0<\/span><\/p>\n<p><b><i><span data-contrast=\"auto\">08<\/span><\/i><\/b><b><i><span data-contrast=\"auto\">\/<\/span><\/i><\/b><b><i><span data-contrast=\"auto\">05<\/span><\/i><\/b><b><i><span data-contrast=\"auto\">\/<\/span><\/i><\/b><b><i><span data-contrast=\"auto\">19, Xalapa, Ver.- <\/span><\/i><\/b><span data-contrast=\"auto\">La masculinidad no est\u00e1 en los genes, sino que se incorpora a trav\u00e9s de una<\/span><span data-contrast=\"auto\"> serie de mensajes y presiones fidedignas<\/span><span data-contrast=\"auto\"> tan exitosas<\/span><span data-contrast=\"auto\"> que los hombres se perciben de esa manera, como si fuera algo realmente gen\u00e9tico y no producto de un <\/span><span data-contrast=\"auto\">proceso de socializaci\u00f3n en donde el g\u00e9nero se convierte en una forma primaria de relaciones significantes de poder.<\/span><span data-ccp-props=\"{&quot;201341983&quot;:0,&quot;335559739&quot;:160,&quot;335559740&quot;:240}\">\u00a0<\/span><\/p>\n<p><span data-contrast=\"auto\">Benno<\/span><span data-contrast=\"auto\"> George \u00c1lvaro de <\/span><span data-contrast=\"auto\">Keijzer<\/span> <span data-contrast=\"auto\">Fokker<\/span><span data-contrast=\"auto\">, <\/span><span data-contrast=\"auto\">investigador del Instituto en Salud P\u00fablica de la Univer<\/span><span data-contrast=\"auto\">sidad Veracruzana (UV),<\/span><span data-contrast=\"auto\"> declar\u00f3 lo anterior<\/span><span data-contrast=\"auto\"> el pasado jueves 2 d<\/span><span data-contrast=\"auto\">e mayo, al impartir la ponencia<\/span><span data-contrast=\"auto\"> \u201cLos hombres ante la salud sexual y reproductiva\u201d, dentro del 2\u00b0<\/span> <span data-contrast=\"auto\">Congreso de Salud Reproductiva y Sexual.<\/span><span data-ccp-props=\"{&quot;201341983&quot;:0,&quot;335559731&quot;:708,&quot;335559739&quot;:160,&quot;335559740&quot;:240}\">\u00a0<\/span><\/p>\n<p><span data-contrast=\"auto\">Durante el evento organizado por la Cl\u00ednica Universitaria de Salud<\/span><span data-contrast=\"auto\"> Reproductiva y Sexual (CUSRS) de<\/span><span data-contrast=\"auto\"> esta casa<\/span><span data-contrast=\"auto\"> de estudios, cuestion\u00f3 qu\u00e9 ocurre con el papel de los hombres ante los retos de la transici\u00f3n de g\u00e9nero, de la sexualidad, de la dimensi\u00f3n de g\u00e9nero, la reproducci\u00f3n y la corresponsabilidad.<\/span><span data-ccp-props=\"{&quot;201341983&quot;:0,&quot;335559731&quot;:708,&quot;335559739&quot;:160,&quot;335559740&quot;:240}\">\u00a0<\/span><\/p>\n<p><span data-contrast=\"auto\">\u00a0Ante los asistentes a este congreso realizado del 2 al 4 de mayo, <\/span><span data-contrast=\"auto\">subray\u00f3 la<\/span><span data-contrast=\"auto\"> importancia de<\/span><span data-contrast=\"auto\"> que hombres y mujeres conviv<\/span><span data-contrast=\"auto\">an en una situaci\u00f3n de respeto.<\/span><span data-ccp-props=\"{&quot;201341983&quot;:0,&quot;335559731&quot;:708,&quot;335559739&quot;:160,&quot;335559740&quot;:240}\">\u00a0<\/span><\/p>\n<p><span data-contrast=\"auto\">Sobre todo a los hombres, los invit\u00f3 a <\/span><span data-contrast=\"auto\">reflexionar en torno a la masculinidad y c\u00f3mo \u00e9sta les fue introducida<\/span><span data-contrast=\"auto\"> desde peque\u00f1os, cuando no se les permit\u00eda llorar porque s<\/span><span data-contrast=\"auto\">\u00f3<\/span><span data-contrast=\"auto\">lo lo hacen las ni\u00f1as; o jugar a las mu\u00f1ecas, sin pensar que les limitaban adquirir esa responsabili<\/span><span data-contrast=\"auto\">dad y sentimiento de ser padre.<\/span><span data-ccp-props=\"{&quot;201341983&quot;:0,&quot;335559731&quot;:708,&quot;335559739&quot;:160,&quot;335559740&quot;:240}\">\u00a0<\/span><\/p>\n<p><span data-contrast=\"auto\">S<\/span><span data-contrast=\"auto\">e<\/span> <span data-contrast=\"auto\">refiri\u00f3<\/span><span data-contrast=\"auto\"> tambi\u00e9n <\/span><span data-contrast=\"auto\">a <\/span><span data-contrast=\"auto\">la \u201cCaja de la Masculinidad\u201d<\/span><span data-contrast=\"auto\">, <\/span><span data-contrast=\"auto\">un estudio realizado en Esta<\/span><span data-contrast=\"auto\">dos Unidos, Inglaterra y M\u00e9xico<\/span><span data-contrast=\"auto\">.<\/span> <span data-contrast=\"auto\">Se trat\u00f3 de una encuesta aplicada v\u00eda telef\u00f3nica a varones<\/span><span data-contrast=\"auto\"> entre 18 <\/span><span data-contrast=\"auto\">y<\/span><span data-contrast=\"auto\"> 30 a\u00f1os de edad, con el fin de conoce<\/span><span data-contrast=\"auto\">r qu\u00e9 tan metidos estaban en es<\/span><span data-contrast=\"auto\">a caja <\/span><span data-contrast=\"auto\">consider\u00e1ndose autosuficientes, fuertes, <\/span><span data-contrast=\"auto\">hipersexuales<\/span><span data-contrast=\"auto\">, atractivos, sexuales, heterosexuales, homof\u00f3bicos, y <\/span><span data-contrast=\"auto\">asumiendo <\/span><span data-contrast=\"auto\">el control como una forma de relaci\u00f3n con las mujeres y hombres.<\/span><span data-ccp-props=\"{&quot;201341983&quot;:0,&quot;335559731&quot;:708,&quot;335559739&quot;:160,&quot;335559740&quot;:240}\">\u00a0<\/span><\/p>\n<p><span data-contrast=\"auto\">El resultado fue que alrededor de una cuarta parte de los <\/span><span data-contrast=\"auto\">encuestados tienen varios de es<\/span><span data-contrast=\"auto\">os elementos en su caja de masculinidades, situaci\u00f3n que es preocupante.<\/span><span data-ccp-props=\"{&quot;201341983&quot;:0,&quot;335559731&quot;:708,&quot;335559739&quot;:160,&quot;335559740&quot;:240}\">\u00a0<\/span><\/p>\n<p><span data-contrast=\"auto\">En este sentido, destac\u00f3 los costos de la masculinidad hegem\u00f3nica, entre los cuales se encuentran: l<\/span><span data-contrast=\"auto\">os feminicidios, cr\u00edmenes de <\/span><span data-contrast=\"auto\">odio asociados<\/span><span data-contrast=\"auto\"> a preferencias sexuales distintas, <\/span><span data-contrast=\"auto\">discapacidad, altos presupuestos<\/span><span data-contrast=\"auto\"> en la seguridad p\u00fablica, mortalidad masculina<\/span><span data-contrast=\"auto\">, paternidad<\/span><span data-contrast=\"auto\"> adolescente, misoginia y homofo<\/span><span data-contrast=\"auto\">bia<\/span><span data-contrast=\"auto\">.<\/span><span data-ccp-props=\"{&quot;201341983&quot;:0,&quot;335559731&quot;:708,&quot;335559739&quot;:160,&quot;335559740&quot;:240}\">\u00a0<\/span><\/p>\n<p><span data-contrast=\"auto\">Por tanto, <\/span><span data-contrast=\"auto\">el D<\/span><span data-contrast=\"auto\">octor en Salud Mental Comunitaria por el Instituto de Investigaciones Psicol\u00f3gicas de la UV, resalt\u00f3 la necesidad de transitar hacia una mayor corresponsabilidad, pues tan s<\/span><span data-contrast=\"auto\">\u00f3<\/span><span data-contrast=\"auto\">lo en el tema de la anticoncepci\u00f3n, la responsabilidad a\u00fan recae en las mujeres.<\/span><span data-ccp-props=\"{&quot;201341983&quot;:0,&quot;335559731&quot;:708,&quot;335559739&quot;:160,&quot;335559740&quot;:240}\">\u00a0<\/span><\/p>\n<p><span data-contrast=\"auto\">\u201cCo<\/span><span data-contrast=\"auto\">mo ocurre en el cuerpo de las mujeres<\/span><span data-contrast=\"auto\">,<\/span><span data-contrast=\"auto\"> todo se enfoc\u00f3<\/span><span data-contrast=\"auto\"> en ellas,<\/span><span data-contrast=\"auto\"> incluso la investigaci\u00f3n y la vacuna<\/span><span data-contrast=\"auto\">,<\/span><span data-contrast=\"auto\"> quit\u00e1ndoles esa<\/span><span data-contrast=\"auto\"> responsabilidad a los hombres.\u201d<\/span><span data-ccp-props=\"{&quot;201341983&quot;:0,&quot;335559731&quot;:708,&quot;335559739&quot;:160,&quot;335559740&quot;:240}\">\u00a0<\/span><\/p>\n<p><span data-contrast=\"auto\">Asimismo, cit\u00f3 otro dato donde s\u00f3<\/span><span data-contrast=\"auto\">lo una de cada <\/span><span data-contrast=\"auto\">10<\/span><span data-contrast=\"auto\"> par<\/span><span data-contrast=\"auto\">ejas que emplean<\/span> <span data-contrast=\"auto\">m\u00e9todos anticonceptivos, utilizan<\/span><span data-contrast=\"auto\"> alguno enfocado en los varones<\/span><span data-contrast=\"auto\">,<\/span><span data-contrast=\"auto\"> como la vasectom\u00eda.<\/span><span data-ccp-props=\"{&quot;201341983&quot;:0,&quot;335559731&quot;:708,&quot;335559739&quot;:160,&quot;335559740&quot;:240}\">\u00a0<\/span><\/p>\n<p><span data-contrast=\"auto\">En cuanto a la estrategia nacional de prevenci\u00f3n del embarazo en adolescente<\/span><span data-contrast=\"auto\">s, lament\u00f3 que no haya<\/span><span data-contrast=\"auto\"> ni una sola referencia<\/span><span data-contrast=\"auto\"> del papel de los hombres, pues las<\/span><span data-contrast=\"auto\"> causas de esta problem\u00e1tica <\/span><span data-contrast=\"auto\">\u00fanicamente <\/span><span data-contrast=\"auto\">se centran en<\/span><span data-contrast=\"auto\"> las mujeres<\/span><span data-contrast=\"auto\">.<\/span><span data-ccp-props=\"{&quot;201341983&quot;:0,&quot;335559731&quot;:708,&quot;335559739&quot;:160,&quot;335559740&quot;:240}\">\u00a0<\/span><\/p>\n<p><span data-contrast=\"auto\">Entre ellas mencion\u00f3: el miedo a la soledad, carencia de afecto y autoestima, rebeld\u00eda contra los padres, necesidad de reafirmarse como mujer, curiosidad sexual y otros aspectos.<\/span><span data-ccp-props=\"{&quot;201341983&quot;:0,&quot;335559731&quot;:708,&quot;335559739&quot;:160,&quot;335559740&quot;:240}\">\u00a0<\/span><\/p>\n<p><span data-contrast=\"auto\">Con relaci\u00f3n a la situaci\u00f3n de embarazos en adolescentes, dio a conocer que de <\/span><span data-contrast=\"auto\">siete<\/span><span data-contrast=\"auto\"> mil nacimientos <\/span><span data-contrast=\"auto\">de madres menores de 15 a\u00f1os, s\u00f3<\/span><span data-contrast=\"auto\">lo el 40 por ciento de los padres tienen menos de 20 a\u00f1os, lo cual indica un fen\u00f3meno de abuso.\u00a0<\/span><span data-ccp-props=\"{&quot;201341983&quot;:0,&quot;335559731&quot;:708,&quot;335559739&quot;:160,&quot;335559740&quot;:240}\">\u00a0<\/span><\/p>\n<p><span data-contrast=\"auto\">S<\/span><span data-contrast=\"auto\">obre este mismo tema de abuso, se refiri\u00f3 a <\/span><span data-contrast=\"auto\">las denuncias de acoso laboral, cuyos victimarios son hombres con poder. Lamentablemente si la mujer denuncia se hace acreedora a sanciones, diminuci\u00f3n de salario e impedimento para ascender de puesto o categor\u00eda.<\/span><span data-ccp-props=\"{&quot;201341983&quot;:0,&quot;335559731&quot;:708,&quot;335559739&quot;:160,&quot;335559740&quot;:240}\">\u00a0<\/span><\/p>\n","protected":false},"excerpt":{"rendered":"<p>Feminicidios, cr\u00edmenes de odio, paternidad adolescente, entre otros, son costos de la masculinidad <\/p>\n","protected":false},"author":1508,"featured_media":67511,"comment_status":"closed","ping_status":"closed","sticky":false,"template":"","format":"standard","meta":[],"categories":[1],"tags":[],"_links":{"self":[{"href":"https:\/\/www.uv.mx\/prensa\/wp-json\/wp\/v2\/posts\/67510"}],"collection":[{"href":"https:\/\/www.uv.mx\/prensa\/wp-json\/wp\/v2\/posts"}],"about":[{"href":"https:\/\/www.uv.mx\/prensa\/wp-json\/wp\/v2\/types\/post"}],"author":[{"embeddable":true,"href":"https:\/\/www.uv.mx\/prensa\/wp-json\/wp\/v2\/users\/1508"}],"replies":[{"embeddable":true,"href":"https:\/\/www.uv.mx\/prensa\/wp-json\/wp\/v2\/comments?post=67510"}],"version-history":[{"count":0,"href":"https:\/\/www.uv.mx\/prensa\/wp-json\/wp\/v2\/posts\/67510\/revisions"}],"wp:featuredmedia":[{"embeddable":true,"href":"https:\/\/www.uv.mx\/prensa\/wp-json\/wp\/v2\/media\/67511"}],"wp:attachment":[{"href":"https:\/\/www.uv.mx\/prensa\/wp-json\/wp\/v2\/media?parent=67510"}],"wp:term":[{"taxonomy":"category","embeddable":true,"href":"https:\/\/www.uv.mx\/prensa\/wp-json\/wp\/v2\/categories?post=67510"},{"taxonomy":"post_tag","embeddable":true,"href":"https:\/\/www.uv.mx\/prensa\/wp-json\/wp\/v2\/tags?post=67510"}],"curies":[{"name":"wp","href":"https:\/\/api.w.org\/{rel}","templated":true}]}}