{"id":67567,"date":"2019-05-10T09:00:07","date_gmt":"2019-05-10T14:00:07","guid":{"rendered":"https:\/\/www.uv.mx\/prensa\/?p=67567"},"modified":"2019-05-08T17:02:50","modified_gmt":"2019-05-08T22:02:50","slug":"colegio-de-medicina-familiar-reconocio-trayectoria-de-pedro-gutierrez-aguilar","status":"publish","type":"post","link":"https:\/\/www.uv.mx\/prensa\/banner\/colegio-de-medicina-familiar-reconocio-trayectoria-de-pedro-gutierrez-aguilar\/","title":{"rendered":"Colegio de Medicina Familiar reconoci\u00f3 trayectoria de Pedro Guti\u00e9rrez Aguilar\u00a0"},"content":{"rendered":"<ul>\n<li data-leveltext=\"\uf0b7\" data-font=\"Symbol\" data-listid=\"2\" data-aria-posinset=\"1\" data-aria-level=\"1\"><i><span data-contrast=\"auto\">Fue en el marco de<\/span><\/i><i><span data-contrast=\"auto\">l<\/span><\/i><i><span data-contrast=\"auto\"> VI Congreso Iberoamericano<\/span><\/i> <i><span data-contrast=\"auto\">realizado el <\/span><\/i><i><span data-contrast=\"auto\">4<\/span><\/i><i><span data-contrast=\"auto\"> de mayo en Tijuana, B<\/span><\/i><i><span data-contrast=\"auto\">aja <\/span><\/i><i><span data-contrast=\"auto\">C<\/span><\/i><i><span data-contrast=\"auto\">alifornia<\/span><\/i><span data-ccp-props=\"{&quot;201341983&quot;:0,&quot;335559739&quot;:0,&quot;335559740&quot;:240}\">\u00a0<\/span><\/li>\n<\/ul>\n<p><span data-ccp-props=\"{&quot;201341983&quot;:0,&quot;335559739&quot;:0,&quot;335559740&quot;:240}\">\u00a0<\/span><\/p>\n<div id=\"attachment_67582\" style=\"width: 732px\" class=\"wp-caption aligncenter\"><a href=\"https:\/\/www.uv.mx\/prensa\/files\/2019\/05\/070519-Reconocimiento-a-Pedro-Gutierrez-1.jpg\"><img aria-describedby=\"caption-attachment-67582\" decoding=\"async\" loading=\"lazy\" class=\"size-full wp-image-67582\" src=\"https:\/\/www.uv.mx\/prensa\/files\/2019\/05\/070519-Reconocimiento-a-Pedro-Gutierrez-1.jpg\" alt=\"\" width=\"722\" height=\"478\" srcset=\"https:\/\/www.uv.mx\/prensa\/files\/2019\/05\/070519-Reconocimiento-a-Pedro-Gutierrez-1.jpg 722w, https:\/\/www.uv.mx\/prensa\/files\/2019\/05\/070519-Reconocimiento-a-Pedro-Gutierrez-1-300x199.jpg 300w\" sizes=\"(max-width: 722px) 100vw, 722px\" \/><\/a><p id=\"caption-attachment-67582\" class=\"wp-caption-text\">\u201cRepresenta tambi\u00e9n un reconocimiento a la UV por la calidad de su ense\u00f1anza y preparaci\u00f3n\u201d, dijo el egresado de esta instituci\u00f3n<\/p><\/div>\n<p><span data-ccp-props=\"{&quot;201341983&quot;:0,&quot;335559739&quot;:0,&quot;335559740&quot;:240}\">\u00a0<\/span><\/p>\n<p><span data-ccp-props=\"{&quot;201341983&quot;:0,&quot;335559739&quot;:0,&quot;335559740&quot;:240}\">\u00a0<\/span><\/p>\n<p><b><i><span data-contrast=\"auto\">Jos\u00e9 Luis <\/span><\/i><\/b><b><i><span data-contrast=\"auto\">Couttolenc<\/span><\/i><\/b><b><i><span data-contrast=\"auto\"> Soto<\/span><\/i><\/b><span data-ccp-props=\"{&quot;201341983&quot;:0,&quot;335559739&quot;:0,&quot;335559740&quot;:240}\">\u00a0<\/span><\/p>\n<p><b><i><span data-contrast=\"auto\">10<\/span><\/i><\/b><b><i><\/i><\/b><b><i><span data-contrast=\"auto\">\/0<\/span><\/i><\/b><b><i><span data-contrast=\"auto\">5<\/span><\/i><\/b><b><i><span data-contrast=\"auto\">\/19<\/span><\/i><\/b><b><i><span data-contrast=\"auto\">, Xalapa, Ver.-<\/span><\/i><\/b><span data-contrast=\"auto\"> El Colegio Mexicano de Medicina Familiar, A. C.<\/span><span data-contrast=\"auto\">,<\/span><span data-contrast=\"auto\"> otorg\u00f3 el Premio <\/span><i><span data-contrast=\"auto\">Honoris Causa<\/span><\/i><span data-contrast=\"auto\"> \u201cDr. Carlos Ernesto Varela Rueda\u201d 2019 a Pedro Guti\u00e9rrez Aguilar, director general del \u00c1rea<\/span> <span data-contrast=\"auto\">Acad\u00e9mica de Ciencias de la Salud de la Universidad Veracruzana (UV), <\/span><span data-contrast=\"auto\">\u201cpor sus m\u00e9ritos profesionales y haber contribuido al progreso de la medicina familiar\u201d.<\/span><span data-ccp-props=\"{&quot;201341983&quot;:0,&quot;335559739&quot;:0,&quot;335559740&quot;:240}\">\u00a0<\/span><\/p>\n<p><span data-contrast=\"auto\">El reconocimiento le fue entregado el s\u00e1bado <\/span><span data-contrast=\"auto\">4<\/span><span data-contrast=\"auto\"> de mayo en Tijuana, Baja Cal<\/span><span data-contrast=\"auto\">ifornia, por el presidente del C<\/span><span data-contrast=\"auto\">olegio <\/span><span data-contrast=\"auto\">M<\/span><span data-contrast=\"auto\">\u00e9dico, Jos\u00e9 Luis Huerta Gonz\u00e1lez, en el marco del VI Congreso Iberoamericano de Medicina Familiar, XXXI Congreso Nacional de Medicina Familiar y II Conferencia Binacional Baja California.<\/span><span data-ccp-props=\"{&quot;201341983&quot;:0,&quot;335559739&quot;:0,&quot;335559740&quot;:240}\">\u00a0<\/span><\/p>\n<p><span data-contrast=\"auto\">Respecto al<\/span><span data-contrast=\"auto\"> premio recibido, Guti\u00e9rrez Aguilar consider\u00f3 que representa tambi\u00e9n \u201cun reconocimiento a la Universidad Veracruzana por la calidad de su ense\u00f1anza y preparaci\u00f3n, porque me form\u00e9 en sus aulas primero como m\u00e9dico cirujano, luego t\u00e9cnico laboratorista, m\u00e1s tarde<\/span> <span data-contrast=\"auto\">curs\u00e9 la <\/span><span data-contrast=\"auto\">E<\/span><span data-contrast=\"auto\">specialidad en <\/span><span data-contrast=\"auto\">M<\/span><span data-contrast=\"auto\">edicina <\/span><span data-contrast=\"auto\">Familiar y una m\u00e1s en o<\/span><span data-contrast=\"auto\">torrinolaringolog\u00eda\u201d.<\/span><span data-ccp-props=\"{&quot;201341983&quot;:0,&quot;335559739&quot;:0,&quot;335559740&quot;:240}\">\u00a0<\/span><\/p>\n<p><span data-contrast=\"auto\">Mencion\u00f3 que dentro de su <\/span><span data-contrast=\"auto\">trayectoria profesional<\/span> <span data-contrast=\"auto\">incluye labor<\/span><span data-contrast=\"auto\"> dentro del \u00e1rea administrativa, lo que le ha permitido \u201cvisualizar c\u00f3mo dar respuesta a las necesidades sociales en el \u00e1rea de la salud\u201d; se ha desempe\u00f1ado tambi\u00e9n como docente, secreta<\/span><span data-contrast=\"auto\">rio acad\u00e9mico y director de la F<\/span><span data-contrast=\"auto\">acultad de Medicina <\/span><span data-contrast=\"auto\">regi\u00f3n <\/span><span data-contrast=\"auto\">Veracruz, <\/span><span data-contrast=\"auto\">la cual logr\u00f3 acreditar por el Consejo Mexicano para la Acreditaci\u00f3n de la Educaci\u00f3n M\u00e9dica, A. C., y actualmente ocupa la titularidad del \u00c1rea Acad\u00e9mica de Ciencias de la Salud de la UV.<\/span><span data-ccp-props=\"{&quot;201341983&quot;:0,&quot;335559739&quot;:0,&quot;335559740&quot;:240}\">\u00a0<\/span><\/p>\n<p><span data-contrast=\"auto\">Sus servicios profesionales dentro de la medicina los des<\/span><span data-contrast=\"auto\">arrolla<\/span><span data-contrast=\"auto\"> en las unidades m\u00e9dicas del Instituto Mexicano del Seguro Social<\/span><span data-contrast=\"auto\"> (IMSS) del puerto de Veracruz.<\/span><span data-ccp-props=\"{&quot;201341983&quot;:0,&quot;335559739&quot;:0,&quot;335559740&quot;:240}\">\u00a0<\/span><\/p>\n","protected":false},"excerpt":{"rendered":"<p>Recibi\u00f3 el Premio Honoris Causa \u201cDr. Carlos Ernesto Varela Rueda\u201d 2019, el s\u00e1bado 4 de mayo en Tijuana, Baja California<\/p>\n","protected":false},"author":1869,"featured_media":67587,"comment_status":"closed","ping_status":"closed","sticky":false,"template":"","format":"standard","meta":[],"categories":[61],"tags":[],"_links":{"self":[{"href":"https:\/\/www.uv.mx\/prensa\/wp-json\/wp\/v2\/posts\/67567"}],"collection":[{"href":"https:\/\/www.uv.mx\/prensa\/wp-json\/wp\/v2\/posts"}],"about":[{"href":"https:\/\/www.uv.mx\/prensa\/wp-json\/wp\/v2\/types\/post"}],"author":[{"embeddable":true,"href":"https:\/\/www.uv.mx\/prensa\/wp-json\/wp\/v2\/users\/1869"}],"replies":[{"embeddable":true,"href":"https:\/\/www.uv.mx\/prensa\/wp-json\/wp\/v2\/comments?post=67567"}],"version-history":[{"count":0,"href":"https:\/\/www.uv.mx\/prensa\/wp-json\/wp\/v2\/posts\/67567\/revisions"}],"wp:featuredmedia":[{"embeddable":true,"href":"https:\/\/www.uv.mx\/prensa\/wp-json\/wp\/v2\/media\/67587"}],"wp:attachment":[{"href":"https:\/\/www.uv.mx\/prensa\/wp-json\/wp\/v2\/media?parent=67567"}],"wp:term":[{"taxonomy":"category","embeddable":true,"href":"https:\/\/www.uv.mx\/prensa\/wp-json\/wp\/v2\/categories?post=67567"},{"taxonomy":"post_tag","embeddable":true,"href":"https:\/\/www.uv.mx\/prensa\/wp-json\/wp\/v2\/tags?post=67567"}],"curies":[{"name":"wp","href":"https:\/\/api.w.org\/{rel}","templated":true}]}}