{"id":67568,"date":"2019-05-12T09:00:07","date_gmt":"2019-05-12T14:00:07","guid":{"rendered":"https:\/\/www.uv.mx\/prensa\/?p=67568"},"modified":"2019-05-08T18:53:18","modified_gmt":"2019-05-08T23:53:18","slug":"conbioetica-certifico-comite-de-etica-en-investigacion-del-isp-de-la-uv","status":"publish","type":"post","link":"https:\/\/www.uv.mx\/prensa\/banner\/conbioetica-certifico-comite-de-etica-en-investigacion-del-isp-de-la-uv\/","title":{"rendered":"<em>Conbio\u00e9tica<\/em> certific\u00f3 Comit\u00e9 de \u00c9tica\u00a0en Investigaci\u00f3n del ISP de la UV\u00a0"},"content":{"rendered":"<ul>\n<li data-leveltext=\"\uf0b7\" data-font=\"Symbol\" data-listid=\"1\" data-aria-posinset=\"1\" data-aria-level=\"1\"><i><span data-contrast=\"auto\">El prop\u00f3sito del organismo<\/span><\/i><i><span data-contrast=\"auto\"> es revisar protocolos de investigaci\u00f3n en seres humanos y salvaguardar la dignidad, derechos y seguridad de los involucrados en el proceso, enfatizando su protecci\u00f3n<\/span><\/i><span data-ccp-props=\"{&quot;134233279&quot;:true,&quot;201341983&quot;:0,&quot;335559739&quot;:160,&quot;335559740&quot;:240}\">\u00a0<\/span><\/li>\n<li data-leveltext=\"\uf0b7\" data-font=\"Symbol\" data-listid=\"1\" data-aria-posinset=\"2\" data-aria-level=\"1\"><i><span data-contrast=\"auto\">\u201cLa inclusi\u00f3n de los aspectos \u00e9ticos en los protocolos es un indicador de calidad, equiparable al rigor metodol\u00f3gico de una investigaci\u00f3n cient\u00edfica<\/span><\/i><i><span data-contrast=\"auto\">\u201d<\/span><\/i><span data-ccp-props=\"{&quot;134233279&quot;:true,&quot;201341983&quot;:0,&quot;335559739&quot;:160,&quot;335559740&quot;:240}\">\u00a0<\/span><\/li>\n<\/ul>\n<p><span data-ccp-props=\"{&quot;201341983&quot;:0,&quot;335559739&quot;:160,&quot;335559740&quot;:240}\">\u00a0<\/span><b><i><\/i><\/b><\/p>\n<div id=\"attachment_67583\" style=\"width: 732px\" class=\"wp-caption aligncenter\"><a href=\"https:\/\/www.uv.mx\/prensa\/files\/2019\/05\/060519-KARINA-Comite-de-etica-1.jpg\"><img aria-describedby=\"caption-attachment-67583\" decoding=\"async\" loading=\"lazy\" class=\"size-full wp-image-67583\" src=\"https:\/\/www.uv.mx\/prensa\/files\/2019\/05\/060519-KARINA-Comite-de-etica-1.jpg\" alt=\"\" width=\"722\" height=\"542\" srcset=\"https:\/\/www.uv.mx\/prensa\/files\/2019\/05\/060519-KARINA-Comite-de-etica-1.jpg 722w, https:\/\/www.uv.mx\/prensa\/files\/2019\/05\/060519-KARINA-Comite-de-etica-1-300x225.jpg 300w\" sizes=\"(max-width: 722px) 100vw, 722px\" \/><\/a><p id=\"caption-attachment-67583\" class=\"wp-caption-text\">Se trata de un organismo interdisciplinario<\/p><\/div>\n<p><span data-ccp-props=\"{&quot;201341983&quot;:0,&quot;335559739&quot;:160,&quot;335559740&quot;:240}\">\u00a0<\/span><\/p>\n<p><span data-ccp-props=\"{&quot;201341983&quot;:0,&quot;335559739&quot;:160,&quot;335559740&quot;:240}\">\u00a0<\/span><\/p>\n<p><b><i><span data-contrast=\"auto\">Karina de la Paz Reyes D\u00edaz<\/span><\/i><\/b><span data-ccp-props=\"{&quot;201341983&quot;:0,&quot;335559739&quot;:160,&quot;335559740&quot;:240}\">\u00a0<\/span><\/p>\n<p><b><i><span data-contrast=\"auto\">12<\/span><\/i><\/b><b><i><\/i><\/b><b><i><span data-contrast=\"auto\">\/0<\/span><\/i><\/b><b><i><span data-contrast=\"auto\">5<\/span><\/i><\/b><b><i><span data-contrast=\"auto\">\/19, Xalapa, Ver.-<\/span><\/i><\/b> <span data-contrast=\"auto\">La <\/span><span data-contrast=\"auto\">Comisi\u00f3n N<\/span><span data-contrast=\"auto\">acional de Bio\u00e9tica (<\/span><i><span data-contrast=\"auto\">Conbio\u00e9tica<\/span><\/i><span data-contrast=\"auto\">), <\/span><span data-contrast=\"auto\">\u00f3rgano desc<\/span><span data-contrast=\"auto\">oncentrado de la Secretar\u00eda de Salud<\/span><span data-contrast=\"auto\"> del Gobierno Federal, certific\u00f3 <\/span><span data-contrast=\"auto\">el Comit\u00e9 de \u00c9tica en Investigaci\u00f3n <\/span><span data-contrast=\"auto\">(CEI)<\/span> <span data-contrast=\"auto\">del Instituto de Salud P\u00fablica (ISP) de la Univ<\/span><span data-contrast=\"auto\">ersidad Veracruzana (UV).<\/span><span data-ccp-props=\"{&quot;201341983&quot;:0,&quot;335559739&quot;:160,&quot;335559740&quot;:240}\">\u00a0<\/span><\/p>\n<p><span data-contrast=\"auto\">De acuerdo con la <\/span><i><span data-contrast=\"auto\">Gu\u00eda nacional para la integraci\u00f3n y el funcionamiento de los Comit\u00e9s de \u00c9tica en Investigaci\u00f3n<\/span><\/i><span data-contrast=\"auto\"> (e<\/span><span data-contrast=\"auto\">dici\u00f3n 2016), los comit\u00e9s<\/span> <span data-contrast=\"auto\">\u201c<\/span><span data-contrast=\"auto\">forman parte del compromiso de transparencia institucional que asumen los establecimientos<\/span> <span data-contrast=\"auto\">que realizan investigaci\u00f3n en seres humanos con las instancias reguladoras, los participantes en<\/span> <span data-contrast=\"auto\">las investigaciones y la sociedad en su conjunto<\/span><span data-contrast=\"auto\">\u201d<\/span><span data-contrast=\"auto\">.<\/span><span data-ccp-props=\"{&quot;201341983&quot;:0,&quot;335559739&quot;:160,&quot;335559740&quot;:240}\">\u00a0<\/span><\/p>\n<p><span data-contrast=\"auto\">Tal documento enfatiza<\/span><span data-contrast=\"auto\">:<\/span><span data-contrast=\"auto\"> \u201c<\/span><span data-contrast=\"auto\">L<\/span><span data-contrast=\"auto\">a inclusi\u00f3n de los aspectos \u00e9ticos en los protocolos es un indicador de calidad, equiparable al rigor<\/span> <span data-contrast=\"auto\">metodol\u00f3gico de una investigaci\u00f3n cient\u00edfica. Los CEI<\/span> <span data-contrast=\"auto\">deben ser los garantes de que <\/span><span data-contrast=\"auto\">(\u00e9sta) <\/span><span data-contrast=\"auto\">responda, desde<\/span> <span data-contrast=\"auto\">el punto de vista \u00e9tico, a los intereses y necesidades de la ciudadan\u00eda. Por ello, y de conformidad con<\/span> <span data-contrast=\"auto\">lo dispuesto en la Ley General de Salud, deber\u00e1n instalarse y funcionar en todas las instituciones<\/span> <span data-contrast=\"auto\">y establecimientos p\u00fablicos y privados, en los que se lleve a cabo investigaci\u00f3n en seres humanos<\/span><span data-contrast=\"auto\">\u201d<\/span><span data-contrast=\"auto\">.<\/span><span data-ccp-props=\"{&quot;201341983&quot;:0,&quot;335559739&quot;:160,&quot;335559740&quot;:240}\">\u00a0<\/span><\/p>\n<p><span data-contrast=\"auto\">El prop\u00f3sito de un <\/span><span data-contrast=\"auto\">CEI,<\/span><span data-contrast=\"auto\"> a\u00f1ad<\/span><span data-contrast=\"auto\">i\u00f3<\/span><span data-contrast=\"auto\">, es \u201crevisar protocolos de investigaci\u00f3n en seres humanos y salvaguardar la dignidad, derechos y seguridad de los involucrados en el proceso, enfatizando su protecci\u00f3n\u201d. Por ello deben ser aut\u00f3nomos, multidisciplinarios, plurales y consultivos.<\/span><span data-ccp-props=\"{&quot;201341983&quot;:0,&quot;335559731&quot;:708,&quot;335559739&quot;:160,&quot;335559740&quot;:240}\">\u00a0<\/span><\/p>\n<p><span data-contrast=\"auto\">Asimismo, el documento detalla que cada <\/span><span data-contrast=\"auto\">c<\/span><span data-contrast=\"auto\">omit\u00e9 est\u00e1 obligado a considerar, al momento que eval\u00faa un protocolo de investigaci\u00f3n: <\/span><span data-contrast=\"auto\">v<\/span><span data-contrast=\"auto\">alor cient\u00edfico, <\/span><span data-contrast=\"auto\">p<\/span><span data-contrast=\"auto\">ertinencia cient\u00edfica en el di<\/span><span data-contrast=\"auto\">se\u00f1o y conducci\u00f3n del estudio, selecci\u00f3n de los participantes, p<\/span><span data-contrast=\"auto\">roporcionalida<\/span><span data-contrast=\"auto\">d en los riesgos <\/span><span data-contrast=\"auto\">y beneficios, e<\/span><span data-contrast=\"auto\">valuaci\u00f3n independien<\/span><span data-contrast=\"auto\">te, respeto a los participan<\/span><span data-contrast=\"auto\">tes y consentimiento informado.<\/span><span data-ccp-props=\"{&quot;201341983&quot;:0,&quot;335559731&quot;:708,&quot;335559739&quot;:160,&quot;335559740&quot;:240}\">\u00a0<\/span><\/p>\n<p><span data-ccp-props=\"{&quot;201341983&quot;:0,&quot;335559739&quot;:160,&quot;335559740&quot;:240}\">\u00a0<\/span><\/p>\n<p><b><span data-contrast=\"auto\">El dictamen que emiten tiene valor legal<\/span><\/b><span data-ccp-props=\"{&quot;201341983&quot;:0,&quot;335559739&quot;:160,&quot;335559740&quot;:240}\">\u00a0<\/span><\/p>\n<p><span data-contrast=\"auto\">E<\/span><span data-contrast=\"auto\">l Comit\u00e9 de<\/span><span data-contrast=\"auto\"> \u00c9tica en <\/span><span data-contrast=\"auto\">Investigaci\u00f3n<\/span> <span data-contrast=\"auto\">del ISP \u2013cuyo proceso de integraci\u00f3n y gestiones <\/span><span data-contrast=\"auto\">para ser certificado requiri\u00f3<\/span><span data-contrast=\"auto\"> alrededor de dos a\u00f1os\u2013 est\u00e1 conformado por: Jaime Morales Romero, presidente; Mar\u00eda Teresa \u00c1l<\/span><span data-contrast=\"auto\">varez Ba\u00f1uelos, vocal <\/span><span data-contrast=\"auto\">s<\/span><span data-contrast=\"auto\">ecretaria<\/span><span data-contrast=\"auto\">;<\/span><span data-contrast=\"auto\"> Dulce Mar\u00eda Cinta Loaiza<\/span><span data-contrast=\"auto\">,<\/span><span data-contrast=\"auto\"> Claudia Guti\u00e9rrez Sida<\/span><span data-contrast=\"auto\">, Pedro Pablo Castro Enr\u00edquez, Roberto Zenteno Cuev<\/span><span data-contrast=\"auto\">as, Christian Soledad Ortiz Cha<\/span><span data-contrast=\"auto\">cha, Manuel Salvador Luzan\u00eda Valerio y Sandra Vega Villamar, todos ellos vocales; as\u00ed como Lilia Luz Vargas y Gonz\u00e1lez, representante del <\/span><span data-contrast=\"auto\">n<\/span><span data-contrast=\"auto\">\u00facleo <\/span><span data-contrast=\"auto\">a<\/span><span data-contrast=\"auto\">fectado.<\/span><span data-ccp-props=\"{&quot;201341983&quot;:0,&quot;335559739&quot;:160,&quot;335559740&quot;:240}\">\u00a0<\/span><\/p>\n<p><span data-contrast=\"auto\">Jaime Morales parti\u00f3 <\/span><span data-contrast=\"auto\">de decir que la ciencia<\/span><span data-contrast=\"auto\">, a lo largo de su existencia, <\/span><span data-contrast=\"auto\">ha aportado sustantivos conocimientos <\/span><span data-contrast=\"auto\">para mejorar <\/span><span data-contrast=\"auto\">la calidad de vida de las personas; no obstante, \u201cha tenido que aprender de sus propios errores\u201d<\/span><span data-contrast=\"auto\">, toda vez que el m\u00e9todo \u201cno siempre ha sido el mejor\u201d<\/span><span data-contrast=\"auto\">. En el caso concreto de investigaciones en seres humanos, \u201cmuchas veces se nos puede olvidar que el <\/span><span data-contrast=\"auto\">sujeto <\/span><span data-contrast=\"auto\">de estudio tiene derechos, tiene que ser protegido<\/span><span data-contrast=\"auto\"> y<\/span><span data-contrast=\"auto\"> cuidado en su dignidad\u201d.<\/span><span data-ccp-props=\"{&quot;201341983&quot;:0,&quot;335559731&quot;:708,&quot;335559739&quot;:160,&quot;335559740&quot;:240}\">\u00a0<\/span><\/p>\n<p><span data-contrast=\"auto\">En M\u00e9xico, varios documentos norman la investigaci\u00f3n cient\u00edfica, as\u00ed como la \u00e9tica en la investigaci\u00f3n, tal es el caso de la Ley General de Salud, el <\/span><span data-contrast=\"auto\">Reglamento de la Ley General de Salud en materia de investigaci\u00f3n para la salud<\/span><span data-contrast=\"auto\"> y la <\/span><span data-contrast=\"auto\">Norma<\/span><span data-contrast=\"auto\"> Oficial Mexicana <\/span><span data-contrast=\"auto\">q<\/span><span data-contrast=\"auto\">ue establece los criterios para la ejecuci\u00f3n de proyectos de investigaci\u00f3n para la salud en seres humanos.<\/span><span data-ccp-props=\"{&quot;201341983&quot;:0,&quot;335559731&quot;:708,&quot;335559739&quot;:160,&quot;335559740&quot;:240}\">\u00a0<\/span><\/p>\n<p><span data-contrast=\"auto\">Por su parte, la <\/span><i><span data-contrast=\"auto\">Conbio\u00e9tica <\/span><\/i><span data-contrast=\"auto\">se ha encargado de impulsar la conformaci\u00f3n de <\/span><span data-contrast=\"auto\">CEI<\/span><span data-contrast=\"auto\"> en <\/span><span data-contrast=\"auto\">lugares <\/span><span data-contrast=\"auto\">donde se ofrecen servicios de salud o desarrolla investigaci\u00f3n en seres humanos. \u201cHace tiempo, recuerdo, los comit\u00e9s de \u00e9tica en investigaci\u00f3n se ve<\/span><span data-contrast=\"auto\">\u00edan como un requisito m\u00e1s que se de<\/span><span data-contrast=\"auto\">b\u00eda <\/span><span data-contrast=\"auto\">cumplir;<\/span><span data-contrast=\"auto\"> hoy d\u00eda, a trav\u00e9s de este impulso que la Comisi\u00f3n Nacional de Bio\u00e9tica, la Comisi\u00f3n <\/span><span data-contrast=\"auto\">Estatal de Bio\u00e9tica,<\/span><span data-contrast=\"auto\"> los comit\u00e9s de<\/span><span data-contrast=\"auto\"> \u00e9tica en investigaci\u00f3n, y los de<\/span> <span data-contrast=\"auto\">bio\u00e9tica <\/span><span data-contrast=\"auto\">hospitalaria, estamos vi\u00e9ndolo como una forma de tomar decisiones y salvaguardar la dignidad y derechos de seres humanos\u201d, c<\/span><span data-contrast=\"auto\">it\u00f3 Morales Romero<\/span><span data-contrast=\"auto\">.<\/span><span data-ccp-props=\"{&quot;201341983&quot;:0,&quot;335559731&quot;:708,&quot;335559739&quot;:160,&quot;335559740&quot;:240}\">\u00a0<\/span><\/p>\n<p><span data-contrast=\"auto\">Por su parte, Dulce Mar\u00eda Cinta destac\u00f3 el hecho de que se trate de un comit\u00e9 interdisciplinario, toda vez que <\/span><span data-contrast=\"auto\">la interpretaci\u00f3n de la \u00e9tica requier<\/span><span data-contrast=\"auto\">e de varias<\/span><span data-contrast=\"auto\"> ramas del saber. Por ello, reunieron una variedad de perfiles que van desde la sociolog\u00eda, la qu\u00edmica, la medicina, la psicolog\u00eda, la biolog\u00eda y la econom\u00eda. \u201cLa mirada para las cuestiones \u00e9ticas no es en una direcci\u00f3n y desde una disciplina\u201d.<\/span><span data-ccp-props=\"{&quot;201341983&quot;:0,&quot;335559731&quot;:708,&quot;335559739&quot;:160,&quot;335559740&quot;:240}\">\u00a0<\/span><\/p>\n<p><span data-contrast=\"auto\">Asimismo, dijo, haber obtenido el registro <\/span><span data-contrast=\"auto\">de la <\/span><i><span data-contrast=\"auto\">Conbio\u00e9tica <\/span><\/i><span data-contrast=\"auto\">les faculta para <\/span><span data-contrast=\"auto\">evaluar todos aquellos trabajos de investigaci\u00f3n que implican a seres humanos y que se desarrollan en otras entidades de la UV, no s\u00f3lo <\/span><span data-contrast=\"auto\">los <\/span><span data-contrast=\"auto\">del ISP. <\/span><span data-contrast=\"auto\">La importancia de tal plante<\/span><span data-contrast=\"auto\">a<\/span><span data-contrast=\"auto\">miento radica en que actualmente<\/span> <span data-contrast=\"auto\">la mayor\u00eda de las <\/span><span data-contrast=\"auto\">publicaciones cient\u00edficas exigen que el trabajo que publicar\u00e1 un investigador est\u00e9 respaldado por un Comit\u00e9 de \u00c9tica en Investigaci\u00f3n<\/span><span data-contrast=\"auto\"> que tenga un aval oficial.<\/span><span data-ccp-props=\"{&quot;201341983&quot;:0,&quot;335559731&quot;:708,&quot;335559739&quot;:160,&quot;335559740&quot;:240}\">\u00a0<\/span><\/p>\n<p><span data-contrast=\"auto\">Sobre <\/span><span data-contrast=\"auto\">esto<\/span><span data-contrast=\"auto\"> abund\u00f3 Morales Romero, en el sentido de que cada vez m\u00e1s las revistas cient\u00edficas internacionales e indexadas exigen, como requisito para publicar, el tener un dictamen de un Comit\u00e9 de \u00c9tica. Por ello, \u201cahora son los propios investigadores quienes se acercan a los comit\u00e9s para solicitar que les eval\u00fae<\/span><span data-contrast=\"auto\">n sus proyectos, lo interesante<\/span><span data-contrast=\"auto\"> de estar registrados ante <\/span><i><span data-contrast=\"auto\">Conbio\u00e9tica <\/span><\/i><span data-contrast=\"auto\">es q<\/span><span data-contrast=\"auto\">ue el dictamen tiene valor legal\u201d.<\/span><span data-ccp-props=\"{&quot;201341983&quot;:0,&quot;335559731&quot;:708,&quot;335559739&quot;:160,&quot;335559740&quot;:240}\">\u00a0<\/span><\/p>\n<p><span data-contrast=\"auto\">Para <\/span><span data-contrast=\"auto\">Christian Soledad Ortiz seguramente<\/span><span data-contrast=\"auto\"> quienes desarrollan investigaci\u00f3n cient\u00edfica<\/span> <span data-contrast=\"auto\">en seres humanos<\/span> <span data-contrast=\"auto\">se han preguntado <\/span><span data-contrast=\"auto\">si lo que hacen pone en riesgo la vida de <\/span><span data-contrast=\"auto\">\u00e9stos, pero es precisamente un comit\u00e9 como el citado <\/span><span data-contrast=\"auto\">el <\/span><span data-contrast=\"auto\">qu<\/span><span data-contrast=\"auto\">e <\/span><span data-contrast=\"auto\">est\u00e1<\/span><span data-contrast=\"auto\"> facultado<\/span><span data-contrast=\"auto\"> para responder a tal cuesti\u00f3n y <\/span><span data-contrast=\"auto\">garantizar <\/span><span data-contrast=\"auto\">que no habr\u00e1<\/span><span data-contrast=\"auto\"> riesgos.<\/span><span data-ccp-props=\"{&quot;201341983&quot;:0,&quot;335559731&quot;:708,&quot;335559739&quot;:160,&quot;335559740&quot;:240}\">\u00a0<\/span><\/p>\n<p><span data-contrast=\"auto\">\u201cLos C<\/span><span data-contrast=\"auto\">EI <\/span><span data-contrast=\"auto\">se han convertido en espacios bio\u00e9ticos y lo que se busca es garantizar, bajo un principio de justicia<\/span><span data-contrast=\"auto\">,<\/span><span data-contrast=\"auto\"> que todo lo que se haga en t\u00e9rminos del quehacer cient\u00edfico no perjudique o ponga en riesgo la vida.\u201d<\/span><span data-ccp-props=\"{&quot;201341983&quot;:0,&quot;335559731&quot;:708,&quot;335559739&quot;:160,&quot;335559740&quot;:240}\">\u00a0<\/span><\/p>\n<p><span data-contrast=\"auto\">Mar\u00eda Teresa \u00c1lvarez <\/span><span data-contrast=\"auto\">remarc\u00f3 que un proyecto de investigaci\u00f3n para someterse a dictamen del CEI, necesariamente debe haber pasado con antelaci\u00f3n a un Comit\u00e9 de Investigaci\u00f3n<\/span><span data-contrast=\"auto\"> (con registro<\/span><span data-contrast=\"auto\"> ante la <\/span><span data-contrast=\"auto\">Comisi\u00f3n Federal para la Protecci\u00f3n contra Riesgos Sanitarios<\/span><span data-contrast=\"auto\">)<\/span><span data-contrast=\"auto\">,<\/span><span data-contrast=\"auto\"> para revisar <\/span><span data-contrast=\"auto\">los aspectos metodol\u00f3gicos y cient\u00edficos<\/span><span data-contrast=\"auto\">.<\/span><span data-ccp-props=\"{&quot;201341983&quot;:0,&quot;335559731&quot;:708,&quot;335559739&quot;:160,&quot;335559740&quot;:240}\">\u00a0<\/span><\/p>\n<p><span data-contrast=\"auto\">Por el momento, de acuerdo con la investigaci\u00f3n que se desarrolla en el ISP, ya se tiene avalado oficialmente el CEI<\/span><span data-contrast=\"auto\"> ante la instancia que corresponde,<\/span><span data-contrast=\"auto\"> y el siguiente paso es <\/span><span data-contrast=\"auto\">darle continuidad y <\/span><span data-contrast=\"auto\">formali<\/span><span data-contrast=\"auto\">zar el Comit\u00e9 de Investigaci\u00f3n.<\/span><span data-ccp-props=\"{&quot;201341983&quot;:0,&quot;335559731&quot;:708,&quot;335559739&quot;:160,&quot;335559740&quot;:240}\">\u00a0<\/span><\/p>\n<p><span data-contrast=\"auto\">Al respecto, Claudia Guti\u00e9rrez a\u00f1adi\u00f3: \u201cSi un proyecto de investigaci\u00f3n no tiene un valor cient\u00edfico y soci<\/span><span data-contrast=\"auto\">al, no es \u00e9tico desarrollarlo\u201d.<\/span><span data-ccp-props=\"{&quot;201341983&quot;:0,&quot;335559731&quot;:708,&quot;335559739&quot;:160,&quot;335559740&quot;:240}\">\u00a0<\/span><\/p>\n<p><span data-contrast=\"auto\">Por su parte, Sandra Vega precis\u00f3 que la<\/span><span data-contrast=\"auto\"> vigencia del registro para el CEI <\/span><span data-contrast=\"auto\">ante la <\/span><i><span data-contrast=\"auto\">Conbio\u00e9tica <\/span><\/i><span data-contrast=\"auto\">es por tres a\u00f1os, este periodo tambi\u00e9n es el m\u00e1ximo para los integrantes. La rotaci\u00f3n de los mismos ser\u00e1 escalonada: primero el Presidente, despu\u00e9s la Secretaria Vocal y <\/span><span data-contrast=\"auto\">posteriormente los vocales. De <\/span><span data-contrast=\"auto\">tal manera <\/span><span data-contrast=\"auto\">que siempre quede alguien que tenga conocimiento de c\u00f3mo funciona el organismo.<\/span><span data-ccp-props=\"{&quot;201341983&quot;:0,&quot;335559731&quot;:708,&quot;335559739&quot;:160,&quot;335559740&quot;:240}\">\u00a0<\/span><\/p>\n<p><span data-ccp-props=\"{&quot;201341983&quot;:0,&quot;335559739&quot;:160,&quot;335559740&quot;:240}\">\u00a0<\/span><\/p>\n<p><b><span data-contrast=\"auto\">Los retos y desaf\u00edo del c<\/span><\/b><b><span data-contrast=\"auto\">omit\u00e9<\/span><\/b><span data-ccp-props=\"{&quot;201341983&quot;:0,&quot;335559739&quot;:160,&quot;335559740&quot;:240}\">\u00a0<\/span><\/p>\n<p><span data-contrast=\"auto\">Al pregunt<\/span><span data-contrast=\"auto\">arles, qu\u00e9 significa para ellos<\/span><span data-contrast=\"auto\"> ser parte de un comit\u00e9 de esta naturaleza, <\/span><span data-contrast=\"auto\">Guti\u00e9rrez Sida <\/span><span data-contrast=\"auto\">dijo <\/span><span data-contrast=\"auto\">que se trata de un gran reto<\/span><span data-contrast=\"auto\"> pues de ellos depende que se proteja la integridad de los participantes en<\/span><span data-contrast=\"auto\"> los proyectos de investigaci\u00f3n;<\/span><span data-contrast=\"auto\"> asimismo, <\/span><span data-contrast=\"auto\">remarc\u00f3 que su labor no termina en emitir un dictamen<\/span><span data-contrast=\"auto\"> ya que<\/span> <span data-contrast=\"auto\">dar\u00e1<\/span><span data-contrast=\"auto\">n<\/span><span data-contrast=\"auto\"> continuidad cada seis meses<\/span><span data-contrast=\"auto\"> al proyecto de investigaci\u00f3n<\/span><span data-contrast=\"auto\">, para verificar que no se<\/span><span data-contrast=\"auto\"> vulneren los d<\/span><span data-contrast=\"auto\">erechos <\/span><span data-contrast=\"auto\">h<\/span><span data-contrast=\"auto\">umanos.<\/span><span data-ccp-props=\"{&quot;201341983&quot;:0,&quot;335559739&quot;:160,&quot;335559740&quot;:240}\">\u00a0<\/span><\/p>\n<p><span data-contrast=\"auto\">\u201cEs muy importante que <\/span><span data-contrast=\"auto\">cuando tengamos que dictaminar <\/span><span data-contrast=\"auto\">estemos seguros<\/span><span data-contrast=\"auto\"> de<\/span><span data-contrast=\"auto\"> que el proyecto cumple con to<\/span><span data-contrast=\"auto\">dos los requisitos estipulados.\u201d<\/span><span data-ccp-props=\"{&quot;201341983&quot;:0,&quot;335559731&quot;:708,&quot;335559739&quot;:160,&quot;335559740&quot;:240}\">\u00a0<\/span><\/p>\n<p><span data-contrast=\"auto\">\u00c1lvarez Ba\u00f1uelos habl\u00f3 de otro punto destacable: el reto de establecer un eficiente canal de comunicaci<\/span><span data-contrast=\"auto\">\u00f3n con la comunidad cient\u00edfica<\/span><span data-contrast=\"auto\">;<\/span> <span data-contrast=\"auto\">e<\/span><span data-contrast=\"auto\">s decir, \u201c<\/span><span data-contrast=\"auto\">tener la oportunidad de comunicar las razones por las cuale<\/span><span data-contrast=\"auto\">s no es viable un proyecto <\/span><span data-contrast=\"auto\">y tambi\u00e9n <\/span><span data-contrast=\"auto\">de seguir capacitando y abriendo la posibilidad<\/span><span data-contrast=\"auto\"> d<\/span><span data-contrast=\"auto\">e la educaci\u00f3n en la bio\u00e9tica\u201d.<\/span><span data-ccp-props=\"{&quot;201341983&quot;:0,&quot;335559731&quot;:708,&quot;335559739&quot;:160,&quot;335559740&quot;:240}\">\u00a0<\/span><\/p>\n<p><span data-contrast=\"auto\">Remarc\u00f3 que para tal fin hay un compromiso dentro de la Universidad y como muestra est\u00e1 el desarrollo de una jornada anual con temas <\/span><span data-contrast=\"auto\">bi<\/span><span data-contrast=\"auto\">o\u00e9<\/span><span data-contrast=\"auto\">ticos, cuya finalidad es que la comunidad acad\u00e9mica y estudiantil tenga una formaci\u00f3n permanente al respecto.<\/span><span data-ccp-props=\"{&quot;201341983&quot;:0,&quot;335559731&quot;:708,&quot;335559739&quot;:160,&quot;335559740&quot;:240}\">\u00a0<\/span><\/p>\n<p><span data-contrast=\"auto\">Ortiz Cha<\/span><span data-contrast=\"auto\">cha habl\u00f3 de lo sustantivo que es no anteponer juicio<\/span><span data-contrast=\"auto\">s<\/span><span data-contrast=\"auto\"> y prejuicios ante proyectos que son ajenos. Para ella, el hecho de que el comit\u00e9 est\u00e1 conformado por una gama de perfiles y experiencias, permite objetividad al emitir un dictamen y aleja \u201cenmascarar ideales o ideolog\u00eda personal\u201d.<\/span><span data-ccp-props=\"{&quot;201341983&quot;:0,&quot;335559731&quot;:708,&quot;335559739&quot;:160,&quot;335559740&quot;:240}\">\u00a0<\/span><\/p>\n<p><span data-contrast=\"auto\">Cinta Loaiza <\/span><span data-contrast=\"auto\">dijo que ante la palabra \u201c\u00e9tica\u201d lo que normalmente <\/span><span data-contrast=\"auto\">se asocia s<\/span><span data-contrast=\"auto\">on los valores,<\/span><span data-contrast=\"auto\"> pero cada persona interpreta <\/span><span data-contrast=\"auto\">\u00e9stos <\/span><span data-contrast=\"auto\">desde su contexto. N<\/span><span data-contrast=\"auto\">o obstante,<\/span><span data-contrast=\"auto\"> \u201cla bio\u00e9tica tiene que ser fundamentada, esa posici\u00f3n debe ser lo m\u00e1s posiblemente objetiva, basada en evidencias\u201d.<\/span><span data-ccp-props=\"{&quot;201341983&quot;:0,&quot;335559731&quot;:708,&quot;335559739&quot;:160,&quot;335559740&quot;:240}\">\u00a0<\/span><\/p>\n<p><span data-contrast=\"auto\">Vega Villamar enfatiz\u00f3 que para ella representa todo un <\/span><span data-contrast=\"auto\">reto el<\/span><span data-contrast=\"auto\"> ser parte de este <\/span><span data-contrast=\"auto\">c<\/span><span data-contrast=\"auto\">omit\u00e9, <\/span><span data-contrast=\"auto\">de inici<\/span><span data-contrast=\"auto\">o <\/span><span data-contrast=\"auto\">por <\/span><span data-contrast=\"auto\">entender toda la normatividad, posteriormente actualizarse y conocer de \u00e9tica y bio\u00e9tica para salvaguardar la integridad d<\/span><span data-contrast=\"auto\">e los sujetos de investigaci\u00f3n.<\/span><span data-ccp-props=\"{&quot;201341983&quot;:0,&quot;335559731&quot;:708,&quot;335559739&quot;:160,&quot;335559740&quot;:240}\">\u00a0<\/span><\/p>\n<p><span data-contrast=\"auto\">Finalmente, Morales Romero remarc\u00f3 que un desaf\u00edo m\u00e1s es <\/span><span data-contrast=\"auto\">el de <\/span><span data-contrast=\"auto\">la congruencia: \u201cEstamos comprometidos a actuar de manera colegiada; bajo consenso, di\u00e1logo e intercambio de opiniones e ideas; tratando de quitar sesgos de tipo ideol\u00f3gico y pol\u00edtico. Sobre todo, actualizarnos; esto debe ser permanente. Al mismo tiempo, en la medida de nuestras posibilidades, difundir la \u00e9tica y bio\u00e9tica hacia quien nos los solicite\u201d.<\/span><span data-ccp-props=\"{&quot;201341983&quot;:0,&quot;335559731&quot;:708,&quot;335559739&quot;:160,&quot;335559740&quot;:240}\">\u00a0<\/span><\/p>\n","protected":false},"excerpt":{"rendered":"<p>La Comisi\u00f3n Nacional de Bio\u00e9tica es un \u00f3rgano desconcentrado de la Secretar\u00eda de Salud del Gobierno Federal<\/p>\n","protected":false},"author":1869,"featured_media":67588,"comment_status":"closed","ping_status":"closed","sticky":false,"template":"","format":"standard","meta":[],"categories":[61],"tags":[],"_links":{"self":[{"href":"https:\/\/www.uv.mx\/prensa\/wp-json\/wp\/v2\/posts\/67568"}],"collection":[{"href":"https:\/\/www.uv.mx\/prensa\/wp-json\/wp\/v2\/posts"}],"about":[{"href":"https:\/\/www.uv.mx\/prensa\/wp-json\/wp\/v2\/types\/post"}],"author":[{"embeddable":true,"href":"https:\/\/www.uv.mx\/prensa\/wp-json\/wp\/v2\/users\/1869"}],"replies":[{"embeddable":true,"href":"https:\/\/www.uv.mx\/prensa\/wp-json\/wp\/v2\/comments?post=67568"}],"version-history":[{"count":0,"href":"https:\/\/www.uv.mx\/prensa\/wp-json\/wp\/v2\/posts\/67568\/revisions"}],"wp:featuredmedia":[{"embeddable":true,"href":"https:\/\/www.uv.mx\/prensa\/wp-json\/wp\/v2\/media\/67588"}],"wp:attachment":[{"href":"https:\/\/www.uv.mx\/prensa\/wp-json\/wp\/v2\/media?parent=67568"}],"wp:term":[{"taxonomy":"category","embeddable":true,"href":"https:\/\/www.uv.mx\/prensa\/wp-json\/wp\/v2\/categories?post=67568"},{"taxonomy":"post_tag","embeddable":true,"href":"https:\/\/www.uv.mx\/prensa\/wp-json\/wp\/v2\/tags?post=67568"}],"curies":[{"name":"wp","href":"https:\/\/api.w.org\/{rel}","templated":true}]}}