{"id":67570,"date":"2019-05-08T14:05:19","date_gmt":"2019-05-08T19:05:19","guid":{"rendered":"https:\/\/www.uv.mx\/prensa\/?p=67570"},"modified":"2019-05-09T11:49:55","modified_gmt":"2019-05-09T16:49:55","slug":"iih-s-impartira-diplomado-sobre-politicas-publicas-para-jovenes","status":"publish","type":"post","link":"https:\/\/www.uv.mx\/prensa\/eventos\/iih-s-impartira-diplomado-sobre-politicas-publicas-para-jovenes\/","title":{"rendered":"IIH-S impartir\u00e1 diplomado sobre pol\u00edticas p\u00fablicas para j\u00f3venes"},"content":{"rendered":"<ul>\n<li><i><span data-contrast=\"auto\">Iniciar\u00e1 el primero de junio, mayor informaci\u00f3n sobre requisitos y\u00a0<\/span><\/i><i><span data-contrast=\"auto\">costos al correo <\/span><\/i><a href=\"mailto:rml.iihs@gmail.com\"><i><span data-contrast=\"none\">rml.iihs@gmail.com<\/span><\/i><\/a><\/li>\n<\/ul>\n<p>&nbsp;<\/p>\n<div id=\"attachment_67571\" style=\"width: 732px\" class=\"wp-caption aligncenter\"><a href=\"https:\/\/www.uv.mx\/prensa\/files\/2019\/05\/070519-PAOLA-Diplomado-IIH-S.jpg\"><img aria-describedby=\"caption-attachment-67571\" decoding=\"async\" loading=\"lazy\" class=\"size-full wp-image-67571\" src=\"https:\/\/www.uv.mx\/prensa\/files\/2019\/05\/070519-PAOLA-Diplomado-IIH-S.jpg\" alt=\"\" width=\"722\" height=\"478\" srcset=\"https:\/\/www.uv.mx\/prensa\/files\/2019\/05\/070519-PAOLA-Diplomado-IIH-S.jpg 722w, https:\/\/www.uv.mx\/prensa\/files\/2019\/05\/070519-PAOLA-Diplomado-IIH-S-300x199.jpg 300w\" sizes=\"(max-width: 722px) 100vw, 722px\" \/><\/a><p id=\"caption-attachment-67571\" class=\"wp-caption-text\">V\u00edctor Manuel Andrade y Alfredo Zavaleta, investigadores del IIH-S<\/p><\/div>\n<p>&nbsp;<\/p>\n<p><b><i><span data-contrast=\"auto\">Paola Cort\u00e9s P\u00e9rez<\/span><\/i><\/b><span data-ccp-props=\"{}\">\u00a0<\/span><\/p>\n<p><b><i><span data-contrast=\"auto\">08\/05\/<\/span><\/i><\/b><b><i><span data-contrast=\"auto\">20<\/span><\/i><\/b><b><i><span data-contrast=\"auto\">19, Xalapa, Ver.-<\/span><\/i><\/b> <span data-contrast=\"auto\">El Instituto de Investigaciones Hist\u00f3rico-Sociales (IIH-S) de la Universidad Veracruzana (UV) invita a la comunidad universitaria y a la gente interesada a cursar el Diplomado <\/span><span data-contrast=\"auto\">\u201c<\/span><span data-contrast=\"auto\">Gesti\u00f3n de <\/span><span data-contrast=\"auto\">v<\/span><span data-contrast=\"auto\">iolencias, <\/span><span data-contrast=\"auto\">m<\/span><span data-contrast=\"auto\">ediaci\u00f3n y <\/span><span data-contrast=\"auto\">r<\/span><span data-contrast=\"auto\">esiliencia<\/span><span data-contrast=\"auto\"> en j\u00f3venes en e<\/span><span data-contrast=\"auto\">ntornos de <\/span><span data-contrast=\"auto\">v<\/span><span data-contrast=\"auto\">ulnerabilidad<\/span><span data-contrast=\"auto\">\u201d<\/span><span data-contrast=\"auto\">, el cual iniciar\u00e1 actividades el pr\u00f3ximo primero de junio del presente a\u00f1o.<\/span><span data-ccp-props=\"{}\">\u00a0<\/span><\/p>\n<p><span data-contrast=\"auto\">El <\/span><span data-contrast=\"auto\">diplomado es organizado por el c<\/span><span data-contrast=\"auto\">uerpo <\/span><span data-contrast=\"auto\">a<\/span><span data-contrast=\"auto\">cad\u00e9mico<\/span><span data-contrast=\"auto\"> (CA)<\/span><span data-contrast=\"auto\"> Estudios Sociopol\u00edticos, coordinado por <\/span><span data-contrast=\"auto\">V\u00edctor Manuel Andrade Guevara<\/span><span data-contrast=\"auto\">, investigador adscrito al IIH-S.<\/span><span data-ccp-props=\"{&quot;335559731&quot;:708}\">\u00a0<\/span><\/p>\n<p><span data-contrast=\"auto\">Alfredo Zavaleta Betancourt, investigador del IIH-S e integrante de dicho CA, <\/span><span data-contrast=\"auto\">dijo que el objetivo es desarrollar competencias orientadas al dise\u00f1o e implementaci\u00f3n de pol\u00edticas p\u00fablicas <\/span><span data-contrast=\"auto\">para j\u00f3venes desde los j\u00f3venes; \u201cque l<\/span><span data-contrast=\"auto\">os participantes comprendan la diferencia entre desarrollar <\/span><span data-contrast=\"auto\">pol\u00edticas p\u00fablicas desde arriba<\/span><span data-contrast=\"auto\"> a hacerlas desde abajo con la cooperaci\u00f3n de los actores sociales, en este caso <\/span><span data-contrast=\"auto\">los j\u00f3venes<\/span><span data-contrast=\"auto\">\u201d<\/span><span data-contrast=\"auto\">.<\/span><span data-ccp-props=\"{&quot;335559731&quot;:708}\">\u00a0<\/span><\/p>\n<p><span data-contrast=\"auto\">V\u00edctor Manuel Andrade coment\u00f3 que <\/span><span data-contrast=\"auto\">la meta es que las pol\u00edticas p\u00fablicas se elaboren a partir del an\u00e1lisis, estudio y diagn\u00f3stico, considerando la realidad en <\/span><span data-contrast=\"auto\">que ser<\/span><span data-contrast=\"auto\">\u00e1n aplicadas, para ello debe<\/span><span data-contrast=\"auto\"> recog<\/span><span data-contrast=\"auto\">erse la opini\u00f3n, participaci\u00f3n y aspiraciones de los j\u00f3venes, quienes se desarrollan en un entorno bastante problem\u00e1tico.<\/span><span data-ccp-props=\"{&quot;335559731&quot;:708}\">\u00a0<\/span><\/p>\n<p><span data-contrast=\"auto\">\u201c<\/span><span data-contrast=\"auto\">Tenemos que ver el abanico de variables que genera esta falta de oportunidades para los j\u00f3venes, <\/span><span data-contrast=\"auto\">lo cual ocasiona que<\/span><span data-contrast=\"auto\"> haya respuestas violentas o buscan reaccionar dentro de los cauces legales<\/span><span data-contrast=\"auto\">.\u201d<\/span><span data-ccp-props=\"{&quot;335559731&quot;:708}\">\u00a0<\/span><\/p>\n<p><span data-contrast=\"auto\">Alfredo Zavaleta m<\/span><span data-contrast=\"auto\">encion\u00f3 que <\/span><span data-contrast=\"auto\">el diplomado <\/span><span data-contrast=\"auto\">est\u00e1 dirigido a operadores de organizaciones civiles, de la pol\u00edtica p\u00fablica orientada a los j\u00f3venes, <\/span><span data-contrast=\"auto\">profesionales interesados en la intervenci\u00f3n en este campo, a los encargados gubernamentales y a los j\u00f3venes.<\/span><span data-ccp-props=\"{&quot;335559731&quot;:708}\">\u00a0<\/span><\/p>\n<p><span data-contrast=\"auto\">\u201cEs un proyecto que tiene una orientaci\u00f3n de sociolog\u00eda y pol\u00edtica p\u00fablica, tiene un componente te\u00f3rico-pr\u00e1ctico.\u201d<\/span><span data-ccp-props=\"{&quot;335559731&quot;:708}\">\u00a0<\/span><\/p>\n<p><span data-contrast=\"auto\">El programa del diplomado est\u00e1 organizado en siete m\u00f3dulos: <\/span><span data-contrast=\"auto\">Las trayectorias juveniles en entornos de violencia; Las oportunidades de implementaci\u00f3n localizada de pol\u00edticas p\u00fablicas para j\u00f3venes en barrios urbanos; Las pol\u00edticas p\u00fablicas para j\u00f3venes en perspectiva compar<\/span><span data-contrast=\"auto\">ada en M\u00e9xico; <\/span><span data-contrast=\"auto\">Las cadenas de violencia intrafamiliar y la educaci\u00f3n para padres. C\u00f3mo abordarlo desde la escuela; Las cadenas de violencia en las escuelas y la formaci\u00f3n c\u00edvica y \u00e9tica; Las cadenas de violencia juvenil, mediaci\u00f3n y resiliencia, y La socializaci\u00f3n de los j\u00f3venes en tornos de violencia y construcci\u00f3n de paz.<\/span><span data-ccp-props=\"{&quot;335559731&quot;:708}\">\u00a0<\/span><\/p>\n<p><span data-contrast=\"auto\">La duraci\u00f3n del diplomado es de 28 sesiones sabatinas<\/span><span data-contrast=\"auto\">, inicia el primero de junio, de 10:00 a 14:00 horas, en las instalacione<\/span><span data-contrast=\"auto\">s del <\/span><span data-contrast=\"auto\">i<\/span><span data-contrast=\"auto\">nstituto; para el <\/span><span data-contrast=\"auto\">primer d\u00eda <\/span><span data-contrast=\"auto\">de actividades est\u00e1 programada una conferencia magistral.<\/span><span data-ccp-props=\"{&quot;335559731&quot;:708}\">\u00a0<\/span><\/p>\n<p><span data-contrast=\"auto\">\u201cCreemos que es un buen momento para contribuir a la discusi\u00f3n en materia de<\/span><span data-contrast=\"auto\"> pol\u00edticas p\u00fablicas en el pa\u00eds, porque hay pocas pol\u00edticas enfocadas a los j\u00f3venes y las que existen son necesarias <\/span><span data-contrast=\"auto\">pero no suficientes.<\/span><span data-ccp-props=\"{&quot;335559731&quot;:708}\">\u00a0<\/span><\/p>\n<p><span data-contrast=\"auto\">\u201dTodos los participantes estamos convencidos que es fundamental \u2013en este ciclo del pa\u00eds\u2013 dise\u00f1ar e implementar pol\u00edticas p\u00fablicas como comunidad cient\u00edfica, y el compartir distintas experiencias de diferentes sectores puede contribuir al reconocimiento y visibilidad de estas pol\u00edticas p\u00fablicas.\u201d<\/span><span data-ccp-props=\"{&quot;335559731&quot;:708}\">\u00a0<\/span><\/p>\n<p><span data-contrast=\"auto\">Para mayor informaci\u00f3n sobre los requisitos y costo del diplomado<\/span><span data-contrast=\"auto\">,<\/span><span data-contrast=\"auto\"> escribir al correo <\/span><a href=\"mailto:rml.iihs@gmail.com\"><span data-contrast=\"none\">rml.iihs<\/span><span data-contrast=\"none\">@<\/span><span data-contrast=\"none\">gmail.com<\/span><\/a><span data-contrast=\"auto\">, con Ricardo Mart\u00ednez Luna.<\/span><span data-ccp-props=\"{&quot;335559731&quot;:708}\">\u00a0<\/span><\/p>\n<p>&nbsp;<\/p>\n","protected":false},"excerpt":{"rendered":"<p>El investigador Alfredo Zavaleta Betancourt dijo que el objetivo es desarrollar competencias orientadas al dise\u00f1o e implementaci\u00f3n de pol\u00edticas p\u00fablicas para j\u00f3venes desde los j\u00f3venes. <\/p>\n","protected":false},"author":1810,"featured_media":67571,"comment_status":"closed","ping_status":"closed","sticky":false,"template":"","format":"standard","meta":[],"categories":[47],"tags":[],"_links":{"self":[{"href":"https:\/\/www.uv.mx\/prensa\/wp-json\/wp\/v2\/posts\/67570"}],"collection":[{"href":"https:\/\/www.uv.mx\/prensa\/wp-json\/wp\/v2\/posts"}],"about":[{"href":"https:\/\/www.uv.mx\/prensa\/wp-json\/wp\/v2\/types\/post"}],"author":[{"embeddable":true,"href":"https:\/\/www.uv.mx\/prensa\/wp-json\/wp\/v2\/users\/1810"}],"replies":[{"embeddable":true,"href":"https:\/\/www.uv.mx\/prensa\/wp-json\/wp\/v2\/comments?post=67570"}],"version-history":[{"count":0,"href":"https:\/\/www.uv.mx\/prensa\/wp-json\/wp\/v2\/posts\/67570\/revisions"}],"wp:featuredmedia":[{"embeddable":true,"href":"https:\/\/www.uv.mx\/prensa\/wp-json\/wp\/v2\/media\/67571"}],"wp:attachment":[{"href":"https:\/\/www.uv.mx\/prensa\/wp-json\/wp\/v2\/media?parent=67570"}],"wp:term":[{"taxonomy":"category","embeddable":true,"href":"https:\/\/www.uv.mx\/prensa\/wp-json\/wp\/v2\/categories?post=67570"},{"taxonomy":"post_tag","embeddable":true,"href":"https:\/\/www.uv.mx\/prensa\/wp-json\/wp\/v2\/tags?post=67570"}],"curies":[{"name":"wp","href":"https:\/\/api.w.org\/{rel}","templated":true}]}}