{"id":67578,"date":"2019-05-08T14:17:02","date_gmt":"2019-05-08T19:17:02","guid":{"rendered":"https:\/\/www.uv.mx\/prensa\/?p=67578"},"modified":"2019-05-09T11:52:50","modified_gmt":"2019-05-09T16:52:50","slug":"casa-del-lago-uv-alojara-ix-festival-veracruzano-de-danza-jorge-luis-ortiz","status":"publish","type":"post","link":"https:\/\/www.uv.mx\/prensa\/cultura\/casa-del-lago-uv-alojara-ix-festival-veracruzano-de-danza-jorge-luis-ortiz\/","title":{"rendered":"Casa del Lago UV alojar\u00e1 XI Festival Veracruzano de Danza \u201cJorge Luis Ortiz\u201d"},"content":{"rendered":"<ul>\n<li><i><span data-contrast=\"auto\">Los d\u00edas <\/span><\/i><i><span data-contrast=\"auto\">13 y 14 de mayo, de 10:00 a 13:00 y de 17:00 a 20:00\u00a0<\/span><\/i><i><span data-contrast=\"auto\">horas<\/span><\/i><\/li>\n<\/ul>\n<p>&nbsp;<\/p>\n<div id=\"attachment_67579\" style=\"width: 732px\" class=\"wp-caption aligncenter\"><a href=\"https:\/\/www.uv.mx\/prensa\/files\/2019\/05\/07052019-KARINA-Festival-de-Danza-ok.jpg\"><img aria-describedby=\"caption-attachment-67579\" decoding=\"async\" loading=\"lazy\" class=\"size-full wp-image-67579\" src=\"https:\/\/www.uv.mx\/prensa\/files\/2019\/05\/07052019-KARINA-Festival-de-Danza-ok.jpg\" alt=\"\" width=\"722\" height=\"934\" srcset=\"https:\/\/www.uv.mx\/prensa\/files\/2019\/05\/07052019-KARINA-Festival-de-Danza-ok.jpg 722w, https:\/\/www.uv.mx\/prensa\/files\/2019\/05\/07052019-KARINA-Festival-de-Danza-ok-232x300.jpg 232w\" sizes=\"(max-width: 722px) 100vw, 722px\" \/><\/a><p id=\"caption-attachment-67579\" class=\"wp-caption-text\">El acceso a todas las actividades es gratuito<\/p><\/div>\n<p>&nbsp;<\/p>\n<p><b><i><span data-contrast=\"auto\">08\/05\/2019, Xalapa, Ver.- <\/span><\/i><\/b><span data-contrast=\"auto\">Con motivo de su <\/span><span data-contrast=\"auto\">21<\/span> <span data-contrast=\"auto\">a<\/span><span data-contrast=\"auto\">niversario, la Organizaci\u00f3n Cultural Vera-Danza, en coordin<\/span><span data-contrast=\"auto\">aci\u00f3n con <\/span><span data-contrast=\"auto\">l<\/span><span data-contrast=\"auto\">a Casa del Lago de la Universidad Veracruzana (UV)<\/span><span data-contrast=\"auto\"> y Artistas Esc\u00e9nicos<\/span><span data-contrast=\"auto\"> de Xalapa, desarrollar\u00e1 <\/span><span data-contrast=\"auto\">los d\u00edas <\/span><span data-contrast=\"auto\">13 y 14 de mayo<\/span> <span data-contrast=\"auto\">el<\/span> <span data-contrast=\"auto\">XI Festival Veracruzano de Danza <\/span><span data-contrast=\"auto\">\u201c<\/span><span data-contrast=\"auto\">Jorge Luis Ortiz<\/span><span data-contrast=\"auto\">\u201d.<\/span><span data-ccp-props=\"{&quot;134233279&quot;:true,&quot;201341983&quot;:0,&quot;335559739&quot;:160,&quot;335559740&quot;:240}\">\u00a0<\/span><\/p>\n<p><span data-contrast=\"auto\">El programa se desarrollar\u00e1<\/span><span data-contrast=\"auto\"> en la Sala de Actividades Complemen<\/span><span data-contrast=\"auto\">tarias de la casa universitaria de las artes<\/span><span data-contrast=\"auto\">, de 10:00 a 13:00 <\/span><span data-contrast=\"auto\">y de 17:00 a 20:00 horas, y contar\u00e1 con la participaci\u00f3n de personalidades art\u00edsticas<\/span><span data-contrast=\"auto\"> del \u00e1mbito estatal y nacional.<\/span><span data-ccp-props=\"{&quot;134233279&quot;:true,&quot;201341983&quot;:0,&quot;335559739&quot;:160,&quot;335559740&quot;:240}\">\u00a0<\/span><\/p>\n<p><span data-contrast=\"auto\">El programa general contempla: una exposici\u00f3n de fotograf\u00edas<\/span><span data-contrast=\"auto\"> de las versiones <\/span><span data-contrast=\"auto\">pasadas del Festival<\/span><span data-contrast=\"auto\"> Veracruzano de Danza y del Premio <\/span><span data-contrast=\"auto\">\u201c<\/span><span data-contrast=\"auto\">Guillermina Bravo<\/span><span data-contrast=\"auto\">\u201d<\/span><span data-contrast=\"auto\">; la<\/span><span data-contrast=\"auto\"> presentaci<\/span><span data-contrast=\"auto\">\u00f3<\/span><span data-contrast=\"auto\">n de <\/span><span data-contrast=\"auto\">los<\/span><span data-contrast=\"auto\"> libros<\/span> <i><span data-contrast=\"auto\">Acercamiento al <\/span><\/i><i><span data-contrast=\"auto\">b<\/span><\/i><i><span data-contrast=\"auto\">allet, <\/span><\/i><i><span data-contrast=\"auto\">d<\/span><\/i><i><span data-contrast=\"auto\">anza <\/span><\/i><i><span data-contrast=\"auto\">m<\/span><\/i><i><span data-contrast=\"auto\">oderna y <\/span><\/i><i><span data-contrast=\"auto\">c<\/span><\/i><i><span data-contrast=\"auto\">ontempor\u00e1nea en el <\/span><\/i><i><span data-contrast=\"auto\">e<\/span><\/i><i><span data-contrast=\"auto\">stado de Veracruz<\/span><\/i><span data-contrast=\"auto\">, <\/span><i><span data-contrast=\"auto\">1940-2025<\/span><\/i> <span data-contrast=\"auto\">de Daniel E. Acevedo Ituarte, <\/span><i><span data-contrast=\"auto\">D<\/span><\/i><i><span data-contrast=\"auto\">el Barroco a <\/span><\/i><i><span data-contrast=\"auto\">McCandless<\/span><\/i><span data-contrast=\"auto\"> de Eduardo Mier, y <\/span><i><span data-contrast=\"auto\">Entre <\/span><\/i><i><span data-contrast=\"auto\">l<\/span><\/i><i><span data-contrast=\"auto\">a <\/span><\/i><i><span data-contrast=\"auto\">t<\/span><\/i><i><span data-contrast=\"auto\">ragedia y <\/span><\/i><i><span data-contrast=\"auto\">la c<\/span><\/i><i><span data-contrast=\"auto\">omedia<\/span><\/i><i><span data-contrast=\"auto\">:<\/span><\/i><i><span data-contrast=\"auto\"> siempre <\/span><\/i><i><span data-contrast=\"auto\">l<\/span><\/i><i><span data-contrast=\"auto\">a <\/span><\/i><i><span data-contrast=\"auto\">m<\/span><\/i><i><span data-contrast=\"auto\">\u00e1scara<\/span><\/i><span data-contrast=\"auto\"> de Julio C\u00e9sar Mart\u00ednez<\/span><span data-contrast=\"auto\">.<\/span><span data-ccp-props=\"{&quot;134233279&quot;:true,&quot;201341983&quot;:0,&quot;335559739&quot;:160,&quot;335559740&quot;:240}\">\u00a0<\/span><\/p>\n<p><span data-contrast=\"auto\">Asimismo,<\/span><span data-contrast=\"auto\"> una conferencia<\/span><span data-contrast=\"auto\"> del acad\u00e9mico de la Facultad de Teatro<\/span><span data-contrast=\"auto\"> de la UV<\/span><span data-contrast=\"auto\">,<\/span><span data-contrast=\"auto\"> Sabino Cruz Viveros;<\/span><span data-contrast=\"auto\"> un conversatorio<\/span><span data-contrast=\"auto\"> con la participaci\u00f3n de los <\/span><span data-contrast=\"auto\">egresados de la Licenciatura<\/span><span data-contrast=\"auto\"> en Danza<\/span><span data-contrast=\"auto\">,<\/span><span data-contrast=\"auto\"> Laura <\/span><span data-contrast=\"auto\">Uscanga<\/span><span data-contrast=\"auto\">, Luis (<\/span><span data-contrast=\"auto\">Termi<\/span><span data-contrast=\"auto\">) Vallejo y Braulio Escamilla;<\/span><span data-contrast=\"auto\"> una proyecci\u00f3n de danzas del repertorio de Vera-Danza<\/span><span data-contrast=\"auto\">,<\/span> <span data-contrast=\"auto\">comentada <\/span><span data-contrast=\"auto\">por ex<\/span> <span data-contrast=\"auto\">integrantes,<\/span><span data-contrast=\"auto\"> y la entrega de los <\/span><span data-contrast=\"auto\">p<\/span><span data-contrast=\"auto\">remios <\/span><span data-contrast=\"auto\">\u201c<\/span><span data-contrast=\"auto\">Guillermina Bravo<\/span><span data-contrast=\"auto\">\u201d<\/span><span data-contrast=\"auto\"> a la trayectoria coreogr\u00e1fica<\/span><span data-contrast=\"auto\"> del<\/span><span data-contrast=\"auto\"> maestro Jaime <\/span><span data-contrast=\"auto\">Blanc<\/span><span data-contrast=\"auto\">;<\/span> <span data-contrast=\"auto\">\u201c<\/span><span data-contrast=\"auto\">Alejandro Schwartz<\/span><span data-contrast=\"auto\">\u201d<\/span><span data-contrast=\"auto\"> a la trayectoria art\u00edstica<\/span> <span data-contrast=\"auto\">de <\/span><span data-contrast=\"auto\">la maestra <\/span><span data-contrast=\"auto\">Isandra<\/span><span data-contrast=\"auto\"> Reyes<\/span><span data-contrast=\"auto\">;<\/span><span data-contrast=\"auto\"> y <\/span><span data-contrast=\"auto\">\u201c<\/span><span data-contrast=\"auto\">Pedro R. de la Sota<\/span><span data-contrast=\"auto\">\u201d por<\/span><span data-contrast=\"auto\"> la labor docente en <\/span><span data-contrast=\"auto\">el <\/span><span data-contrast=\"auto\">b<\/span><span data-contrast=\"auto\">al<\/span><span data-contrast=\"auto\">let c<\/span><span data-contrast=\"auto\">l\u00e1sico<\/span><span data-contrast=\"auto\"> a<\/span><span data-contrast=\"auto\"> Carmen (<\/span><span data-contrast=\"auto\">Kikis<\/span><span data-contrast=\"auto\">) Montejo.<\/span><span data-ccp-props=\"{&quot;134233279&quot;:true,&quot;201341983&quot;:0,&quot;335559731&quot;:708,&quot;335559739&quot;:160,&quot;335559740&quot;:240}\">\u00a0<\/span><\/p>\n","protected":false},"excerpt":{"rendered":"<p>El programa se desarrollar\u00e1 en la Sala de Actividades Complementarias de la casa universitaria de las artes, de 10:00 a 13:00 y de 17:00 a 20:00 horas<\/p>\n","protected":false},"author":1809,"featured_media":67579,"comment_status":"closed","ping_status":"closed","sticky":false,"template":"","format":"standard","meta":[],"categories":[11],"tags":[],"_links":{"self":[{"href":"https:\/\/www.uv.mx\/prensa\/wp-json\/wp\/v2\/posts\/67578"}],"collection":[{"href":"https:\/\/www.uv.mx\/prensa\/wp-json\/wp\/v2\/posts"}],"about":[{"href":"https:\/\/www.uv.mx\/prensa\/wp-json\/wp\/v2\/types\/post"}],"author":[{"embeddable":true,"href":"https:\/\/www.uv.mx\/prensa\/wp-json\/wp\/v2\/users\/1809"}],"replies":[{"embeddable":true,"href":"https:\/\/www.uv.mx\/prensa\/wp-json\/wp\/v2\/comments?post=67578"}],"version-history":[{"count":0,"href":"https:\/\/www.uv.mx\/prensa\/wp-json\/wp\/v2\/posts\/67578\/revisions"}],"wp:featuredmedia":[{"embeddable":true,"href":"https:\/\/www.uv.mx\/prensa\/wp-json\/wp\/v2\/media\/67579"}],"wp:attachment":[{"href":"https:\/\/www.uv.mx\/prensa\/wp-json\/wp\/v2\/media?parent=67578"}],"wp:term":[{"taxonomy":"category","embeddable":true,"href":"https:\/\/www.uv.mx\/prensa\/wp-json\/wp\/v2\/categories?post=67578"},{"taxonomy":"post_tag","embeddable":true,"href":"https:\/\/www.uv.mx\/prensa\/wp-json\/wp\/v2\/tags?post=67578"}],"curies":[{"name":"wp","href":"https:\/\/api.w.org\/{rel}","templated":true}]}}