{"id":67687,"date":"2019-05-09T15:34:25","date_gmt":"2019-05-09T20:34:25","guid":{"rendered":"https:\/\/www.uv.mx\/prensa\/?p=67687"},"modified":"2019-05-09T20:39:36","modified_gmt":"2019-05-10T01:39:36","slug":"banco-santander-entrego-285-mil-pesos-para-movilidad-estudiantil-de-la-uv","status":"publish","type":"post","link":"https:\/\/www.uv.mx\/prensa\/banner\/banco-santander-entrego-285-mil-pesos-para-movilidad-estudiantil-de-la-uv\/","title":{"rendered":"Banco Santander entreg\u00f3 285 mil pesos para movilidad estudiantil de la UV"},"content":{"rendered":"<ul>\n<li data-leveltext=\"\uf0b7\" data-font=\"Symbol\" data-listid=\"1\" data-aria-posinset=\"1\" data-aria-level=\"1\"><i><span data-contrast=\"auto\">S<\/span><\/i><i><span data-contrast=\"auto\">e<\/span><\/i><i><span data-contrast=\"auto\"> destinar\u00e1n a<\/span><\/i><i><span data-contrast=\"auto\"> becas <\/span><\/i><i><span data-contrast=\"auto\">para <\/span><\/i><i><span data-contrast=\"auto\">cuatro alumnos en instituciones nacionales, dos en el extranjero y uno para obtener un grado acad\u00e9mico de m\u00e1ster<\/span><\/i><span data-ccp-props=\"{&quot;134233279&quot;:true}\">\u00a0<\/span><\/li>\n<\/ul>\n<p>&nbsp;<\/p>\n<div id=\"attachment_67686\" style=\"width: 732px\" class=\"wp-caption aligncenter\"><a href=\"https:\/\/www.uv.mx\/prensa\/files\/2019\/05\/090519-Santander.jpg\"><img aria-describedby=\"caption-attachment-67686\" decoding=\"async\" loading=\"lazy\" class=\"wp-image-67686 size-full\" src=\"https:\/\/www.uv.mx\/prensa\/files\/2019\/05\/090519-Santander.jpg\" alt=\"\" width=\"722\" height=\"481\" srcset=\"https:\/\/www.uv.mx\/prensa\/files\/2019\/05\/090519-Santander.jpg 722w, https:\/\/www.uv.mx\/prensa\/files\/2019\/05\/090519-Santander-300x200.jpg 300w\" sizes=\"(max-width: 722px) 100vw, 722px\" \/><\/a><p id=\"caption-attachment-67686\" class=\"wp-caption-text\">Loudav Modad, Salvador Tapia, Dami\u00e1n de los Cobos, Mario Oliva, Evangelina Murcia y Daniel Romero en la entrega del recurso para los estudiantes<\/p><\/div>\n<p>&nbsp;<\/p>\n<p><b><i><span data-contrast=\"auto\">David Sandoval Rodr\u00edguez<\/span><\/i><\/b><span data-ccp-props=\"{}\">\u00a0<\/span><\/p>\n<p><b><i><span data-contrast=\"auto\">09\/05\/<\/span><\/i><\/b><b><i><span data-contrast=\"auto\">19<\/span><\/i><\/b><b><i><span data-contrast=\"auto\">,<\/span><\/i><\/b><b><i><span data-contrast=\"auto\"> Xalapa, Ver.- <\/span><\/i><\/b><span data-contrast=\"auto\">La Universidad Veracruzana (UV) recibi\u00f3 del Banco Santander 285 mil pesos para becas de movilidad nacional<\/span><span data-contrast=\"auto\"> e<\/span><span data-contrast=\"auto\"> internacional<\/span><span data-contrast=\"auto\">, as\u00ed como<\/span><span data-contrast=\"auto\"> para j\u00f3venes profesionales, <\/span><span data-contrast=\"auto\">que se <\/span><span data-contrast=\"auto\">destina<\/span><span data-contrast=\"auto\">r\u00e1n <\/span><span data-contrast=\"auto\">a los universitarios dentro del <\/span><span data-contrast=\"auto\">Programa de Movilidad de la UV (<\/span><i><span data-contrast=\"auto\">Promuv<\/span><\/i><span data-contrast=\"auto\">)<\/span><span data-contrast=\"auto\">.<\/span><span data-ccp-props=\"{}\">\u00a0<\/span><\/p>\n<p><span data-contrast=\"auto\">El recurso fue entregado en la <\/span><span data-contrast=\"auto\">Secretar\u00eda de Administraci\u00f3n y Finanzas (SAF)<\/span><span data-contrast=\"auto\">, donde el titular, Salvador Tapia Spinoso, recibi\u00f3 a <\/span><span data-contrast=\"auto\">Dami\u00e1n de los Cobos<\/span><span data-contrast=\"auto\"> Uribe, <\/span><span data-contrast=\"auto\">s<\/span><span data-contrast=\"auto\">ubdirector Regional S<\/span><span data-contrast=\"auto\">ureste<\/span><span data-contrast=\"auto\">,<\/span> <span data-contrast=\"auto\">y <\/span><span data-contrast=\"auto\">Loudav<\/span> <span data-contrast=\"auto\">Modad<\/span><span data-contrast=\"auto\"> Salas, d<\/span><span data-contrast=\"auto\">irectora estatal de la Divisi\u00f3n de Banca de Gobierno e In<\/span><span data-contrast=\"auto\">stituciones de <\/span><span data-contrast=\"auto\">Banco Santander<\/span><span data-contrast=\"auto\"> M\u00e9xico<\/span><span data-contrast=\"auto\">.<\/span><span data-ccp-props=\"{}\">\u00a0<\/span><\/p>\n<p><span data-contrast=\"auto\">E<\/span><span data-contrast=\"auto\">l <\/span><span data-contrast=\"auto\">titular de la SAF<\/span><span data-contrast=\"auto\"> estuvo acompa\u00f1ado por <\/span><span data-contrast=\"auto\">Mario Oliva Su\u00e1rez, <\/span><span data-contrast=\"auto\">d<\/span><span data-contrast=\"auto\">irec<\/span><span data-contrast=\"auto\">tor g<\/span><span data-contrast=\"auto\">eneral de Relaciones Internacionales<\/span><span data-contrast=\"auto\">;<\/span> <span data-contrast=\"auto\">Daniel Romero Le\u00f3n, coordinador del <\/span><i><span data-contrast=\"auto\">Promuv<\/span><\/i><span data-contrast=\"auto\">,<\/span><span data-contrast=\"auto\"> y <\/span><span data-contrast=\"auto\">Evangelina Murcia Villag\u00f3mez, directora general de Recursos Financieros<\/span><span data-contrast=\"auto\">.<\/span><span data-ccp-props=\"{}\">\u00a0<\/span><\/p>\n<p><span data-contrast=\"auto\">\u201cBecas Santander tiene un compromiso permanente, semestre tras semestre, con la movilidad nacional e internacional y la Universidad Veracruzana participa masivamente por la b\u00fasqueda de estos financiamientos\u201d, puntualiz\u00f3 Romero Le\u00f3n.<\/span><span data-ccp-props=\"{}\">\u00a0<\/span><\/p>\n<p><span data-contrast=\"auto\">Los alumnos de la UV obtuvieron un apoyo individual para realizar movilidad, cuatro a nivel nacional <\/span><span data-contrast=\"auto\">recibir\u00e1n un apoyo por 25 mil pesos <\/span><span data-contrast=\"auto\">y dos a nivel internacional <\/span><span data-contrast=\"auto\">un apoyo por 50 mil pesos.<\/span><span data-ccp-props=\"{}\">\u00a0<\/span><\/p>\n<p><span data-contrast=\"auto\">Asimismo, un egresado tiene la opci\u00f3n de<\/span><span data-contrast=\"auto\"> buscar un grado acad\u00e9mico de m\u00e1<\/span><span data-contrast=\"auto\">ster en Espa\u00f1a<\/span><span data-contrast=\"auto\">,<\/span><span data-contrast=\"auto\"> con un apoyo de 85 mil pesos.<\/span><span data-ccp-props=\"{}\">\u00a0<\/span><\/p>\n<p><span data-contrast=\"auto\">Oliva Su\u00e1rez record\u00f3 que los alumnos de la UV participan con \u00e9xito en dos convocatorias de la instituci\u00f3n: las becas que entrega la Fundaci\u00f3n Bot\u00edn y las becas qu<\/span><span data-contrast=\"auto\">e entrega la Fundaci\u00f3n Carolina.<\/span><span data-ccp-props=\"{}\">\u00a0<\/span><\/p>\n<p><span data-contrast=\"auto\">Por su parte, <\/span><span data-contrast=\"auto\">Modad Salas<\/span><span data-contrast=\"auto\"> reconoci\u00f3 la facilidad y disposici\u00f3n para trabajar de manera coordinada entre ambas entidades, \u201cse est\u00e1n <\/span><span data-contrast=\"auto\">aprovechando muy bien todos los programas que se tienen por parte del banco y como instituci\u00f3n creo que les estamos dando mayores servicios a partir de la comunicaci\u00f3n que hemos establecido\u201d.<\/span><span data-ccp-props=\"{}\">\u00a0<\/span><\/p>\n<p><span data-contrast=\"auto\">La retroalimentaci\u00f3n que ha recibido Santander por parte de la UV es el factor clave para ampliar y adecuar sus programas a las necesidades que tiene la comunidad universitaria, recalc\u00f3 <\/span><span data-contrast=\"auto\">Dami\u00e1n de los Cobos<\/span><span data-contrast=\"auto\">, \u201cvamos por muy buen camino, y en la medida en que sigamos teniendo este tipo de interacciones los programas ser\u00e1n m\u00e1s atractivos para los universitarios\u201d.<\/span><span data-ccp-props=\"{}\">\u00a0<\/span><\/p>\n<p><span data-contrast=\"auto\">Romero Le\u00f3n mencion\u00f3 que<\/span> <span data-contrast=\"auto\">afortunadamente, tanto para la instituci\u00f3n como para el banco, <\/span><span data-contrast=\"auto\">se modific\u00f3 el sistema <\/span><span data-contrast=\"auto\">y<\/span><span data-contrast=\"auto\"> ahora es m\u00e1<\/span><span data-contrast=\"auto\">s amigable para los estudiantes y existe un compromiso permanente para apoyar a los universitarios.<\/span><span data-ccp-props=\"{&quot;335559731&quot;:708}\">\u00a0<\/span><\/p>\n<p><span data-contrast=\"auto\">Se\u00f1al\u00f3 que por primera vez la UV particip\u00f3 en la beca para j\u00f3venes profesionales, lo que significa \u201cuna nueva oportunidad para los estudiantes y con ello se generan m\u00e1s expectativas porque no s\u00f3lo son para alumnos de licenciatura que realizar\u00e1n una experiencia a nivel nacional o internacional, sino tambi\u00e9n se apoyar\u00e1 la obtenci\u00f3n <\/span><span data-contrast=\"auto\">de<\/span><span data-contrast=\"auto\"> un grado acad\u00e9mico\u201d.<\/span><span data-ccp-props=\"{&quot;335559731&quot;:708}\">\u00a0<\/span><\/p>\n","protected":false},"excerpt":{"rendered":"<p>La colaboraci\u00f3n entre esta casa de estudios y la instituci\u00f3n bancaria ha facilitado el acceso a la obtenci\u00f3n de recursos y la participaci\u00f3n en varias convocatorias <\/p>\n","protected":false},"author":1508,"featured_media":67688,"comment_status":"closed","ping_status":"closed","sticky":false,"template":"","format":"standard","meta":[],"categories":[61],"tags":[],"_links":{"self":[{"href":"https:\/\/www.uv.mx\/prensa\/wp-json\/wp\/v2\/posts\/67687"}],"collection":[{"href":"https:\/\/www.uv.mx\/prensa\/wp-json\/wp\/v2\/posts"}],"about":[{"href":"https:\/\/www.uv.mx\/prensa\/wp-json\/wp\/v2\/types\/post"}],"author":[{"embeddable":true,"href":"https:\/\/www.uv.mx\/prensa\/wp-json\/wp\/v2\/users\/1508"}],"replies":[{"embeddable":true,"href":"https:\/\/www.uv.mx\/prensa\/wp-json\/wp\/v2\/comments?post=67687"}],"version-history":[{"count":0,"href":"https:\/\/www.uv.mx\/prensa\/wp-json\/wp\/v2\/posts\/67687\/revisions"}],"wp:featuredmedia":[{"embeddable":true,"href":"https:\/\/www.uv.mx\/prensa\/wp-json\/wp\/v2\/media\/67688"}],"wp:attachment":[{"href":"https:\/\/www.uv.mx\/prensa\/wp-json\/wp\/v2\/media?parent=67687"}],"wp:term":[{"taxonomy":"category","embeddable":true,"href":"https:\/\/www.uv.mx\/prensa\/wp-json\/wp\/v2\/categories?post=67687"},{"taxonomy":"post_tag","embeddable":true,"href":"https:\/\/www.uv.mx\/prensa\/wp-json\/wp\/v2\/tags?post=67687"}],"curies":[{"name":"wp","href":"https:\/\/api.w.org\/{rel}","templated":true}]}}