{"id":67825,"date":"2019-05-15T13:15:54","date_gmt":"2019-05-15T18:15:54","guid":{"rendered":"https:\/\/www.uv.mx\/prensa\/?p=67825"},"modified":"2019-05-15T13:15:54","modified_gmt":"2019-05-15T18:15:54","slug":"en-la-uv-se-forman-profesionistas-comprometidos-con-el-ambiente","status":"publish","type":"post","link":"https:\/\/www.uv.mx\/prensa\/general\/en-la-uv-se-forman-profesionistas-comprometidos-con-el-ambiente\/","title":{"rendered":"En la UV se forman profesionistas comprometidos con el ambiente"},"content":{"rendered":"<ul>\n<li data-leveltext=\"\uf0b7\" data-font=\"Symbol\" data-listid=\"2\" data-aria-posinset=\"1\" data-aria-level=\"1\"><i><span data-contrast=\"auto\">Egresados de la primera generaci\u00f3n <\/span><\/i><i><span data-contrast=\"auto\">de Ingenier\u00eda Ambiental <\/span><\/i><i><span data-contrast=\"auto\">hoy se desempe\u00f1an como consultores<\/span><\/i> <i><span data-contrast=\"auto\">y especialis<\/span><\/i><i><span data-contrast=\"auto\">tas en el medio oficial y en la iniciativa privada<\/span><\/i><span data-ccp-props=\"{&quot;201341983&quot;:0,&quot;335559739&quot;:0,&quot;335559740&quot;:240}\">\u00a0<\/span><\/li>\n<\/ul>\n<p>&nbsp;<\/p>\n<div id=\"attachment_67785\" style=\"width: 732px\" class=\"wp-caption aligncenter\"><a href=\"https:\/\/www.uv.mx\/prensa\/files\/2019\/05\/130519-25-aniversario-de-Ingenieria-Ambiental-1.jpg\"><img aria-describedby=\"caption-attachment-67785\" decoding=\"async\" loading=\"lazy\" class=\"size-full wp-image-67785\" src=\"https:\/\/www.uv.mx\/prensa\/files\/2019\/05\/130519-25-aniversario-de-Ingenieria-Ambiental-1.jpg\" alt=\"\" width=\"722\" height=\"482\" srcset=\"https:\/\/www.uv.mx\/prensa\/files\/2019\/05\/130519-25-aniversario-de-Ingenieria-Ambiental-1.jpg 722w, https:\/\/www.uv.mx\/prensa\/files\/2019\/05\/130519-25-aniversario-de-Ingenieria-Ambiental-1-300x200.jpg 300w\" sizes=\"(max-width: 722px) 100vw, 722px\" \/><\/a><p id=\"caption-attachment-67785\" class=\"wp-caption-text\">La Licenciatura en Ingenier\u00eda Ambiental reconoci\u00f3 a los precursores de esta disciplina<\/p><\/div>\n<p>&nbsp;<\/p>\n<p><b><i><span data-contrast=\"auto\">Jos\u00e9 Luis <\/span><\/i><\/b><b><i><span data-contrast=\"auto\">Couttolenc<\/span><\/i><\/b><b><i><span data-contrast=\"auto\"> Soto<\/span><\/i><\/b><span data-ccp-props=\"{&quot;201341983&quot;:0,&quot;335559739&quot;:0,&quot;335559740&quot;:240}\">\u00a0<\/span><\/p>\n<p><b><i><span data-contrast=\"auto\">15\/05\/19, Xalapa, Ver.-<\/span><\/i><\/b><span data-contrast=\"auto\"> Ante la necesidad social de profesionales competitivos, cr\u00edticos y con sentido de <\/span><span data-contrast=\"auto\">ecoidentidad<\/span><span data-contrast=\"auto\"> capaces de atender la problem\u00e1tica medioambiental, la Universidad Veracruzana (UV) inici\u00f3 en 1994 la carrera de Ingenier\u00eda Ambiental con 32 alumnos, de los <\/span><span data-contrast=\"auto\">que <\/span><span data-contrast=\"auto\">s\u00f3lo 17 lograron concluir sus estudios y hoy se desempe\u00f1an en distintas actividades.<\/span><span data-ccp-props=\"{&quot;201341983&quot;:0,&quot;335559739&quot;:0,&quot;335559740&quot;:240}\">\u00a0<\/span><\/p>\n<p><span data-contrast=\"auto\">Algunos de los <\/span><span data-contrast=\"auto\">egresados<\/span> <span data-contrast=\"auto\">laboran en dependencias oficiales como la Procuradur\u00eda Federal de Protecci\u00f3n al Ambiente (<\/span><i><span data-contrast=\"auto\">Profepa<\/span><\/i><span data-contrast=\"auto\">) y otros en la iniciativa privada como consultores y especialistas en las \u00e1reas ambientales y en el campo de la educaci\u00f3n.<\/span><span data-ccp-props=\"{&quot;201341983&quot;:0,&quot;335559731&quot;:708,&quot;335559739&quot;:0,&quot;335559740&quot;:240}\">\u00a0<\/span><\/p>\n<p><span data-contrast=\"auto\">Irma Liliana Dom\u00ednguez Ca\u00f1edo, <\/span><span data-contrast=\"auto\">directora de la <\/span><span data-contrast=\"auto\">F<\/span><span data-contrast=\"auto\">acultad de Ciencias Qu\u00edmicas <\/span><span data-contrast=\"auto\">(FCQ), <\/span><span data-contrast=\"auto\">entreg\u00f3 el lunes 13 de mayo reconocimientos a<\/span><span data-contrast=\"auto\"> V\u00edctor Hern\u00e1ndez Morales y Luis Alberto Garc\u00eda <\/span><span data-contrast=\"auto\">Leyton<\/span><span data-contrast=\"auto\">,<\/span><span data-contrast=\"auto\"> precursores de lo que es hoy el <\/span><span data-contrast=\"auto\">p<\/span><span data-contrast=\"auto\">rograma <\/span><span data-contrast=\"auto\">e<\/span><span data-contrast=\"auto\">ducativo <\/span><span data-contrast=\"auto\">de <\/span><span data-contrast=\"auto\">Ingenier\u00eda Ambiental, <\/span><span data-contrast=\"auto\">as\u00ed como a<\/span><span data-contrast=\"auto\"> quienes han fungido como docentes en la disciplina.<\/span><span data-ccp-props=\"{&quot;201341983&quot;:0,&quot;335559739&quot;:0,&quot;335559740&quot;:240}\">\u00a0<\/span><\/p>\n<p><span data-contrast=\"auto\">En <\/span><span data-contrast=\"auto\">la ceremonia con la que iniciaron las actividades acad\u00e9micas conmemorativas, que comprenden conferencias magistrales, talleres y cursos<\/span><span data-contrast=\"auto\">, estuvo presente <\/span><span data-contrast=\"auto\">Isidro Vicencio Delgadillo, representante de<\/span> <span data-contrast=\"auto\">l<\/span><span data-contrast=\"auto\">a Direcci\u00f3n General del \u00c1rea Acad\u00e9mica T\u00e9cnica<\/span><span data-contrast=\"auto\">.<\/span><span data-ccp-props=\"{&quot;201341983&quot;:0,&quot;335559739&quot;:0,&quot;335559740&quot;:240}\">\u00a0<\/span><\/p>\n<p><span data-ccp-props=\"{&quot;201341983&quot;:0,&quot;335559739&quot;:0,&quot;335559740&quot;:240}\">\u00a0<\/span><\/p>\n<div id=\"attachment_67787\" style=\"width: 732px\" class=\"wp-caption aligncenter\"><a href=\"https:\/\/www.uv.mx\/prensa\/files\/2019\/05\/130519-25-aniversario-de-Ingenieria-Ambiental-2.jpg\"><img aria-describedby=\"caption-attachment-67787\" decoding=\"async\" loading=\"lazy\" class=\"size-full wp-image-67787\" src=\"https:\/\/www.uv.mx\/prensa\/files\/2019\/05\/130519-25-aniversario-de-Ingenieria-Ambiental-2.jpg\" alt=\"\" width=\"722\" height=\"482\" srcset=\"https:\/\/www.uv.mx\/prensa\/files\/2019\/05\/130519-25-aniversario-de-Ingenieria-Ambiental-2.jpg 722w, https:\/\/www.uv.mx\/prensa\/files\/2019\/05\/130519-25-aniversario-de-Ingenieria-Ambiental-2-300x200.jpg 300w\" sizes=\"(max-width: 722px) 100vw, 722px\" \/><\/a><p id=\"caption-attachment-67787\" class=\"wp-caption-text\">Docentes y alumnos en el 25 aniversario del programa educativo<\/p><\/div>\n<p>&nbsp;<\/p>\n<p><b><span data-contrast=\"auto\">El hombre, causante de contaminaci\u00f3n<\/span><\/b><span data-ccp-props=\"{&quot;201341983&quot;:0,&quot;335559739&quot;:0,&quot;335559740&quot;:240}\">\u00a0<\/span><\/p>\n<p><span data-contrast=\"auto\">La primera conferencia estuvo a cargo de Miguel \u00c1ngel Escalona Aguilar, titular de la Coordinaci\u00f3n Universitaria para la Sustentabilidad (<\/span><i><span data-contrast=\"auto\">CoSustenta<\/span><\/i><span data-contrast=\"auto\">), quien habl\u00f3 de \u201cConsumo consciente y cr\u00edtico: huella ambiental\u201d<\/span><span data-contrast=\"auto\"> y d<\/span><span data-contrast=\"auto\">ividi\u00f3 su pl\u00e1tica en tres partes<\/span><span data-contrast=\"auto\">.<\/span><span data-ccp-props=\"{&quot;201341983&quot;:0,&quot;335559739&quot;:0,&quot;335559740&quot;:240}\">\u00a0<\/span><\/p>\n<p><span data-contrast=\"auto\">En <\/span><span data-contrast=\"auto\">la primera <\/span><span data-contrast=\"auto\">abord\u00f3<\/span><span data-contrast=\"auto\"> la problem\u00e1tica ambiental y dijo que se tienen problemas muy serios de contaminaci\u00f3n en el mundo, por diferentes causas e \u00edndoles, que son ocasionados por el hombre al contaminar cuerpos de agua y degrada<\/span><span data-contrast=\"auto\">r <\/span><span data-contrast=\"auto\">suelos por el cambio de uso del mismo.<\/span><span data-ccp-props=\"{&quot;201341983&quot;:0,&quot;335559731&quot;:708,&quot;335559739&quot;:0,&quot;335559740&quot;:240}\">\u00a0<\/span><\/p>\n<p><span data-contrast=\"auto\">En la segunda parte <\/span><span data-contrast=\"auto\">habl\u00f3 de<\/span><span data-contrast=\"auto\"> lo que se puede hacer y qu\u00e9 se hace en el mundo en torno a lo anterior<\/span><span data-contrast=\"auto\">; se\u00f1al\u00f3<\/span><span data-contrast=\"auto\"> que en lo que se denomina econom\u00eda c<\/span><span data-contrast=\"auto\">ircular, la Uni\u00f3n Europea (UE) <\/span><span data-contrast=\"auto\">trabaja en el rompimiento del ciclo de generaci\u00f3n de residuos, \u201c<\/span><span data-contrast=\"auto\">la idea es no generar residuos y l<\/span><span data-contrast=\"auto\">os que se generen que sean aprovechados \u00f3ptimamente\u201d.<\/span><span data-ccp-props=\"{&quot;201341983&quot;:0,&quot;335559739&quot;:0,&quot;335559740&quot;:240}\">\u00a0<\/span><\/p>\n<p><span data-contrast=\"auto\">En <\/span><span data-contrast=\"auto\">la <\/span><span data-contrast=\"auto\">tercer<\/span><span data-contrast=\"auto\">a<\/span> <span data-contrast=\"auto\">parte<\/span><span data-contrast=\"auto\">, Escalona Aguilar present\u00f3 lo <\/span><span data-contrast=\"auto\">que<\/span><span data-contrast=\"auto\"> la UV <\/span><span data-contrast=\"auto\">hace <\/span><span data-contrast=\"auto\">a trav\u00e9s de<\/span><span data-contrast=\"auto\">l <\/span><span data-contrast=\"auto\">Plan Maestro para la Sustentabilidad, en el que se trabaja en una gesti\u00f3n ambiental al interior de <\/span><span data-contrast=\"auto\">esta casa de estudios<\/span><span data-contrast=\"auto\">.<\/span><span data-ccp-props=\"{&quot;201341983&quot;:0,&quot;335559739&quot;:0,&quot;335559740&quot;:240}\">\u00a0<\/span><\/p>\n<p><span data-contrast=\"auto\">Adem\u00e1s<\/span><span data-contrast=\"auto\"> p<\/span><span data-contrast=\"auto\">resent\u00f3 las iniciativas que se e<\/span><span data-contrast=\"auto\">m<\/span><span data-contrast=\"auto\">prend<\/span><span data-contrast=\"auto\">en<\/span> <span data-contrast=\"auto\">en temas <\/span><span data-contrast=\"auto\">de <\/span><span data-contrast=\"auto\">sustentabilidad, con una visi\u00f3n de no generar residuos, involucra<\/span><span data-contrast=\"auto\">ndo<\/span><span data-contrast=\"auto\"> a la comunidad en una revisi\u00f3n amplia sobre el papel que juega en el cuidado de la tierra, y aborda<\/span><span data-contrast=\"auto\">r <\/span><span data-contrast=\"auto\">temas de agua, ener<\/span><span data-contrast=\"auto\">g\u00eda, alimentaci\u00f3n, \u00e1reas verdes<\/span><span data-contrast=\"auto\"> y programas educativos <\/span><span data-contrast=\"auto\">transversalizando<\/span><span data-contrast=\"auto\"> la sustentabilidad.<\/span><span data-ccp-props=\"{&quot;201341983&quot;:0,&quot;335559739&quot;:0,&quot;335559740&quot;:240}\">\u00a0<\/span><\/p>\n<p><span data-contrast=\"auto\">\u201cLa i<\/span><span data-contrast=\"auto\">dea es <\/span><span data-contrast=\"auto\">reflexionar sobre la responsabilidad social universitaria, el quehacer del profesionista <\/span><span data-contrast=\"auto\">\u2013<\/span><span data-contrast=\"auto\">tanto<\/span><span data-contrast=\"auto\"> el que est\u00e1 en formaci\u00f3n como <\/span><span data-contrast=\"auto\">el que est\u00e1 egresando<\/span><span data-contrast=\"auto\">\u2013<\/span><span data-contrast=\"auto\">, que conozca <\/span><span data-contrast=\"auto\">el<\/span><span data-contrast=\"auto\"> trabajo <\/span><span data-contrast=\"auto\">que <\/span><span data-contrast=\"auto\">debe atend<\/span><span data-contrast=\"auto\">er<\/span><span data-contrast=\"auto\"> y qu\u00e9 responsabilidad tiene ante la sociedad\u201d, concluy\u00f3.<\/span><span data-ccp-props=\"{&quot;201341983&quot;:0,&quot;335559739&quot;:0,&quot;335559740&quot;:240}\">\u00a0<\/span><\/p>\n<p>&nbsp;<\/p>\n<div id=\"attachment_19074\" style=\"width: 732px\" class=\"wp-caption aligncenter\"><a href=\"https:\/\/www.uv.mx\/prensa\/files\/2016\/11\/R-nta-3-okln.jpg\"><img aria-describedby=\"caption-attachment-19074\" decoding=\"async\" loading=\"lazy\" class=\"size-full wp-image-19074\" src=\"https:\/\/www.uv.mx\/prensa\/files\/2016\/11\/R-nta-3-okln.jpg\" alt=\"\" width=\"722\" height=\"482\" srcset=\"https:\/\/www.uv.mx\/prensa\/files\/2016\/11\/R-nta-3-okln.jpg 722w, https:\/\/www.uv.mx\/prensa\/files\/2016\/11\/R-nta-3-okln-300x200.jpg 300w\" sizes=\"(max-width: 722px) 100vw, 722px\" \/><\/a><p id=\"caption-attachment-19074\" class=\"wp-caption-text\">Miguel \u00c1ngel Escalona Aguilar, titular de <em>CoSustenta<\/em><\/p><\/div>\n","protected":false},"excerpt":{"rendered":"<p>Irma Liliana Dom\u00ednguez Ca\u00f1edo, directora de la Facultad de Ciencias Qu\u00edmicas, entreg\u00f3 reconocimientos a V\u00edctor Hern\u00e1ndez Morales y Luis Alberto Garc\u00eda<\/p>\n","protected":false},"author":1508,"featured_media":67785,"comment_status":"closed","ping_status":"closed","sticky":false,"template":"","format":"standard","meta":[],"categories":[1],"tags":[],"_links":{"self":[{"href":"https:\/\/www.uv.mx\/prensa\/wp-json\/wp\/v2\/posts\/67825"}],"collection":[{"href":"https:\/\/www.uv.mx\/prensa\/wp-json\/wp\/v2\/posts"}],"about":[{"href":"https:\/\/www.uv.mx\/prensa\/wp-json\/wp\/v2\/types\/post"}],"author":[{"embeddable":true,"href":"https:\/\/www.uv.mx\/prensa\/wp-json\/wp\/v2\/users\/1508"}],"replies":[{"embeddable":true,"href":"https:\/\/www.uv.mx\/prensa\/wp-json\/wp\/v2\/comments?post=67825"}],"version-history":[{"count":0,"href":"https:\/\/www.uv.mx\/prensa\/wp-json\/wp\/v2\/posts\/67825\/revisions"}],"wp:featuredmedia":[{"embeddable":true,"href":"https:\/\/www.uv.mx\/prensa\/wp-json\/wp\/v2\/media\/67785"}],"wp:attachment":[{"href":"https:\/\/www.uv.mx\/prensa\/wp-json\/wp\/v2\/media?parent=67825"}],"wp:term":[{"taxonomy":"category","embeddable":true,"href":"https:\/\/www.uv.mx\/prensa\/wp-json\/wp\/v2\/categories?post=67825"},{"taxonomy":"post_tag","embeddable":true,"href":"https:\/\/www.uv.mx\/prensa\/wp-json\/wp\/v2\/tags?post=67825"}],"curies":[{"name":"wp","href":"https:\/\/api.w.org\/{rel}","templated":true}]}}