{"id":67827,"date":"2019-05-15T13:29:32","date_gmt":"2019-05-15T18:29:32","guid":{"rendered":"https:\/\/www.uv.mx\/prensa\/?p=67827"},"modified":"2019-05-15T13:29:32","modified_gmt":"2019-05-15T18:29:32","slug":"ciia-uv-impartira-taller-de-pensamiento-computacional-a-adolescentes","status":"publish","type":"post","link":"https:\/\/www.uv.mx\/prensa\/general\/ciia-uv-impartira-taller-de-pensamiento-computacional-a-adolescentes\/","title":{"rendered":"CIIA-UV impartir\u00e1 taller de pensamiento computacional a adolescentes"},"content":{"rendered":"<ul>\n<li data-leveltext=\"\uf0b7\" data-font=\"Symbol\" data-listid=\"5\" data-aria-posinset=\"1\" data-aria-level=\"1\"><i><span data-contrast=\"auto\">La <\/span><\/i><i><span data-contrast=\"auto\">capacitaci\u00f3n forma parte de la iniciativa \u201cPatrones Hermosos\u201d, impulsada por el Massachusetts <\/span><\/i><i><span data-contrast=\"auto\">Institute<\/span><\/i> <i><span data-contrast=\"auto\">of<\/span><\/i><i><span data-contrast=\"auto\"> Technology<\/span><\/i><span data-ccp-props=\"{}\">\u00a0<\/span><\/li>\n<li data-leveltext=\"\uf0b7\" data-font=\"Symbol\" data-listid=\"5\" data-aria-posinset=\"2\" data-aria-level=\"1\"><i><span data-contrast=\"auto\">Busca desarrollar conocimientos y habilidades de pensamiento computacional en mujeres de entre 13 y 17 a\u00f1os<\/span><\/i><span data-ccp-props=\"{}\">\u00a0<\/span><\/li>\n<\/ul>\n<p>&nbsp;<\/p>\n<div id=\"attachment_67830\" style=\"width: 732px\" class=\"wp-caption aligncenter\"><a href=\"https:\/\/www.uv.mx\/prensa\/files\/2019\/05\/140519-CIIA.jpg\"><img aria-describedby=\"caption-attachment-67830\" decoding=\"async\" loading=\"lazy\" class=\"size-full wp-image-67830\" src=\"https:\/\/www.uv.mx\/prensa\/files\/2019\/05\/140519-CIIA.jpg\" alt=\"\" width=\"722\" height=\"722\" srcset=\"https:\/\/www.uv.mx\/prensa\/files\/2019\/05\/140519-CIIA.jpg 722w, https:\/\/www.uv.mx\/prensa\/files\/2019\/05\/140519-CIIA-150x150.jpg 150w, https:\/\/www.uv.mx\/prensa\/files\/2019\/05\/140519-CIIA-300x300.jpg 300w\" sizes=\"(max-width: 722px) 100vw, 722px\" \/><\/a><p id=\"caption-attachment-67830\" class=\"wp-caption-text\">El taller es completamente gratuito<\/p><\/div>\n<p>&nbsp;<\/p>\n<p><b><i><span data-contrast=\"auto\">Carlos Hugo Hermida Rosales<\/span><\/i><\/b><span data-ccp-props=\"{}\">\u00a0<\/span><\/p>\n<p><b><i><span data-contrast=\"auto\">15\/05\/19, Xalapa, Ver.- <\/span><\/i><\/b><span data-contrast=\"auto\">La Universidad Veracruzana (UV), a trav\u00e9s del Centro de Investigaci\u00f3n en Inteligencia Artificial (CIIA), ser\u00e1 sede por primera vez del taller Patrones Hermosos, que busca empoderar a <\/span><span data-contrast=\"auto\">mujeres <\/span><span data-contrast=\"auto\">de entre 13 y 17 a\u00f1os a desarrollar sus conocimientos y habilidades de pensamiento computacional.<\/span><span data-ccp-props=\"{}\">\u00a0<\/span><\/p>\n<p><span data-contrast=\"auto\">Marcela Quiroz Castellanos, investigadora del CIIA, mencion\u00f3 que la capacitaci\u00f3n que se realizar\u00e1 en esta entidad acad\u00e9mica del 27 al 31 de mayo de 9:00 a 16:00 horas, ser\u00e1 impartida por <\/span><span data-contrast=\"auto\">alumnas <\/span><span data-contrast=\"auto\">de la Maestr\u00eda en Inteligencia Artificial y de la Licenciatura en Matem\u00e1ticas de la UV, quienes ya se capacitaron para ello.<\/span><span data-ccp-props=\"{&quot;335559731&quot;:708}\">\u00a0<\/span><\/p>\n<p><span data-contrast=\"auto\">Comparti\u00f3 que el taller <\/span><span data-contrast=\"auto\">Patrones <\/span><span data-contrast=\"auto\">H<\/span><span data-contrast=\"auto\">ermosos<\/span> <span data-contrast=\"auto\">surgi\u00f3<\/span> <span data-contrast=\"auto\">de la iniciativa de Abel S\u00e1nchez, investigador del <\/span><span data-contrast=\"auto\">Massachusetts <\/span><span data-contrast=\"auto\">Institute<\/span><span data-contrast=\"auto\"> of <\/span><span data-contrast=\"auto\">Technology<\/span><span data-contrast=\"auto\"> (MIT)<\/span><span data-contrast=\"auto\">, y que se llevar\u00e1 a cabo simult\u00e1neamente en distintas sedes de la <\/span><span data-contrast=\"auto\">R<\/span><span data-contrast=\"auto\">ep\u00fablica <\/span><span data-contrast=\"auto\">M<\/span><span data-contrast=\"auto\">exicana.\u00a0<\/span><span data-ccp-props=\"{&quot;335559731&quot;:708}\">\u00a0<\/span><\/p>\n<p><span data-contrast=\"none\">Las actividades que se realizar\u00e1n abordan tem\u00e1ticas simples como compartir secretos, ordenar las cosas, empacar una maleta y la ruta del autob\u00fas escolar, a partir de las cuales se <\/span><span data-contrast=\"none\">les <\/span><span data-contrast=\"none\">ayudar\u00e1 a desarrollar su m\u00e1ximo potencial en pensamiento computacional. Al final de cada d\u00eda se realizar\u00e1 un proyecto relacionado con el tema.\u00a0<\/span><span data-ccp-props=\"{&quot;335559731&quot;:708}\">\u00a0<\/span><\/p>\n<p><span data-contrast=\"none\">Roc\u00edo <\/span><span data-contrast=\"none\">Erandi<\/span><span data-contrast=\"none\"> B<\/span><span data-contrast=\"none\">arrientos Mart\u00ednez, secretaria A<\/span><span data-contrast=\"none\">cad\u00e9mica<\/span><span data-contrast=\"none\"> del CIIA, <\/span><span data-contrast=\"none\">coment\u00f3 que actualmente el uso de tecnolog\u00eda y pensamiento computacional se encuentra asociado al g\u00e9nero masculino, <\/span><span data-contrast=\"none\">y<\/span><span data-contrast=\"none\"> que con este taller se espera demostrar que las mujeres tienen la misma capacidad para aprender estos temas, por lo que deben tener las mismas oportunidades que los hombres.<\/span><span data-ccp-props=\"{&quot;335559731&quot;:708}\">\u00a0<\/span><\/p>\n<p><span data-contrast=\"auto\">\u201cEn el estado de Veracruz las j\u00f3venes se enfrentan a muchos retos para trabajar en <\/span><span data-contrast=\"auto\">el<\/span><span data-contrast=\"auto\"> \u00e1rea t\u00e9cnica, <\/span><span data-contrast=\"auto\">por lo que se debe demostrar que <\/span><span data-contrast=\"auto\">ellas<\/span> <span data-contrast=\"auto\">pueden<\/span><span data-contrast=\"auto\"> desarrollar f\u00e1cilmente las actividades que all\u00ed se realizan\u201d, enfatiz\u00f3.<\/span><span data-ccp-props=\"{&quot;335559731&quot;:708}\">\u00a0<\/span><\/p>\n<p><span data-contrast=\"auto\">El cupo para el taller Patrones Hermosos est\u00e1 limitado a 25 participantes. Esta capacitaci\u00f3n es totalmente gratuita y el \u00fanico requisito es tener entre 13 y 17 a\u00f1os, incluso est\u00e1 abierto a las j\u00f3venes que no asisten a la escuela. El <\/span><i><span data-contrast=\"auto\">link<\/span><\/i><span data-contrast=\"auto\"> de regermososmexico.<\/span> <span data-contrast=\"auto\">istro est\u00e1 disponible en la p\u00e1gina <\/span><a href=\"https:\/\/www.patroneshermososmexico.org\/\"><span data-contrast=\"none\">https:\/\/www.patronesh<\/span><\/a> <span data-contrast=\"auto\">org\/, en donde se debe seleccionar la sede de la Universidad Veracruzana.<\/span><span data-ccp-props=\"{&quot;335559731&quot;:708}\">\u00a0<\/span><\/p>\n<p><span data-contrast=\"auto\">Para las asistentes que necesiten justificar las faltas a la escuela durante el tiempo que dura esta capacitaci\u00f3n, el CIIA les brindar\u00e1 el justificante necesario, as\u00ed como una constancia de asistencia. Para mayores informes se debe escribir al correo electr\u00f3nico: <\/span><a href=\"mailto:ciia@uv.mx\"><span data-contrast=\"none\">ciia<\/span><span data-contrast=\"none\">@<\/span><span data-contrast=\"none\">uv.mx<\/span><\/a><span data-contrast=\"auto\">.<\/span><span data-ccp-props=\"{&quot;335559731&quot;:708}\">\u00a0<\/span><\/p>\n","protected":false},"excerpt":{"rendered":"<p>La capacitaci\u00f3n se realizar\u00e1 en las instalaciones de esta entidad acad\u00e9mica, del 27 al 31 de mayo de 9:00 a 16:00 horas <\/p>\n","protected":false},"author":1508,"featured_media":67830,"comment_status":"closed","ping_status":"closed","sticky":false,"template":"","format":"standard","meta":[],"categories":[1],"tags":[],"_links":{"self":[{"href":"https:\/\/www.uv.mx\/prensa\/wp-json\/wp\/v2\/posts\/67827"}],"collection":[{"href":"https:\/\/www.uv.mx\/prensa\/wp-json\/wp\/v2\/posts"}],"about":[{"href":"https:\/\/www.uv.mx\/prensa\/wp-json\/wp\/v2\/types\/post"}],"author":[{"embeddable":true,"href":"https:\/\/www.uv.mx\/prensa\/wp-json\/wp\/v2\/users\/1508"}],"replies":[{"embeddable":true,"href":"https:\/\/www.uv.mx\/prensa\/wp-json\/wp\/v2\/comments?post=67827"}],"version-history":[{"count":0,"href":"https:\/\/www.uv.mx\/prensa\/wp-json\/wp\/v2\/posts\/67827\/revisions"}],"wp:featuredmedia":[{"embeddable":true,"href":"https:\/\/www.uv.mx\/prensa\/wp-json\/wp\/v2\/media\/67830"}],"wp:attachment":[{"href":"https:\/\/www.uv.mx\/prensa\/wp-json\/wp\/v2\/media?parent=67827"}],"wp:term":[{"taxonomy":"category","embeddable":true,"href":"https:\/\/www.uv.mx\/prensa\/wp-json\/wp\/v2\/categories?post=67827"},{"taxonomy":"post_tag","embeddable":true,"href":"https:\/\/www.uv.mx\/prensa\/wp-json\/wp\/v2\/tags?post=67827"}],"curies":[{"name":"wp","href":"https:\/\/api.w.org\/{rel}","templated":true}]}}