{"id":67866,"date":"2019-05-16T15:26:04","date_gmt":"2019-05-16T20:26:04","guid":{"rendered":"https:\/\/www.uv.mx\/prensa\/?p=67866"},"modified":"2019-05-16T15:26:04","modified_gmt":"2019-05-16T20:26:04","slug":"centro-de-investigacion-en-inteligencia-artificial-invita-a-cine-debate","status":"publish","type":"post","link":"https:\/\/www.uv.mx\/prensa\/eventos\/centro-de-investigacion-en-inteligencia-artificial-invita-a-cine-debate\/","title":{"rendered":"Centro de Investigaci\u00f3n en Inteligencia Artificial invita a Cine-Debate\u00a0"},"content":{"rendered":"<ul>\n<li data-leveltext=\"\uf0b7\" data-font=\"Symbol\" data-listid=\"5\" data-aria-posinset=\"1\" data-aria-level=\"1\"><i><span data-contrast=\"auto\">Se proyectar\u00e1n y analizar\u00e1n las tres <\/span><\/i><i><span data-contrast=\"auto\">pel\u00edculas que componen la saga <\/span><\/i><span data-contrast=\"auto\">Matrix<\/span><i><span data-contrast=\"auto\">, con el objetivo de <\/span><\/i><i><span data-contrast=\"auto\">desmentir mitos que existen en torno a la inteligencia artificial<\/span><\/i><span data-ccp-props=\"{}\">\u00a0<\/span><\/li>\n<li data-leveltext=\"\uf0b7\" data-font=\"Symbol\" data-listid=\"5\" data-aria-posinset=\"2\" data-aria-level=\"1\"><i><span data-contrast=\"auto\">S<\/span><\/i><i><span data-contrast=\"auto\">e llevar\u00e1n a cabo los d\u00edas 16, 23 y 30 de mayo a las 17:00 horas, en el Auditorio \u201cEmilio Gidi Villarreal\u201d del CIIA. La entrada es libre<\/span><\/i><span data-ccp-props=\"{}\">\u00a0<\/span><\/li>\n<\/ul>\n<p><span data-ccp-props=\"{}\">\u00a0<\/span><\/p>\n<div id=\"attachment_67874\" style=\"width: 732px\" class=\"wp-caption aligncenter\"><a href=\"https:\/\/www.uv.mx\/prensa\/files\/2019\/05\/140519-CARLOS-Cinedebate-CIIA-1.jpg\"><img aria-describedby=\"caption-attachment-67874\" decoding=\"async\" loading=\"lazy\" class=\"size-full wp-image-67874\" src=\"https:\/\/www.uv.mx\/prensa\/files\/2019\/05\/140519-CARLOS-Cinedebate-CIIA-1.jpg\" alt=\"\" width=\"722\" height=\"722\" srcset=\"https:\/\/www.uv.mx\/prensa\/files\/2019\/05\/140519-CARLOS-Cinedebate-CIIA-1.jpg 722w, https:\/\/www.uv.mx\/prensa\/files\/2019\/05\/140519-CARLOS-Cinedebate-CIIA-1-150x150.jpg 150w, https:\/\/www.uv.mx\/prensa\/files\/2019\/05\/140519-CARLOS-Cinedebate-CIIA-1-300x300.jpg 300w\" sizes=\"(max-width: 722px) 100vw, 722px\" \/><\/a><p id=\"caption-attachment-67874\" class=\"wp-caption-text\">El Cine-Debate se realizar\u00e1 los d\u00edas 16, 23 y 30 de mayo<\/p><\/div>\n<p><i><\/i><span data-ccp-props=\"{&quot;335559685&quot;:360}\"><br \/>\n<\/span><\/p>\n<p><span data-ccp-props=\"{}\">\u00a0<\/span><\/p>\n<p><b><i><span data-contrast=\"auto\">Carlos Hugo Hermida Rosales<\/span><\/i><\/b><span data-ccp-props=\"{}\">\u00a0<\/span><\/p>\n<p><b><i><span data-contrast=\"auto\">16\/05\/19, Xalapa, <\/span><\/i><\/b><b><i><span data-contrast=\"auto\">Ver.-<\/span><\/i><\/b> <span data-contrast=\"auto\">El Centro de Investigaci\u00f3n en Inteligencia Artificial (CIIA) de la Universidad Veracruzana (UV) realizar\u00e1 los d\u00edas 16, 23 y 30 de mayo el Cine-Debate <\/span><i><span data-contrast=\"auto\">The<\/span><\/i><i><span data-contrast=\"auto\"> Matrix. Inteligencia Artificial. \u00bfEs <\/span><\/i><i><span data-contrast=\"auto\">todo una simulaci\u00f3n<\/span><\/i><i><span data-contrast=\"auto\">?<\/span><\/i><span data-contrast=\"auto\">, dentro del que se analizar\u00e1n las tres pel\u00edculas que componen la saga dirigida por las hermanas Lana y Lilly Wachowski.<\/span><span data-ccp-props=\"{}\">\u00a0<\/span><\/p>\n<p><span data-contrast=\"auto\">Guillermo de Jes\u00fas Hoyos Rivera, investigador del CIIA, mencion\u00f3 que este evento es organizado por el grupo de comunicaci\u00f3n C\u00f3digo IA, que ya ha realizado ciclos de cine <\/span><span data-contrast=\"auto\">en los que tambi\u00e9n se discute <\/span><span data-contrast=\"auto\">en torno a la propuesta f\u00edlmica<\/span><span data-contrast=\"auto\"> proyectada<\/span><span data-contrast=\"auto\">.<\/span><span data-ccp-props=\"{&quot;335559731&quot;:708}\">\u00a0<\/span><\/p>\n<p><span data-contrast=\"auto\">Explic\u00f3 que e<\/span><span data-contrast=\"auto\">ste<\/span> <span data-contrast=\"auto\">segundo <\/span><span data-contrast=\"auto\">Cine-Debate busca desmentir <\/span><span data-contrast=\"auto\">los <\/span><span data-contrast=\"auto\">mitos que existen en torno a la inteligencia artificial<\/span><span data-contrast=\"auto\">, con la finalidad de <\/span><span data-contrast=\"auto\">que los asistentes vean las pel\u00edculas con una mirada cr\u00edtica e imaginen lo que hay, lo que no hay y lo que puede ser, y que a partir de all\u00ed determinen qu\u00e9 cosas son m<\/span><span data-contrast=\"auto\">entiras <\/span><span data-contrast=\"auto\">y cu\u00e1les<\/span><span data-contrast=\"auto\"> son verdad.<\/span><span data-ccp-props=\"{&quot;335551550&quot;:1,&quot;335551620&quot;:1,&quot;335559731&quot;:708,&quot;335559740&quot;:259}\">\u00a0<\/span><\/p>\n<p><span data-contrast=\"auto\">\u201cSer\u00e1 muy interesante proyectar la trilog\u00eda de <\/span><i><span data-contrast=\"auto\">Matrix<\/span><\/i> <span data-contrast=\"auto\">a 20 a\u00f1os de su estreno<\/span><span data-contrast=\"auto\"> y discutir qu\u00e9 tanto de nuestra realidad <\/span><span data-contrast=\"auto\">puede ser una simulaci\u00f3n imbuida en nuestros cerebros\u201d, declar\u00f3.<\/span><span data-ccp-props=\"{&quot;335559731&quot;:708}\">\u00a0<\/span><\/p>\n<p><span data-contrast=\"auto\">Omar Rodr\u00edguez L\u00f3pez, estudiante del Doctorado en Inteligencia Artificial, coment\u00f3 que la ventaja de utilizar pel\u00edculas de cine comercial para difundir la ciencia<\/span> <span data-contrast=\"auto\">es que las personas no requieren de conocimientos previos para discutir sobre conceptos cient\u00edficos.<\/span><span data-ccp-props=\"{&quot;335559731&quot;:708}\">\u00a0<\/span><\/p>\n<p><span data-contrast=\"auto\">\u201cEsperamos que la interacci\u00f3n entre los usuarios y los <\/span><span data-contrast=\"auto\">miembros del grupo de difusi\u00f3n <\/span><span data-contrast=\"auto\">C\u00f3digo <\/span><span data-contrast=\"auto\">IA<\/span><span data-contrast=\"auto\"> sirva para aclarar dudas y desmitificar ideas err\u00f3neas y amarillistas sobre la inteligencia artificial\u201d, manifest\u00f3.<\/span><span data-ccp-props=\"{&quot;335559731&quot;:708}\">\u00a0<\/span><\/p>\n<p><span data-contrast=\"auto\">Las proyecciones del <\/span><span data-contrast=\"auto\">Cine-Debate <\/span><i><span data-contrast=\"auto\">The<\/span><\/i> <i><span data-contrast=\"auto\">Matrix<\/span><\/i><i><span data-contrast=\"auto\">. Inteligencia Artificial<\/span><\/i><i><span data-contrast=\"auto\">.<\/span><\/i><i><span data-contrast=\"auto\"> \u00bfEs todo una simulaci\u00f3n?<\/span><\/i><span data-contrast=\"auto\"> se llevar\u00e1n a cabo los d\u00edas arriba mencionados <\/span><span data-contrast=\"auto\">en pu<\/span><span data-contrast=\"auto\">nto de las 17:00 horas en el A<\/span><span data-contrast=\"auto\">uditorio <\/span><span data-contrast=\"auto\">\u201c<\/span><span data-contrast=\"auto\">Emilio <\/span><span data-contrast=\"auto\">Gidi<\/span> <span data-contrast=\"auto\">Villarreal<\/span><span data-contrast=\"auto\">\u201d<\/span><span data-contrast=\"auto\"> del CIIA.<\/span><span data-contrast=\"auto\"> La entrada es libre.<\/span><span data-ccp-props=\"{&quot;335559731&quot;:708}\">\u00a0<\/span><\/p>\n<p><span data-ccp-props=\"{}\">\u00a0<\/span><\/p>\n<div id=\"attachment_67875\" style=\"width: 732px\" class=\"wp-caption aligncenter\"><a href=\"https:\/\/www.uv.mx\/prensa\/files\/2019\/05\/140519-CARLOS-Cinedebate-CIIA-2.jpg\"><img aria-describedby=\"caption-attachment-67875\" decoding=\"async\" loading=\"lazy\" class=\"size-full wp-image-67875\" src=\"https:\/\/www.uv.mx\/prensa\/files\/2019\/05\/140519-CARLOS-Cinedebate-CIIA-2.jpg\" alt=\"\" width=\"722\" height=\"482\" srcset=\"https:\/\/www.uv.mx\/prensa\/files\/2019\/05\/140519-CARLOS-Cinedebate-CIIA-2.jpg 722w, https:\/\/www.uv.mx\/prensa\/files\/2019\/05\/140519-CARLOS-Cinedebate-CIIA-2-300x200.jpg 300w\" sizes=\"(max-width: 722px) 100vw, 722px\" \/><\/a><p id=\"caption-attachment-67875\" class=\"wp-caption-text\">Omar Rodr\u00edguez y Guillermo de Jes\u00fas Hoyos<\/p><\/div>\n","protected":false},"excerpt":{"rendered":"<p>Se proyectar\u00e1n y analizar\u00e1n las tres pel\u00edculas de la saga <em>Matrix<\/em>, con el objetivo de desmentir mitos que existen en torno a la inteligencia artificial\u00a0<\/p>\n","protected":false},"author":1869,"featured_media":67875,"comment_status":"closed","ping_status":"closed","sticky":false,"template":"","format":"standard","meta":[],"categories":[47],"tags":[],"_links":{"self":[{"href":"https:\/\/www.uv.mx\/prensa\/wp-json\/wp\/v2\/posts\/67866"}],"collection":[{"href":"https:\/\/www.uv.mx\/prensa\/wp-json\/wp\/v2\/posts"}],"about":[{"href":"https:\/\/www.uv.mx\/prensa\/wp-json\/wp\/v2\/types\/post"}],"author":[{"embeddable":true,"href":"https:\/\/www.uv.mx\/prensa\/wp-json\/wp\/v2\/users\/1869"}],"replies":[{"embeddable":true,"href":"https:\/\/www.uv.mx\/prensa\/wp-json\/wp\/v2\/comments?post=67866"}],"version-history":[{"count":0,"href":"https:\/\/www.uv.mx\/prensa\/wp-json\/wp\/v2\/posts\/67866\/revisions"}],"wp:featuredmedia":[{"embeddable":true,"href":"https:\/\/www.uv.mx\/prensa\/wp-json\/wp\/v2\/media\/67875"}],"wp:attachment":[{"href":"https:\/\/www.uv.mx\/prensa\/wp-json\/wp\/v2\/media?parent=67866"}],"wp:term":[{"taxonomy":"category","embeddable":true,"href":"https:\/\/www.uv.mx\/prensa\/wp-json\/wp\/v2\/categories?post=67866"},{"taxonomy":"post_tag","embeddable":true,"href":"https:\/\/www.uv.mx\/prensa\/wp-json\/wp\/v2\/tags?post=67866"}],"curies":[{"name":"wp","href":"https:\/\/api.w.org\/{rel}","templated":true}]}}