{"id":67901,"date":"2019-05-16T18:03:43","date_gmt":"2019-05-16T23:03:43","guid":{"rendered":"https:\/\/www.uv.mx\/prensa\/?p=67901"},"modified":"2019-05-16T20:57:06","modified_gmt":"2019-05-17T01:57:06","slug":"a-nivel-mundial-cada-ano-se-extinguen-26-lenguas","status":"publish","type":"post","link":"https:\/\/www.uv.mx\/prensa\/banner\/a-nivel-mundial-cada-ano-se-extinguen-26-lenguas\/","title":{"rendered":"A nivel mundial, cada a\u00f1o se extinguen 26 lenguas"},"content":{"rendered":"<p><span data-ccp-props=\"{}\">\u00a0<\/span><\/p>\n<ul>\n<li data-leveltext=\"\uf0b7\" data-font=\"Symbol\" data-listid=\"5\" data-aria-posinset=\"1\" data-aria-level=\"1\"><i><span data-contrast=\"none\">Esta desaparici\u00f3n de lenguajes <\/span><\/i><i><span data-contrast=\"none\">ocurre por conflictos pol\u00edticos y tensiones econ\u00f3micas, pero sobre todo debido a coacciones sociales y discriminaci\u00f3n<\/span><\/i><span data-ccp-props=\"{}\">\u00a0<\/span><\/li>\n<li data-leveltext=\"\uf0b7\" data-font=\"Symbol\" data-listid=\"5\" data-aria-posinset=\"2\" data-aria-level=\"1\"><i><span data-contrast=\"none\">En Veracruz se hablan y se escuchan al menos <\/span><\/i><i><span data-contrast=\"none\">14<\/span><\/i><i><span data-contrast=\"none\"> lenguas distintas al espa\u00f1ol<\/span><\/i><i><span data-contrast=\"none\">\u00a0<\/span><\/i><span data-ccp-props=\"{}\">\u00a0<\/span><\/li>\n<\/ul>\n<p>&nbsp;<\/p>\n<div id=\"attachment_67903\" style=\"width: 732px\" class=\"wp-caption aligncenter\"><a href=\"https:\/\/www.uv.mx\/prensa\/files\/2019\/05\/160519-Inauguracion-IV-Foro-de-Lenguas-Maternas-1.jpg\"><img aria-describedby=\"caption-attachment-67903\" decoding=\"async\" loading=\"lazy\" class=\"size-full wp-image-67903\" src=\"https:\/\/www.uv.mx\/prensa\/files\/2019\/05\/160519-Inauguracion-IV-Foro-de-Lenguas-Maternas-1.jpg\" alt=\"\" width=\"722\" height=\"472\" srcset=\"https:\/\/www.uv.mx\/prensa\/files\/2019\/05\/160519-Inauguracion-IV-Foro-de-Lenguas-Maternas-1.jpg 722w, https:\/\/www.uv.mx\/prensa\/files\/2019\/05\/160519-Inauguracion-IV-Foro-de-Lenguas-Maternas-1-300x196.jpg 300w\" sizes=\"(max-width: 722px) 100vw, 722px\" \/><\/a><p id=\"caption-attachment-67903\" class=\"wp-caption-text\">Lourdes Budar Jim\u00e9nez<\/p><\/div>\n<p>&nbsp;<\/p>\n<p><b><i><span data-contrast=\"none\">Carlos Hugo Hermida Rosales<\/span><\/i><\/b><span data-ccp-props=\"{}\">\u00a0<\/span><\/p>\n<p><b><i><span data-contrast=\"none\">16\/05\/<\/span><\/i><\/b><b><i><span data-contrast=\"none\">19<\/span><\/i><\/b><b><i><span data-contrast=\"none\">,<\/span><\/i><\/b> <b><i><span data-contrast=\"none\">Xalapa, Ver.<\/span><\/i><\/b><b><i><span data-contrast=\"none\">&#8211;<\/span><\/i><\/b> <span data-contrast=\"none\">Lourdes <\/span><span data-contrast=\"none\">Budar<\/span><span data-contrast=\"none\"> Jim\u00e9nez, directora de la Universidad Veracruzana Intercultural (UVI), mencion\u00f3 que seg\u00fan datos de la <\/span><span data-contrast=\"none\">Organizaci\u00f3n de las Naciones Unidas para la Educaci\u00f3n, la Ciencia y la Cultura (UNESCO), anualmente se extinguen 26 lenguas a nivel mundial, lo que reduce la diversidad ling\u00fc\u00edstica global a<\/span> <span data-contrast=\"none\">ritmo muy acelerado.\u00a0<\/span><span data-ccp-props=\"{}\">\u00a0<\/span><\/p>\n<p><span data-contrast=\"none\">\u201cEsta desaparici\u00f3n de lenguajes ocurre por conflictos pol\u00edticos y tensiones econ\u00f3micas, sobre todo<\/span><span data-contrast=\"none\"> por<\/span><span data-contrast=\"none\"> coacciones sociales y discriminaci\u00f3n\u201d, afirm\u00f3.<\/span><span data-ccp-props=\"{&quot;335559731&quot;:708}\">\u00a0<\/span><\/p>\n<p><span data-contrast=\"none\">La acad\u00e9mica y directiva particip\u00f3 en la inauguraci\u00f3n del IV Foro Internacional de Lenguas Maternas por el Mundo, el 16 de mayo en el Auditorio \u201cJes\u00fas Morales Fern\u00e1ndez\u201d de la Unidad de Humanidades.\u00a0<\/span><span data-ccp-props=\"{&quot;335559731&quot;:708}\">\u00a0<\/span><\/p>\n<p><span data-contrast=\"none\">El evento, <\/span><span data-contrast=\"none\">que concluye este viernes 17 de mayo, es organizado por la UVI y la Facultad de Idiomas <\/span><span data-contrast=\"none\">de<\/span><span data-contrast=\"none\"> la Universidad Veracruzana (UV), con el objetivo de<\/span><span data-contrast=\"none\"> promover el uso de la lengua materna como s\u00edmbolo de perpetuaci\u00f3n de las lenguas, costumbres y tradiciones que determinan la identidad de cada individuo.\u00a0<\/span><span data-ccp-props=\"{&quot;335559731&quot;:708}\">\u00a0<\/span><\/p>\n<p><span data-contrast=\"none\">Lourdes <\/span><span data-contrast=\"none\">Budar<\/span><span data-contrast=\"none\"> coment\u00f3 que el lenguaje ha acompa\u00f1ado el desarrollo evolutivo de la humanidad, y que las personas aprendieron a hablar antes de <\/span><span data-contrast=\"none\">inventar <\/span><span data-contrast=\"none\">el racismo<\/span><span data-contrast=\"none\"> y de legitimar e institucionalizar la violencia y la discriminaci\u00f3n<\/span><span data-contrast=\"none\">.<\/span><span data-ccp-props=\"{&quot;335559731&quot;:708}\">\u00a0<\/span><\/p>\n<p><span data-contrast=\"none\">\u201c<\/span><span data-contrast=\"none\">El lenguaje no tiene color en la piel, ni se rige por clases, edad, o g\u00e9nero social<\/span><span data-contrast=\"none\">\u201d, expres\u00f3.<\/span><span data-ccp-props=\"{&quot;335559731&quot;:708}\">\u00a0<\/span><\/p>\n<p><span data-contrast=\"none\">Declar\u00f3 que t<\/span><span data-contrast=\"none\">odos los idiomas son maternos, <\/span><span data-contrast=\"none\">y que desde siempre<\/span><span data-contrast=\"none\"> alguien ha si<\/span><span data-contrast=\"none\">do socializado en <\/span><span data-contrast=\"none\">alguna de la<\/span><span data-contrast=\"none\">s<\/span> <span data-contrast=\"none\">m\u00e1s<\/span> <span data-contrast=\"none\">de 16 mil <\/span><span data-contrast=\"none\">lenguas de la<\/span><span data-contrast=\"none\">s que <\/span><span data-contrast=\"none\">se tiene<\/span> <span data-contrast=\"none\">registro hist\u00f3rico<\/span><span data-contrast=\"none\">.<\/span><span data-contrast=\"none\"> Enfatiz\u00f3 que \u201cexisten m\u00e1s <\/span><span data-contrast=\"none\">lenguajes<\/span><span data-contrast=\"none\"> que naciones en la historia de la humanidad\u201d.\u00a0<\/span><span data-ccp-props=\"{&quot;335559731&quot;:708}\">\u00a0<\/span><\/p>\n<p><span data-contrast=\"none\">La catedr\u00e1tica destac\u00f3 que en Veracruz se hablan y se escuchan al menos <\/span><span data-contrast=\"none\">14<\/span><span data-contrast=\"none\"> lenguas distintas al espa\u00f1ol, todas ellas con profundo arraigo al paisaje que habitan, con amplios saberes locales y conocimientos desarrollados en su propia visi\u00f3n del mundo.<\/span><span data-ccp-props=\"{&quot;335559731&quot;:708}\">\u00a0<\/span><\/p>\n<p><span data-contrast=\"none\">Enunci\u00f3 que cuando un sistema obliga a las personas que gobierna a pensar en un idioma diferente demerita las lenguas maternas, por lo que la sociedad no puede operar bajo un pensamiento que no reconoce <\/span><span data-contrast=\"none\">el potencial explicativo y creativo del conocimiento de estos idiomas<\/span><span data-contrast=\"none\">.<\/span><span data-contrast=\"none\">\u00a0<\/span><span data-ccp-props=\"{&quot;335559731&quot;:708}\">\u00a0<\/span><\/p>\n<p><span data-contrast=\"none\">Carmen B\u00e1ez Vel\u00e1zquez, directora de la Facultad de Idiomas, mencion\u00f3 que el IV Foro Internacional de Lenguas Maternas por el Mundo es una muestra de c\u00f3mo dos entidades acad\u00e9micas de la UV laboran en conjunto por la perpetuidad, promoci\u00f3n y difusi\u00f3n de las lenguas ind\u00edgenas mexicanas y del mundo, as\u00ed como por la diversidad cultural.<\/span><span data-ccp-props=\"{&quot;335559731&quot;:708}\">\u00a0<\/span><\/p>\n<p><span data-contrast=\"none\">\u201cDesde la UV <\/span><span data-contrast=\"none\">se<\/span><span data-contrast=\"none\"> reconoce el patrimonio ling\u00fc\u00edstico de<\/span><span data-contrast=\"none\"> cada comunidad sin importar qu\u00e9<\/span><span data-contrast=\"none\"> tan grande o <\/span><span data-contrast=\"none\">peque\u00f1a<\/span><span data-contrast=\"none\"> sea\u201d, asegur\u00f3.<\/span><span data-ccp-props=\"{&quot;335559731&quot;:708}\">\u00a0<\/span><\/p>\n<p><span data-contrast=\"none\">El evento inaugural tambi\u00e9n cont\u00f3 con la presencia de Magdalena Hern\u00e1ndez Alarc\u00f3n, secretaria Acad\u00e9mica de la UV, y Mandy <\/span><span data-contrast=\"none\">Jimmie<\/span><span data-contrast=\"none\">, investigadora del Nicola Valley <\/span><span data-contrast=\"none\">Institute<\/span> <span data-contrast=\"none\">Technology<\/span><span data-contrast=\"none\">.<\/span><span data-ccp-props=\"{&quot;335559731&quot;:708}\">\u00a0<\/span><\/p>\n<p>&nbsp;<\/p>\n<div id=\"attachment_67904\" style=\"width: 732px\" class=\"wp-caption aligncenter\"><a href=\"https:\/\/www.uv.mx\/prensa\/files\/2019\/05\/160519-Inauguracion-IV-Foro-de-Lenguas-Maternas-2.jpg\"><img aria-describedby=\"caption-attachment-67904\" decoding=\"async\" loading=\"lazy\" class=\"size-full wp-image-67904\" src=\"https:\/\/www.uv.mx\/prensa\/files\/2019\/05\/160519-Inauguracion-IV-Foro-de-Lenguas-Maternas-2.jpg\" alt=\"\" width=\"722\" height=\"460\" srcset=\"https:\/\/www.uv.mx\/prensa\/files\/2019\/05\/160519-Inauguracion-IV-Foro-de-Lenguas-Maternas-2.jpg 722w, https:\/\/www.uv.mx\/prensa\/files\/2019\/05\/160519-Inauguracion-IV-Foro-de-Lenguas-Maternas-2-300x191.jpg 300w\" sizes=\"(max-width: 722px) 100vw, 722px\" \/><\/a><p id=\"caption-attachment-67904\" class=\"wp-caption-text\">Carmen B\u00e1ez Vel\u00e1zquez<\/p><\/div>\n","protected":false},"excerpt":{"rendered":"<p>\u201cEl lenguaje no tiene color en la piel, ni se rige por clases, edad, o g\u00e9nero\u201d, expres\u00f3 Lourde Budar, directora de la Universidad Veracruzana Intercultural, en la inauguraci\u00f3n del IV Foro Internacional de Lenguas Maternas por el Mundo<\/p>\n","protected":false},"author":1508,"featured_media":67902,"comment_status":"closed","ping_status":"closed","sticky":false,"template":"","format":"standard","meta":[],"categories":[61],"tags":[],"_links":{"self":[{"href":"https:\/\/www.uv.mx\/prensa\/wp-json\/wp\/v2\/posts\/67901"}],"collection":[{"href":"https:\/\/www.uv.mx\/prensa\/wp-json\/wp\/v2\/posts"}],"about":[{"href":"https:\/\/www.uv.mx\/prensa\/wp-json\/wp\/v2\/types\/post"}],"author":[{"embeddable":true,"href":"https:\/\/www.uv.mx\/prensa\/wp-json\/wp\/v2\/users\/1508"}],"replies":[{"embeddable":true,"href":"https:\/\/www.uv.mx\/prensa\/wp-json\/wp\/v2\/comments?post=67901"}],"version-history":[{"count":0,"href":"https:\/\/www.uv.mx\/prensa\/wp-json\/wp\/v2\/posts\/67901\/revisions"}],"wp:featuredmedia":[{"embeddable":true,"href":"https:\/\/www.uv.mx\/prensa\/wp-json\/wp\/v2\/media\/67902"}],"wp:attachment":[{"href":"https:\/\/www.uv.mx\/prensa\/wp-json\/wp\/v2\/media?parent=67901"}],"wp:term":[{"taxonomy":"category","embeddable":true,"href":"https:\/\/www.uv.mx\/prensa\/wp-json\/wp\/v2\/categories?post=67901"},{"taxonomy":"post_tag","embeddable":true,"href":"https:\/\/www.uv.mx\/prensa\/wp-json\/wp\/v2\/tags?post=67901"}],"curies":[{"name":"wp","href":"https:\/\/api.w.org\/{rel}","templated":true}]}}