{"id":68139,"date":"2019-05-21T08:00:28","date_gmt":"2019-05-21T13:00:28","guid":{"rendered":"https:\/\/www.uv.mx\/prensa\/?p=68139"},"modified":"2019-05-21T11:34:25","modified_gmt":"2019-05-21T16:34:25","slug":"investigadora-explico-importancia-de-microorganismos-en-el-control-de-plagas","status":"publish","type":"post","link":"https:\/\/www.uv.mx\/prensa\/ciencia\/investigadora-explico-importancia-de-microorganismos-en-el-control-de-plagas\/","title":{"rendered":"Investigadora explic\u00f3 importancia de microorganismos en el control de plagas"},"content":{"rendered":"<ul>\n<li><em>Clara Luz Carri\u00f3n Villarnovo, del Instituto de Ecolog\u00eda, particip\u00f3 en el Seminario Cient\u00edfico del<\/em> Inbioteca<\/li>\n<\/ul>\n<p>&nbsp;<\/p>\n<div id=\"attachment_68103\" style=\"width: 732px\" class=\"wp-caption aligncenter\"><a href=\"https:\/\/www.uv.mx\/prensa\/files\/2019\/05\/200519-KARINA-Gloria-Luz.jpg\"><img aria-describedby=\"caption-attachment-68103\" decoding=\"async\" loading=\"lazy\" class=\"size-full wp-image-68103\" src=\"https:\/\/www.uv.mx\/prensa\/files\/2019\/05\/200519-KARINA-Gloria-Luz.jpg\" alt=\"\" width=\"722\" height=\"478\" srcset=\"https:\/\/www.uv.mx\/prensa\/files\/2019\/05\/200519-KARINA-Gloria-Luz.jpg 722w, https:\/\/www.uv.mx\/prensa\/files\/2019\/05\/200519-KARINA-Gloria-Luz-300x199.jpg 300w\" sizes=\"(max-width: 722px) 100vw, 722px\" \/><\/a><p id=\"caption-attachment-68103\" class=\"wp-caption-text\">\u201cNo se puede ocupar cualquier organismo, nosotros tenemos que ser responsables\u201d<\/p><\/div>\n<p>&nbsp;<\/p>\n<p><b><i><span data-contrast=\"auto\">Karina de la Paz Reyes D\u00edaz<\/span><\/i><\/b><span data-ccp-props=\"{&quot;134233279&quot;:true,&quot;201341983&quot;:0,&quot;335559739&quot;:160,&quot;335559740&quot;:240}\">\u00a0<\/span><\/p>\n<p><b><i><span data-contrast=\"auto\">21\/05\/19, Xalapa, Ver.-<\/span><\/i><\/b> <span data-contrast=\"auto\">Clara Luz Carri\u00f3n <\/span><span data-contrast=\"auto\">Villarnovo<\/span><span data-contrast=\"auto\">,<\/span> <span data-contrast=\"auto\">investigadora <\/span><span data-contrast=\"auto\">del Ins<\/span><span data-contrast=\"auto\">tituto de Ecolog\u00eda<\/span><span data-contrast=\"auto\">,<\/span><span data-contrast=\"auto\"> A. C. (<\/span><i><span data-contrast=\"auto\">Inecol<\/span><\/i><span data-contrast=\"auto\">)<\/span><span data-contrast=\"auto\">, particip\u00f3<\/span><span data-contrast=\"auto\"> en el Seminario C<\/span><span data-contrast=\"auto\">ient\u00edfico del <\/span><a href=\"https:\/\/www.uv.mx\/inbioteca\/\"><span data-contrast=\"auto\">Instituto de Biotecnolog\u00eda y Ecolog\u00eda Aplicada<\/span><\/a><span data-contrast=\"auto\"> (<\/span><i><span data-contrast=\"auto\">Inbioteca<\/span><\/i><span data-contrast=\"auto\">) de la Universidad Veracruzana (UV), con la ponencia \u201cImportancia de los microorganismos para el control de plagas y enfermedades\u201d.<\/span><span data-ccp-props=\"{&quot;134233279&quot;:true,&quot;201341983&quot;:0,&quot;335559739&quot;:160,&quot;335559740&quot;:240}\">\u00a0<\/span><\/p>\n<p><span data-contrast=\"auto\">La cient\u00edfica<\/span><span data-contrast=\"auto\">, quien<\/span><span data-contrast=\"auto\"> tiene a su cargo la Planta Piloto \u201cDesarrollo de agentes de control biol\u00f3gico\u201d en el Campus III del <\/span><span data-contrast=\"auto\">Cluster<\/span> <span data-contrast=\"auto\">Biomimic<\/span><span data-contrast=\"auto\"> del <\/span><i><span data-contrast=\"auto\">Inecol<\/span><\/i><span data-contrast=\"auto\">, habl\u00f3 a los estudiantes de posgrado sobre la agricultura tradicional, convenc<\/span><span data-contrast=\"auto\">ional o moderna y la ecol\u00f3gica.<\/span><span data-ccp-props=\"{&quot;134233279&quot;:true,&quot;201341983&quot;:0,&quot;335559739&quot;:160,&quot;335559740&quot;:240}\">\u00a0<\/span><\/p>\n<p><span data-contrast=\"auto\">Asimismo,<\/span><span data-contrast=\"auto\"> dio detalles sobre<\/span><span data-contrast=\"auto\"> los nematodos (animales microsc\u00f3picos) y la problem\u00e1tica que causan. <\/span><i><span data-contrast=\"auto\">Groso modo<\/span><\/i><span data-contrast=\"auto\">, s<\/span><span data-contrast=\"auto\">e trata de microrganismos que habitan en la mayor\u00eda de los ecosistemas (agua, suelo y sobre los organismos vivos)<\/span><span data-contrast=\"auto\">; p<\/span><span data-contrast=\"auto\">or otro lado, enlist\u00f3 algunos de los cultivos con problemas de n<\/span><span data-contrast=\"auto\">ematodos formadores de quistes.<\/span><span data-ccp-props=\"{&quot;134233279&quot;:true,&quot;201341983&quot;:0,&quot;335559739&quot;:160,&quot;335559740&quot;:240}\">\u00a0<\/span><\/p>\n<p><span data-contrast=\"auto\">Precisamente, e<\/span><span data-contrast=\"auto\">l nematodo <\/span><i><span data-contrast=\"auto\">Globodera<\/span><\/i> <i><span data-contrast=\"auto\">rostochiensis<\/span><\/i><span data-contrast=\"auto\"> afecta cultivos como<\/span><span data-contrast=\"auto\"> el de la papa, tomate y berenjena<\/span><span data-contrast=\"auto\">,<\/span><span data-contrast=\"auto\"> y para tal escenario el equipo de trabajo que encabeza desarroll\u00f3 una investigaci\u00f3n sobre un hongo cuya capacidad le permite alimentarse de este<\/span><span data-contrast=\"auto\"> microrganismo<\/span><span data-contrast=\"auto\">.\u00a0<\/span><span data-ccp-props=\"{&quot;134233279&quot;:true,&quot;201341983&quot;:0,&quot;335559731&quot;:708,&quot;335559739&quot;:160,&quot;335559740&quot;:240}\">\u00a0<\/span><\/p>\n<p><span data-contrast=\"auto\">La propuesta atiende una problem\u00e1tica<\/span><span data-contrast=\"auto\"> que desde hace d\u00e9cadas padecen <\/span><span data-contrast=\"auto\">los productores de papa de<\/span><span data-contrast=\"auto\"> la regi\u00f3n del Cofre de Perote; asimismo<\/span><span data-contrast=\"auto\">, se trata de un control biol\u00f3gico de la plaga que evita la aplicaci\u00f3n de qu\u00edmicos, lo cual altera considerablemente el suelo.<\/span><span data-ccp-props=\"{&quot;134233279&quot;:true,&quot;201341983&quot;:0,&quot;335559731&quot;:708,&quot;335559739&quot;:160,&quot;335559740&quot;:240}\">\u00a0<\/span><\/p>\n<p><span data-contrast=\"auto\">Pero la intenci\u00f3n de la cient\u00edfica, m\u00e1s all\u00e1 de compartirles parte del proceso de investigaci\u00f3n a los estudiantes<\/span><span data-contrast=\"auto\"> de posgrado, fue remarcar<\/span><span data-contrast=\"auto\"> que se trata de investigaciones que requieren a\u00f1os de trabajo.<\/span><span data-ccp-props=\"{&quot;134233279&quot;:true,&quot;201341983&quot;:0,&quot;335559731&quot;:708,&quot;335559739&quot;:160,&quot;335559740&quot;:240}\">\u00a0<\/span><\/p>\n<p><span data-contrast=\"auto\">\u201cLa presentaci\u00f3n la titul\u00e9 as\u00ed porque para m\u00ed es frecuente encontrar alumnos que quieren llegar<\/span> <span data-contrast=\"auto\">muy r\u00e1pido a ver cosas de control biol\u00f3gico. Pero antes de llegar a un pu<\/span><span data-contrast=\"auto\">nto en el que se puede proponer un producto para ser usado en el sector agr\u00edcola, tratando de controlar enfermedades de plantas \u2013ya sea plagas o <\/span><span data-contrast=\"auto\">fitopat\u00f3genos<\/span><span data-contrast=\"auto\">\u2013<\/span><span data-contrast=\"auto\">,<\/span> <span data-contrast=\"auto\">hay que pasar<\/span><span data-contrast=\"auto\"> por todo un proceso de trabajo<\/span><span data-contrast=\"auto\">, <\/span><span data-contrast=\"auto\">por muchos estudios que implican<\/span><span data-contrast=\"auto\"> desde conocimientos muy b\u00e1sicos, hasta aspectos muy administrativos.\u201d<\/span><span data-ccp-props=\"{&quot;134233279&quot;:true,&quot;201341983&quot;:0,&quot;335559739&quot;:160,&quot;335559740&quot;:240}\">\u00a0<\/span><\/p>\n<p><span data-contrast=\"auto\">Carri\u00f3n <\/span><span data-contrast=\"auto\">Villarnovo<\/span><span data-contrast=\"auto\"> inici\u00f3 tales <\/span><span data-contrast=\"auto\">estudios en el 2000, y <\/span><span data-contrast=\"auto\">a partir de 2010 logr<\/span><span data-contrast=\"auto\">\u00f3<\/span><span data-contrast=\"auto\"> apoyo financiero para continuarlos<\/span><span data-contrast=\"auto\">, por lo que en los \u00faltimos nueve a\u00f1os ha sido posible avanzar <\/span><span data-contrast=\"auto\">de manera m\u00e1s significativa <\/span><span data-contrast=\"auto\">en la investigaci\u00f3n<\/span><span data-contrast=\"auto\">.<\/span><span data-ccp-props=\"{&quot;134233279&quot;:true,&quot;201341983&quot;:0,&quot;335559739&quot;:160,&quot;335559740&quot;:240}\">\u00a0<\/span><\/p>\n<p><span data-contrast=\"auto\">El <\/span><span data-contrast=\"auto\">bione<\/span><span data-contrast=\"auto\">ma<\/span><span data-contrast=\"auto\">ticida<\/span><span data-contrast=\"auto\">, cuyo nombre est\u00e1 por licenciarse, ya <\/span><span data-contrast=\"auto\">cuenta con patentes otorgadas en Sud\u00e1frica, China, Colombia, Nueva Zelanda, Australia<\/span><span data-contrast=\"auto\">, Rusia, Estados Unidos, M\u00e9xico, y recientemente en la Uni\u00f3n Europea.<\/span><span data-ccp-props=\"{&quot;134233279&quot;:true,&quot;201341983&quot;:0,&quot;335559731&quot;:708,&quot;335559739&quot;:160,&quot;335559740&quot;:240}\">\u00a0<\/span><\/p>\n<p><span data-contrast=\"auto\">La cient\u00edfica aclar\u00f3: \u201cHay muchos estudios, pero de hacer un<\/span><span data-contrast=\"auto\">o<\/span><span data-contrast=\"auto\"> a generar un producto que se pueda aplicar en campo, es mucho tiempo<\/span><span data-contrast=\"auto\">; p<\/span><span data-contrast=\"auto\">orque<\/span><span data-contrast=\"auto\">,<\/span><span data-contrast=\"auto\"> adem\u00e1s, est\u00e1 la parte de la bioseguridad. No se puede ocupar cualquier organismo, nosotros tenemos que ser responsables en ese sentido\u201d.<\/span><span data-ccp-props=\"{&quot;134233279&quot;:true,&quot;201341983&quot;:0,&quot;335559731&quot;:708,&quot;335559739&quot;:160,&quot;335559740&quot;:240}\">\u00a0<\/span><\/p>\n","protected":false},"excerpt":{"rendered":"<p>Clara Luz Carri\u00f3n Villarnovo, del Instituto de Ecolog\u00eda, particip\u00f3 en el Seminario Cient\u00edfico del <em>Inbioteca<\/em><\/p>\n","protected":false},"author":1508,"featured_media":68103,"comment_status":"closed","ping_status":"closed","sticky":false,"template":"","format":"standard","meta":[],"categories":[45],"tags":[],"_links":{"self":[{"href":"https:\/\/www.uv.mx\/prensa\/wp-json\/wp\/v2\/posts\/68139"}],"collection":[{"href":"https:\/\/www.uv.mx\/prensa\/wp-json\/wp\/v2\/posts"}],"about":[{"href":"https:\/\/www.uv.mx\/prensa\/wp-json\/wp\/v2\/types\/post"}],"author":[{"embeddable":true,"href":"https:\/\/www.uv.mx\/prensa\/wp-json\/wp\/v2\/users\/1508"}],"replies":[{"embeddable":true,"href":"https:\/\/www.uv.mx\/prensa\/wp-json\/wp\/v2\/comments?post=68139"}],"version-history":[{"count":0,"href":"https:\/\/www.uv.mx\/prensa\/wp-json\/wp\/v2\/posts\/68139\/revisions"}],"wp:featuredmedia":[{"embeddable":true,"href":"https:\/\/www.uv.mx\/prensa\/wp-json\/wp\/v2\/media\/68103"}],"wp:attachment":[{"href":"https:\/\/www.uv.mx\/prensa\/wp-json\/wp\/v2\/media?parent=68139"}],"wp:term":[{"taxonomy":"category","embeddable":true,"href":"https:\/\/www.uv.mx\/prensa\/wp-json\/wp\/v2\/categories?post=68139"},{"taxonomy":"post_tag","embeddable":true,"href":"https:\/\/www.uv.mx\/prensa\/wp-json\/wp\/v2\/tags?post=68139"}],"curies":[{"name":"wp","href":"https:\/\/api.w.org\/{rel}","templated":true}]}}