{"id":68395,"date":"2019-05-24T08:37:14","date_gmt":"2019-05-24T13:37:14","guid":{"rendered":"https:\/\/www.uv.mx\/prensa\/?p=68395"},"modified":"2019-05-24T08:37:14","modified_gmt":"2019-05-24T13:37:14","slug":"fime-xalapa-realiza-el-ii-foro-de-egresados","status":"publish","type":"post","link":"https:\/\/www.uv.mx\/prensa\/general\/fime-xalapa-realiza-el-ii-foro-de-egresados\/","title":{"rendered":"FIME-Xalapa realiza el II Foro de Egresados"},"content":{"rendered":"<ul>\n<li><i><span data-contrast=\"auto\">Compart<\/span><\/i><i><span data-contrast=\"auto\">en<\/span><\/i><i><span data-contrast=\"auto\"> experiencias laborales con estudiantes, acad\u00e9micos y directivos<\/span><\/i><\/li>\n<li><i><span data-contrast=\"auto\">T<\/span><\/i><i><span data-contrast=\"auto\">odas las grandes ideas han salido de una necesidad global, y \u00e9sas definitivamente son las m\u00e1s importantes<\/span><\/i><i><span data-contrast=\"auto\">: <\/span><\/i><i><span data-contrast=\"auto\">Luis S\u00e1nchez \u00c1vila<\/span><\/i><span data-ccp-props=\"{&quot;134233279&quot;:true,&quot;201341983&quot;:0,&quot;335559739&quot;:160,&quot;335559740&quot;:240}\">\u00a0<\/span>\n<div><\/div>\n<\/li>\n<\/ul>\n<p>&nbsp;<\/p>\n<div id=\"attachment_68396\" style=\"width: 732px\" class=\"wp-caption aligncenter\"><a href=\"https:\/\/www.uv.mx\/prensa\/files\/2019\/05\/230519-FORO-DE-EGRESADOS-FIME-1.jpg\"><img aria-describedby=\"caption-attachment-68396\" decoding=\"async\" loading=\"lazy\" class=\"size-full wp-image-68396\" src=\"https:\/\/www.uv.mx\/prensa\/files\/2019\/05\/230519-FORO-DE-EGRESADOS-FIME-1.jpg\" alt=\"\" width=\"722\" height=\"482\" srcset=\"https:\/\/www.uv.mx\/prensa\/files\/2019\/05\/230519-FORO-DE-EGRESADOS-FIME-1.jpg 722w, https:\/\/www.uv.mx\/prensa\/files\/2019\/05\/230519-FORO-DE-EGRESADOS-FIME-1-300x200.jpg 300w\" sizes=\"(max-width: 722px) 100vw, 722px\" \/><\/a><p id=\"caption-attachment-68396\" class=\"wp-caption-text\">Autoridades universitarias encabezaron la inauguraci\u00f3n del II Foro de Egresados de la FIME-UV<\/p><\/div>\n<p><b><i><span data-contrast=\"auto\">Claudia Peralta V\u00e1zquez<\/span><\/i><\/b><span data-ccp-props=\"{&quot;201341983&quot;:0,&quot;335559739&quot;:160,&quot;335559740&quot;:240}\">\u00a0<\/span><\/p>\n<p><b><i><span data-contrast=\"auto\">2<\/span><\/i><\/b><b><i><span data-contrast=\"auto\">4<\/span><\/i><\/b><b><i><span data-contrast=\"auto\">\/05\/2019, Xalapa, <\/span><\/i><\/b><b><i><span data-contrast=\"auto\">Ver.-<\/span><\/i><\/b> <span data-contrast=\"auto\">El II Foro de Egresados de la Facultad de Ingenier\u00eda Mec\u00e1nica y El\u00e9ctrica (FIME-Xalapa) 2019 \u201cUniendo voluntades lo lograr\u00e1s\u201d, inici\u00f3 actividades e<\/span><span data-contrast=\"auto\">l<\/span><span data-contrast=\"auto\"> jueves 23 de mayo con la finalidad de que los alumnos actuales conozcan el quehacer profesional de las generaciones que les preceden.\u00a0\u00a0\u00a0<\/span><span data-ccp-props=\"{&quot;201341983&quot;:0,&quot;335559739&quot;:160,&quot;335559740&quot;:240}\">\u00a0<\/span><\/p>\n<p><span data-contrast=\"auto\">Eduardo Gasca Herrera, titular de la Direcci\u00f3n General del \u00c1rea Acad\u00e9mica T\u00e9cnica (DGAAT) de la Universidad Veracruzana (UV), inaugur\u00f3 este <\/span><span data-contrast=\"auto\">evento que <\/span><span data-contrast=\"auto\">tiene lugar en el auditorio de la Facultad de Ingenier\u00eda Civil, <\/span><span data-contrast=\"auto\">con actividades e<\/span><span data-contrast=\"auto\">ste<\/span><span data-contrast=\"auto\"> viernes <\/span><span data-contrast=\"auto\">24<\/span><span data-contrast=\"auto\">.<\/span><span data-ccp-props=\"{&quot;201341983&quot;:0,&quot;335559731&quot;:708,&quot;335559739&quot;:160,&quot;335559740&quot;:240}\">\u00a0<\/span><\/p>\n<p><span data-contrast=\"auto\">En su mensaje, destac\u00f3 que <\/span><span data-contrast=\"auto\">actualmente<\/span><span data-contrast=\"auto\"> la<\/span> <span data-contrast=\"auto\">DGAAT<\/span> <span data-contrast=\"auto\">se encuentra <\/span><span data-contrast=\"auto\">en la etapa de restructuraci\u00f3n de sus<\/span><span data-contrast=\"auto\"> 23 programas educativos (PE)<\/span><span data-contrast=\"auto\">, que en total suman 53 en la<\/span><span data-contrast=\"auto\">s cinco regiones universitarias; p<\/span><span data-contrast=\"auto\">or lo tanto, subray\u00f3 la importancia de este tipo de espacios que sirven para <\/span><span data-contrast=\"auto\">retroalimentar y mejorar cada uno de los PE<\/span><span data-contrast=\"auto\"> que<\/span><span data-contrast=\"auto\"> oferta la <\/span><span data-contrast=\"auto\">DGAAT<\/span><span data-contrast=\"auto\">.<\/span><span data-ccp-props=\"{&quot;201341983&quot;:0,&quot;335559731&quot;:708,&quot;335559739&quot;:160,&quot;335559740&quot;:240}\">\u00a0<\/span><\/p>\n<p><span data-contrast=\"auto\">\u201cNo<\/span><span data-contrast=\"auto\">s<\/span><span data-contrast=\"auto\"> debemos olvidar de las ingenier\u00edas b\u00e1sicas y tradicionales, tenemos que ir y ver m\u00e1s all\u00e1.\u201d<\/span><span data-ccp-props=\"{&quot;201341983&quot;:0,&quot;335559731&quot;:708,&quot;335559739&quot;:160,&quot;335559740&quot;:240}\">\u00a0<\/span><\/p>\n<p><span data-contrast=\"auto\">Al respecto, dijo que se deben tomar en cuenta las <\/span><span data-contrast=\"auto\">certificaciones y el <\/span><span data-contrast=\"auto\">compromiso que exigen la industria y los colegios, \u201ce<\/span><span data-contrast=\"auto\">s un compromiso <\/span><span data-contrast=\"auto\">que nosotros debemos abordar\u201d.<\/span><span data-ccp-props=\"{&quot;201341983&quot;:0,&quot;335559731&quot;:708,&quot;335559739&quot;:160,&quot;335559740&quot;:240}\">\u00a0<\/span><\/p>\n<p><span data-contrast=\"auto\">Expuso que en la regi\u00f3n sur-sureste del pa\u00eds, la UV e<\/span><span data-contrast=\"auto\">s la instituci\u00f3n m\u00e1s reconocida<\/span><span data-contrast=\"auto\"> y una de las cinco mejores a nivel nacional<\/span><span data-contrast=\"auto\">;<\/span><span data-contrast=\"auto\"> sin embargo, ese logro debe mejorarse y re<\/span><span data-contrast=\"auto\">troalimentarse a trav\u00e9s de <\/span><span data-contrast=\"auto\">foros<\/span><span data-contrast=\"auto\"> de este tipo<\/span><span data-contrast=\"auto\"> donde se escuche a los egresados y a las empresas.<\/span><span data-ccp-props=\"{&quot;201341983&quot;:0,&quot;335559731&quot;:708,&quot;335559739&quot;:160,&quot;335559740&quot;:240}\">\u00a0<\/span><\/p>\n<p><span data-contrast=\"auto\">\u201cDebemos continuar con el <\/span><span data-contrast=\"auto\">seguimiento de cada una de las firmas de convenio que se t<\/span><span data-contrast=\"auto\">ienen, en donde los estudiantes<\/span> <span data-contrast=\"auto\">\u2013<\/span><span data-contrast=\"auto\">a trav\u00e9s <\/span><span data-contrast=\"auto\">de una <\/span><span data-contrast=\"auto\">estancia o pr\u00e1ctica profesional<\/span><span data-contrast=\"auto\">\u2013<\/span> <span data-contrast=\"auto\">est\u00e1n inmersos en las necesidade<\/span><span data-contrast=\"auto\">s<\/span><span data-contrast=\"auto\"> de cada una de las industrias.\u201d<\/span><span data-ccp-props=\"{&quot;201341983&quot;:0,&quot;335559731&quot;:708,&quot;335559739&quot;:160,&quot;335559740&quot;:240}\">\u00a0<\/span><\/p>\n<p><span data-contrast=\"auto\">El funcionario tambi\u00e9n habl\u00f3 sobre la posibilidad de implementar<\/span><span data-contrast=\"auto\">,<\/span><span data-contrast=\"auto\"> a partir del pr\u00f3ximo ciclo escolar<\/span><span data-contrast=\"auto\">,<\/span><span data-contrast=\"auto\"> el Modelo Mexicano de Formaci\u00f3n Dual. <\/span><span data-contrast=\"auto\">Como parte del mismo, <\/span><span data-contrast=\"auto\">desde el primer semestre los alumnos estar\u00e1n inmersos en la industria con un proyecto y un programa de rotaci\u00f3n de puestos y necesidades, cuyos cr\u00e9ditos ser\u00e1n evaluados tanto por la empresa como por los acad\u00e9micos.<\/span><span data-ccp-props=\"{&quot;201341983&quot;:0,&quot;335559731&quot;:708,&quot;335559739&quot;:160,&quot;335559740&quot;:240}\">\u00a0<\/span><\/p>\n<p><span data-contrast=\"auto\">\u201cAhora tendremos una figura<\/span><span data-contrast=\"auto\"> importante<\/span><span data-contrast=\"auto\"> que se har\u00e1 llamar un tutor profesionalizante<\/span><span data-contrast=\"auto\">,<\/span><span data-contrast=\"auto\"> que dar\u00e1 seguimiento<\/span><span data-contrast=\"auto\"> al<\/span><span data-contrast=\"auto\"> aprendizaje tanto de<\/span><span data-contrast=\"auto\"> la empresa como de la academia<\/span><span data-contrast=\"auto\">.<\/span><span data-contrast=\"auto\">\u201d<\/span><span data-ccp-props=\"{&quot;201341983&quot;:0,&quot;335559731&quot;:708,&quot;335559739&quot;:160,&quot;335559740&quot;:240}\">\u00a0<\/span><\/p>\n<p><span data-contrast=\"auto\">Al definir el papel de un<\/span><span data-contrast=\"auto\"> egresado, <\/span><span data-contrast=\"auto\">Francisco Rica\u00f1o Herrera, director de la FIME-Xalapa<\/span><span data-contrast=\"auto\">, resalt\u00f3 que implica la necesidad de posicionarse en un marco de referencia<\/span><span data-contrast=\"auto\">, \u201cy \u00e9<\/span><span data-contrast=\"auto\">ste no puede ser otro m\u00e1s que la necesidad q<\/span><span data-contrast=\"auto\">ue tienen los PE por indagar qu\u00e9<\/span><span data-contrast=\"auto\"> tan pertinentes son en el contexto cambiante\u201d.<\/span><span data-ccp-props=\"{&quot;201341983&quot;:0,&quot;335559731&quot;:708,&quot;335559739&quot;:160,&quot;335559740&quot;:240}\">\u00a0<\/span><\/p>\n<p><span data-contrast=\"auto\">Expres\u00f3 que el egresado es el puente y la interfaz que ayuda a traducir los imperantes llamados del entorno para replicarlos en su alma m\u00e1ter<\/span><span data-contrast=\"auto\"> y<\/span><span data-contrast=\"auto\"> particularmente en su <\/span><span data-contrast=\"auto\">F<\/span><span data-contrast=\"auto\">acultad, d<\/span><span data-contrast=\"auto\">e tal forma que retroalimentan<\/span><span data-contrast=\"auto\"> a los alumnos, a los docentes, a los directivos y al mismo PE.<\/span><span data-ccp-props=\"{&quot;201341983&quot;:0,&quot;335559731&quot;:708,&quot;335559739&quot;:160,&quot;335559740&quot;:240}\">\u00a0<\/span><\/p>\n<div id=\"attachment_68397\" style=\"width: 732px\" class=\"wp-caption aligncenter\"><a href=\"https:\/\/www.uv.mx\/prensa\/files\/2019\/05\/230519-FORO-DE-EGRESADOS-FIME-2.jpg\"><img aria-describedby=\"caption-attachment-68397\" decoding=\"async\" loading=\"lazy\" class=\"size-full wp-image-68397\" src=\"https:\/\/www.uv.mx\/prensa\/files\/2019\/05\/230519-FORO-DE-EGRESADOS-FIME-2.jpg\" alt=\"\" width=\"722\" height=\"482\" srcset=\"https:\/\/www.uv.mx\/prensa\/files\/2019\/05\/230519-FORO-DE-EGRESADOS-FIME-2.jpg 722w, https:\/\/www.uv.mx\/prensa\/files\/2019\/05\/230519-FORO-DE-EGRESADOS-FIME-2-300x200.jpg 300w\" sizes=\"(max-width: 722px) 100vw, 722px\" \/><\/a><p id=\"caption-attachment-68397\" class=\"wp-caption-text\">Universitarios participaron dentro del II Foro de Egresados<\/p><\/div>\n<p><span data-contrast=\"auto\">En tanto, <\/span><span data-contrast=\"auto\">Luis S\u00e1nchez \u00c1vila, presidente de<\/span> <span data-contrast=\"auto\">l<\/span><span data-contrast=\"auto\">a<\/span> <span data-contrast=\"auto\">Confederaci\u00f3n Patronal de la Rep\u00fablica Mexicana (<\/span><i><span data-contrast=\"auto\">Coparmex<\/span><\/i><span data-contrast=\"auto\">)<\/span><span data-contrast=\"auto\">, <\/span><span data-contrast=\"auto\">recomend\u00f3 a los estudiantes <\/span><span data-contrast=\"auto\">que <\/span><span data-contrast=\"auto\">al egresar<\/span><span data-contrast=\"auto\"> de la facultad<\/span> <span data-contrast=\"auto\">bus<\/span><span data-contrast=\"auto\">quen algo nuevo<\/span> <span data-contrast=\"auto\">que les <\/span><span data-contrast=\"auto\">guste y satisfaga una necesidad, <\/span><span data-contrast=\"auto\">\u201c<\/span><span data-contrast=\"auto\">s<\/span><span data-contrast=\"auto\">obre todo una <\/span><span data-contrast=\"auto\">necesidad que impacte no s\u00f3<\/span><span data-contrast=\"auto\">lo a nivel regional o nacional,<\/span><span data-contrast=\"auto\"> sino <\/span><span data-contrast=\"auto\">mundial\u201d<\/span><span data-contrast=\"auto\">.<\/span><span data-ccp-props=\"{&quot;201341983&quot;:0,&quot;335559731&quot;:708,&quot;335559739&quot;:160,&quot;335559740&quot;:240}\">\u00a0<\/span><\/p>\n<p><span data-contrast=\"auto\">En su discurso, transmiti\u00f3 que t<\/span><span data-contrast=\"auto\">odas las grandes ideas han salido de una necesidad global, <\/span><span data-contrast=\"auto\">y <\/span><span data-contrast=\"auto\">\u00e9<\/span><span data-contrast=\"auto\">sas<\/span><span data-contrast=\"auto\"> definitivamente<\/span><span data-contrast=\"auto\"> son las <\/span><span data-contrast=\"auto\">m\u00e1s <\/span><span data-contrast=\"auto\">importantes.<\/span><span data-ccp-props=\"{&quot;201341983&quot;:0,&quot;335559731&quot;:708,&quot;335559739&quot;:160,&quot;335559740&quot;:240}\">\u00a0<\/span><\/p>\n<p><span data-contrast=\"auto\">Asimismo, dijo que la <\/span><span data-contrast=\"auto\">prisa por hacer las cosas no siempre es buena consejera <\/span><span data-contrast=\"auto\">y <\/span><span data-contrast=\"auto\">tampoco <\/span><span data-contrast=\"auto\">la primera idea es la <\/span><span data-contrast=\"auto\">mejor.<\/span> <span data-contrast=\"auto\">En este sentido<\/span><span data-contrast=\"auto\">,<\/span><span data-contrast=\"auto\"> los<\/span><span data-contrast=\"auto\"> inst\u00f3 a pensar y planear, a actualizar todos sus conocimientos aprendidos en la <\/span><span data-contrast=\"auto\">Universidad y aplicarlos a la <\/span><span data-contrast=\"auto\">necesidad diaria, <\/span><span data-contrast=\"auto\">\u201c<\/span><span data-contrast=\"auto\">a veces son ideas b\u00e1sicas pero muy exitosas<\/span><span data-contrast=\"auto\">\u201d<\/span><span data-contrast=\"auto\">.<\/span><span data-ccp-props=\"{&quot;201341983&quot;:0,&quot;335559739&quot;:160,&quot;335559740&quot;:240}\">\u00a0<\/span><\/p>\n<p><span data-contrast=\"auto\">Enseguida, <\/span><span data-contrast=\"auto\">Araceli de Jes\u00fas Basurto Arri<\/span><span data-contrast=\"auto\">y<\/span><span data-contrast=\"auto\">aga, <\/span><span data-contrast=\"auto\">representante de la Direcci\u00f3n General<\/span> <span data-contrast=\"auto\">de <\/span><span data-contrast=\"auto\">Vinculaci\u00f3n, <\/span><span data-contrast=\"auto\">manifest\u00f3 que <\/span><span data-contrast=\"auto\">con<\/span><span data-contrast=\"auto\"> el uso de la <\/span><span data-contrast=\"auto\">t<\/span><span data-contrast=\"auto\">ecnolog\u00eda<\/span><span data-contrast=\"auto\"> tambi\u00e9n se <\/span><span data-contrast=\"auto\">h<\/span><span data-contrast=\"auto\">abla de otra transformaci\u00f3n que es la Industria 4.0<\/span><span data-contrast=\"auto\">, <\/span><span data-contrast=\"auto\">la cual<\/span><span data-contrast=\"auto\"> traer\u00e1 el desarrollo de <\/span><span data-contrast=\"auto\">f\u00e1bricas intel<\/span><span data-contrast=\"auto\">igentes y procesos automatizados.<\/span><span data-ccp-props=\"{&quot;201341983&quot;:0,&quot;335559731&quot;:708,&quot;335559739&quot;:160,&quot;335559740&quot;:240}\">\u00a0<\/span><\/p>\n<p><span data-contrast=\"auto\">Subray\u00f3 que lo anterior se <\/span><span data-contrast=\"auto\">traduce en una exigencia p<\/span><span data-contrast=\"auto\">ara los j\u00f3venes profesionistas<\/span><span data-contrast=\"auto\"> pues m\u00e1s<\/span> <span data-contrast=\"auto\">que desempleo <\/span><span data-contrast=\"auto\">traer\u00e1 nuevas formas de trabajo en la<\/span><span data-contrast=\"auto\">s que s\u00f3<\/span><span data-contrast=\"auto\">lo <\/span><span data-contrast=\"auto\">los<\/span><span data-contrast=\"auto\"> preparado<\/span><span data-contrast=\"auto\">s<\/span><span data-contrast=\"auto\">, innovador<\/span><span data-contrast=\"auto\">es<\/span><span data-contrast=\"auto\"> y <\/span><span data-contrast=\"auto\">competitivo<\/span><span data-contrast=\"auto\">s<\/span> <span data-contrast=\"auto\">pod<\/span><span data-contrast=\"auto\">r\u00e1<\/span><span data-contrast=\"auto\">n<\/span><span data-contrast=\"auto\"> ingresar.<\/span><span data-ccp-props=\"{&quot;201341983&quot;:0,&quot;335559731&quot;:708,&quot;335559739&quot;:160,&quot;335559740&quot;:240}\">\u00a0<\/span><\/p>\n<p><span data-contrast=\"auto\">\u201c<\/span><span data-contrast=\"auto\">El mundo de las m\u00e1quinas automatizad<\/span><span data-contrast=\"auto\">as necesita l\u00edderes y son <\/span><span data-contrast=\"auto\">ustedes, aco<\/span><span data-contrast=\"auto\">mpa\u00f1ados de <\/span><span data-contrast=\"auto\">los<\/span><span data-contrast=\"auto\"> acad\u00e9micos<\/span><span data-contrast=\"auto\">.<\/span> <span data-contrast=\"auto\">El <\/span><span data-contrast=\"auto\">egresado es el pilar estrat\u00e9gico en el desarrollo del <\/span><span data-contrast=\"auto\">e<\/span><span data-contrast=\"auto\">stado de Veracruz, de sus aportaciones e innovaciones depende su avance y el impacto que tendr\u00e1<\/span><span data-contrast=\"auto\"> en la globalidad.\u201d<\/span><span data-ccp-props=\"{&quot;201341983&quot;:0,&quot;335559731&quot;:708,&quot;335559739&quot;:160,&quot;335559740&quot;:240}\">\u00a0<\/span><\/p>\n<p><span data-contrast=\"auto\">Por ello, se seguir\u00e1<\/span><span data-contrast=\"auto\">n<\/span><span data-contrast=\"auto\"> sumando voluntades para empoderarlos, actualizarlos, brindarles servicios, eso la UV lo seguir\u00e1 haciendo a trav\u00e9s de la vinculaci\u00f3n con la industria, con las diferentes empresas, con los tres niveles de gobierno, con organizaciones y la misma <\/span><span data-contrast=\"auto\">U<\/span><span data-contrast=\"auto\">niversidad y otras IES.<\/span><span data-ccp-props=\"{&quot;201341983&quot;:0,&quot;335559731&quot;:708,&quot;335559739&quot;:160,&quot;335559740&quot;:240}\">\u00a0<\/span><\/p>\n<p><span data-contrast=\"auto\">Durante la ceremonia<\/span><span data-contrast=\"auto\"> tambi\u00e9n se dio lectura al mensaje del presidente y fundador del Foro de Egresados de la FIME-Xalapa, Andr\u00e9s L\u00f3pez Vel\u00e1zquez, quien por causas <\/span><span data-contrast=\"auto\">ajenas<\/span><span data-contrast=\"auto\"> no pudo estar en el evento pues participa en una reuni\u00f3n del Consejo Nacional de Ciencia y Tecnolog\u00eda (<\/span><i><span data-contrast=\"auto\">Conacyt<\/span><\/i><span data-contrast=\"auto\">)<\/span><span data-contrast=\"auto\"> en relaci\u00f3n al Programa de Redes Tem\u00e1ticas de esa instituci\u00f3n.<\/span><span data-ccp-props=\"{&quot;201341983&quot;:0,&quot;335559731&quot;:708,&quot;335559739&quot;:160,&quot;335559740&quot;:240}\">\u00a0<\/span><\/p>\n<p><span data-contrast=\"auto\">Cabe se\u00f1alar, que en estos dos d\u00edas participan egresados <\/span><span data-contrast=\"auto\">que<\/span><span data-contrast=\"auto\"> actualmente trabajan en la Secretar\u00eda de Protecci\u00f3n Civil <\/span><span data-contrast=\"auto\">estatal<\/span><span data-contrast=\"auto\">, <\/span><span data-contrast=\"auto\">Solerk <\/span><span data-contrast=\"auto\">Energ\u00eda El\u00e9ctrica Alternativa<\/span><span data-contrast=\"auto\">, <\/span><span data-contrast=\"auto\">Nissan<\/span><span data-contrast=\"auto\">, <\/span><span data-contrast=\"auto\">Kenworth<\/span><span data-contrast=\"auto\">, I-SUS Tecnolog\u00edas Limpias,<\/span> <span data-contrast=\"auto\">Dise<\/span><span data-contrast=\"auto\">\u00f1os y Aplicaciones Sustentables <\/span><span data-contrast=\"auto\">Kinik<\/span><span data-contrast=\"auto\">, entre otras.<\/span><span data-ccp-props=\"{&quot;201341983&quot;:0,&quot;335559731&quot;:708,&quot;335559739&quot;:160,&quot;335559740&quot;:240}\">\u00a0<\/span><\/p>\n<p><span data-contrast=\"auto\">En el pres\u00eddium estuvo <\/span><span data-contrast=\"auto\">Mar\u00eda de Lourdes <\/span><span data-contrast=\"auto\">Watty<\/span><span data-contrast=\"auto\"> Urquidi<\/span><span data-contrast=\"auto\">, coordinadora del Programa Instituci<\/span><span data-contrast=\"auto\">onal <\/span><span data-contrast=\"auto\">de Seguimiento de Egresados<\/span><span data-contrast=\"auto\">; <\/span><span data-contrast=\"auto\">Anuar Dur\u00e1n <\/span><span data-contrast=\"auto\">P\u00f3lito<\/span><span data-contrast=\"auto\">, secretario de Cap\u00edtulo Universitario <\/span><i><span data-contrast=\"auto\">Coparmex<\/span><\/i><span data-contrast=\"auto\">;<\/span><span data-contrast=\"auto\"> Rodolfo Sol\u00f3rzano Hern\u00e1ndez, <\/span><span data-contrast=\"auto\">s<\/span><span data-contrast=\"auto\">ecretario de la FIME<\/span><span data-contrast=\"auto\">,<\/span><span data-contrast=\"auto\"> y<\/span><span data-contrast=\"auto\"> Ervin Jes\u00fas \u00c1lvarez S\u00e1nchez, representa<\/span><span data-contrast=\"auto\">nte del cuerpo acad\u00e9mico (CA) <\/span><span data-contrast=\"auto\">Ingenier\u00eda Transdisciplinar<\/span><span data-contrast=\"auto\">.<\/span><span data-ccp-props=\"{&quot;201341983&quot;:0,&quot;335559731&quot;:709,&quot;335559739&quot;:160,&quot;335559740&quot;:240}\">\u00a0<\/span><\/p>\n<p>&nbsp;<\/p>\n<p>&nbsp;<\/p>\n","protected":false},"excerpt":{"rendered":"<p>\u201cNos debemos olvidar de las ingenier\u00edas b\u00e1sicas y tradicionales, tenemos que ir y ver m\u00e1s all\u00e1\u201d: Eduardo Gasca <\/p>\n","protected":false},"author":1810,"featured_media":68396,"comment_status":"closed","ping_status":"closed","sticky":false,"template":"","format":"standard","meta":[],"categories":[1],"tags":[],"_links":{"self":[{"href":"https:\/\/www.uv.mx\/prensa\/wp-json\/wp\/v2\/posts\/68395"}],"collection":[{"href":"https:\/\/www.uv.mx\/prensa\/wp-json\/wp\/v2\/posts"}],"about":[{"href":"https:\/\/www.uv.mx\/prensa\/wp-json\/wp\/v2\/types\/post"}],"author":[{"embeddable":true,"href":"https:\/\/www.uv.mx\/prensa\/wp-json\/wp\/v2\/users\/1810"}],"replies":[{"embeddable":true,"href":"https:\/\/www.uv.mx\/prensa\/wp-json\/wp\/v2\/comments?post=68395"}],"version-history":[{"count":0,"href":"https:\/\/www.uv.mx\/prensa\/wp-json\/wp\/v2\/posts\/68395\/revisions"}],"wp:featuredmedia":[{"embeddable":true,"href":"https:\/\/www.uv.mx\/prensa\/wp-json\/wp\/v2\/media\/68396"}],"wp:attachment":[{"href":"https:\/\/www.uv.mx\/prensa\/wp-json\/wp\/v2\/media?parent=68395"}],"wp:term":[{"taxonomy":"category","embeddable":true,"href":"https:\/\/www.uv.mx\/prensa\/wp-json\/wp\/v2\/categories?post=68395"},{"taxonomy":"post_tag","embeddable":true,"href":"https:\/\/www.uv.mx\/prensa\/wp-json\/wp\/v2\/tags?post=68395"}],"curies":[{"name":"wp","href":"https:\/\/api.w.org\/{rel}","templated":true}]}}