{"id":68732,"date":"2019-05-29T08:00:02","date_gmt":"2019-05-29T13:00:02","guid":{"rendered":"https:\/\/www.uv.mx\/prensa\/?p=68732"},"modified":"2019-05-29T12:28:35","modified_gmt":"2019-05-29T17:28:35","slug":"inclusion-educativa-empieza-en-la-familia","status":"publish","type":"post","link":"https:\/\/www.uv.mx\/prensa\/general\/inclusion-educativa-empieza-en-la-familia\/","title":{"rendered":"Inclusi\u00f3n educativa empieza en la familia"},"content":{"rendered":"<ul>\n<li data-leveltext=\"\uf0b7\" data-font=\"Symbol\" data-listid=\"1\" data-aria-posinset=\"1\" data-aria-level=\"1\"><i><span data-contrast=\"auto\">Estudiantes del programa educativo Publicidad y Relaciones P\u00fablicas organizaron el conversatorio \u201cAula diversa\u201d<\/span><\/i><span data-ccp-props=\"{&quot;134233279&quot;:true,&quot;201341983&quot;:0,&quot;335559739&quot;:160,&quot;335559740&quot;:240}\">\u00a0<\/span><\/li>\n<\/ul>\n<p>&nbsp;<\/p>\n<div id=\"attachment_68736\" style=\"width: 732px\" class=\"wp-caption aligncenter\"><a href=\"https:\/\/www.uv.mx\/prensa\/files\/2019\/05\/270519-PAOLA-Aula-diversa.jpg\"><img aria-describedby=\"caption-attachment-68736\" decoding=\"async\" loading=\"lazy\" class=\"size-full wp-image-68736\" src=\"https:\/\/www.uv.mx\/prensa\/files\/2019\/05\/270519-PAOLA-Aula-diversa.jpg\" alt=\"\" width=\"722\" height=\"482\" srcset=\"https:\/\/www.uv.mx\/prensa\/files\/2019\/05\/270519-PAOLA-Aula-diversa.jpg 722w, https:\/\/www.uv.mx\/prensa\/files\/2019\/05\/270519-PAOLA-Aula-diversa-300x200.jpg 300w\" sizes=\"(max-width: 722px) 100vw, 722px\" \/><\/a><p id=\"caption-attachment-68736\" class=\"wp-caption-text\">Ana Lilia Gonz\u00e1lez, Gregorio P\u00e9rez (moderador) y Rosaura Demuner, en el conversatorio<\/p><\/div>\n<p>&nbsp;<\/p>\n<p><b><i><span data-contrast=\"auto\">Paola Cort\u00e9s P\u00e9rez<\/span><\/i><\/b><span data-ccp-props=\"{&quot;201341983&quot;:0,&quot;335559739&quot;:160,&quot;335559740&quot;:240}\">\u00a0<\/span><\/p>\n<p><b><i><span data-contrast=\"auto\">2<\/span><\/i><\/b><b><i><span data-contrast=\"auto\">9<\/span><\/i><\/b><b><i><span data-contrast=\"auto\">\/05\/<\/span><\/i><\/b><b><i><span data-contrast=\"auto\">19, Xalapa, Ver.-<\/span><\/i><\/b> <span data-contrast=\"auto\">La familia y la falta de capacitaci\u00f3n <\/span><span data-contrast=\"auto\">a<\/span><span data-contrast=\"auto\"> los profesores son los principales <\/span><span data-contrast=\"auto\">retos a <\/span><span data-contrast=\"auto\">vencer para construir una verdadera inclusi\u00f3n educativa, comentaron los panelistas del conversatorio \u201cAula diversa\u201d, organizado por estudiantes de la F<a href=\"https:\/\/www.uv.mx\/fcas\/\">acultad de Ciencias Administrativas y Sociales<\/a> (FCAS) de la Universidad Veracruzana (UV).<\/span><span data-ccp-props=\"{&quot;201341983&quot;:0,&quot;335559739&quot;:160,&quot;335559740&quot;:240}\">\u00a0<\/span><\/p>\n<p><span data-contrast=\"auto\">El<\/span><span data-contrast=\"auto\"> viernes 24 de mayo en las instalaciones de la Facultad de Pedagog\u00eda, en el marco del evento denominado Foro Emerge 2019, desarrollado por los alumnos del programa educativo Publicidad y Relaciones P\u00fablicas de dicha facultad, <\/span><span data-contrast=\"auto\">se<\/span><span data-contrast=\"auto\"> abord<\/span><span data-contrast=\"auto\">aron<\/span><span data-contrast=\"auto\"> los temas de Arte y creatividad, Promoci\u00f3n de la salud, Derechos humanos y Justicia.<\/span><span data-ccp-props=\"{&quot;201341983&quot;:0,&quot;335559731&quot;:708,&quot;335559739&quot;:160,&quot;335559740&quot;:240}\">\u00a0<\/span><\/p>\n<p><span data-contrast=\"auto\">El panel estuvo integrado por <\/span><span data-contrast=\"auto\">Ana Lilia Gonz\u00e1lez<\/span><span data-contrast=\"auto\">, capacitadora en <\/span><span data-contrast=\"auto\">C\u00edrculos<\/span><span data-contrast=\"auto\"> de Paz (Centro de <\/span><span data-contrast=\"auto\">Colaboraci\u00f3n<\/span><span data-contrast=\"auto\"> C\u00edvica CCC y <\/span><span data-contrast=\"auto\">Kay<\/span> <span data-contrast=\"auto\">Pranis<\/span><span data-contrast=\"auto\">)<\/span><span data-contrast=\"auto\">; <\/span><span data-contrast=\"auto\">Rosaura <\/span><span data-contrast=\"auto\">Demuner<\/span><span data-contrast=\"auto\"> Carre\u00f3n, directora de la Asociaci\u00f3n Crece, autismo y discapacidad intelectual<\/span><span data-contrast=\"auto\">, y <\/span><span data-contrast=\"auto\">Gregorio P\u00e9rez V\u00e1zquez, especialista en <\/span><span data-contrast=\"auto\">temas de educaci\u00f3n b\u00e1sica, c<\/span><span data-contrast=\"auto\">onv<\/span><span data-contrast=\"auto\">ivencia e<\/span><span data-contrast=\"auto\">scolar y educaci\u00f3n inclusiva<\/span><span data-contrast=\"auto\">.<\/span><span data-ccp-props=\"{&quot;201341983&quot;:0,&quot;335559731&quot;:708,&quot;335559739&quot;:160,&quot;335559740&quot;:240}\">\u00a0<\/span><\/p>\n<p><span data-contrast=\"auto\">Ana Lilia Gonz\u00e1lez dijo que se impulsa la conformaci\u00f3n de una Red de Ni\u00f1os Mediadores, <\/span><span data-contrast=\"auto\">as\u00ed como <\/span><span data-contrast=\"auto\">pr\u00e1cticas restaurativas que ayud<\/span><span data-contrast=\"auto\">e<\/span><span data-contrast=\"auto\">n a ni\u00f1os y adolescente<\/span><span data-contrast=\"auto\">s<\/span><span data-contrast=\"auto\"> a desarrollar habilidades de di\u00e1logo<\/span><span data-contrast=\"auto\">, con especial<\/span> <span data-contrast=\"auto\">\u00e9nfasis en <\/span><span data-contrast=\"auto\">aprender a escuchar y mirar al otro con respeto.<\/span><span data-ccp-props=\"{&quot;201341983&quot;:0,&quot;335559731&quot;:708,&quot;335559739&quot;:160,&quot;335559740&quot;:240}\">\u00a0<\/span><\/p>\n<p><span data-contrast=\"auto\">Rosaura <\/span><span data-contrast=\"auto\">Demuner<\/span><span data-contrast=\"auto\"> coment\u00f3 que la familia<\/span><span data-contrast=\"auto\">,<\/span><span data-contrast=\"auto\"> al no tener un proceso de aceptaci\u00f3n <\/span><span data-contrast=\"auto\">de <\/span><span data-contrast=\"auto\">las discapacidades, impide l<\/span><span data-contrast=\"auto\">a <\/span><span data-contrast=\"auto\">inclusi\u00f3n<\/span><span data-contrast=\"auto\">; en el \u00e1mbito educativo \u00e9sta tampoco es posible porque a\u00fan existe un gran <\/span><span data-contrast=\"auto\">de<\/span><span data-contrast=\"auto\">s<\/span><span data-contrast=\"auto\">conocimiento.<\/span><span data-ccp-props=\"{&quot;201341983&quot;:0,&quot;335559731&quot;:708,&quot;335559739&quot;:160,&quot;335559740&quot;:240}\">\u00a0<\/span><\/p>\n<p><span data-contrast=\"auto\">\u201c<\/span><span data-contrast=\"auto\">La inclusi\u00f3n educativa no solamente es permitir la permanencia y participaci\u00f3n del alumno, sino que dentro del grupo se d\u00e9 un ambiente de aprendizaje significativo.<\/span><span data-contrast=\"auto\">\u201d<\/span><span data-ccp-props=\"{&quot;201341983&quot;:0,&quot;335559731&quot;:708,&quot;335559739&quot;:160,&quot;335559740&quot;:240}\">\u00a0<\/span><\/p>\n<p><span data-contrast=\"auto\">Por \u00faltimo, Gregorio P\u00e9rez coment\u00f3 que el primer reto a enfrentar es la propia familia, donde se pr\u00e1ctica la exclusi\u00f3n y rechazo hacia lo que \u201cno es considerado normal\u201d<\/span><span data-contrast=\"auto\">.<\/span> <span data-contrast=\"auto\">P<\/span><span data-contrast=\"auto\">or ello<\/span><span data-contrast=\"auto\">,<\/span><span data-contrast=\"auto\"> consider\u00f3<\/span><span data-contrast=\"auto\">,<\/span><span data-contrast=\"auto\"> es en este espacio donde debe empezarse a trabajar para gozar de una verdadera inclusi\u00f3n educativa.<\/span><span data-ccp-props=\"{&quot;201341983&quot;:0,&quot;335559731&quot;:708,&quot;335559739&quot;:160,&quot;335559740&quot;:240}\">\u00a0<\/span><\/p>\n","protected":false},"excerpt":{"rendered":"<p>La familia y la falta de capacitaci\u00f3n a los profesores son los principales retos a vencer para construir una verdadera inclusi\u00f3n educativa  <\/p>\n","protected":false},"author":1508,"featured_media":68736,"comment_status":"closed","ping_status":"closed","sticky":false,"template":"","format":"standard","meta":[],"categories":[1],"tags":[],"_links":{"self":[{"href":"https:\/\/www.uv.mx\/prensa\/wp-json\/wp\/v2\/posts\/68732"}],"collection":[{"href":"https:\/\/www.uv.mx\/prensa\/wp-json\/wp\/v2\/posts"}],"about":[{"href":"https:\/\/www.uv.mx\/prensa\/wp-json\/wp\/v2\/types\/post"}],"author":[{"embeddable":true,"href":"https:\/\/www.uv.mx\/prensa\/wp-json\/wp\/v2\/users\/1508"}],"replies":[{"embeddable":true,"href":"https:\/\/www.uv.mx\/prensa\/wp-json\/wp\/v2\/comments?post=68732"}],"version-history":[{"count":0,"href":"https:\/\/www.uv.mx\/prensa\/wp-json\/wp\/v2\/posts\/68732\/revisions"}],"wp:featuredmedia":[{"embeddable":true,"href":"https:\/\/www.uv.mx\/prensa\/wp-json\/wp\/v2\/media\/68736"}],"wp:attachment":[{"href":"https:\/\/www.uv.mx\/prensa\/wp-json\/wp\/v2\/media?parent=68732"}],"wp:term":[{"taxonomy":"category","embeddable":true,"href":"https:\/\/www.uv.mx\/prensa\/wp-json\/wp\/v2\/categories?post=68732"},{"taxonomy":"post_tag","embeddable":true,"href":"https:\/\/www.uv.mx\/prensa\/wp-json\/wp\/v2\/tags?post=68732"}],"curies":[{"name":"wp","href":"https:\/\/api.w.org\/{rel}","templated":true}]}}