{"id":68750,"date":"2019-05-29T08:00:15","date_gmt":"2019-05-29T13:00:15","guid":{"rendered":"https:\/\/www.uv.mx\/prensa\/?p=68750"},"modified":"2019-05-29T12:27:20","modified_gmt":"2019-05-29T17:27:20","slug":"especialistas-debatiran-sobre-politicas-publicas-ante-el-cambio-climatico","status":"publish","type":"post","link":"https:\/\/www.uv.mx\/prensa\/general\/especialistas-debatiran-sobre-politicas-publicas-ante-el-cambio-climatico\/","title":{"rendered":"Especialistas debatir\u00e1n sobre pol\u00edticas p\u00fablicas ante el cambio clim\u00e1tico"},"content":{"rendered":"<ul>\n<li data-leveltext=\"\uf0b7\" data-font=\"Symbol\" data-listid=\"1\" data-aria-posinset=\"1\" data-aria-level=\"1\"><i><span data-contrast=\"auto\">Uno de los temas a discutir ser\u00e1 <\/span><\/i><i><span data-contrast=\"auto\">el<\/span><\/i><i><span data-contrast=\"auto\"> p<\/span><\/i><i><span data-contrast=\"auto\">or<\/span><\/i><i><span data-contrast=\"auto\">qu\u00e9 es tan dif\u00edcil construir ciencia que sirva y sea <\/span><\/i><i><span data-contrast=\"auto\">\u00fatil para la toma de decisiones<\/span><\/i><span data-ccp-props=\"{&quot;134233279&quot;:true,&quot;201341983&quot;:0,&quot;335559739&quot;:160,&quot;335559740&quot;:240}\">\u00a0<\/span><\/li>\n<\/ul>\n<p>&nbsp;<\/p>\n<div id=\"attachment_68719\" style=\"width: 732px\" class=\"wp-caption aligncenter\"><a href=\"https:\/\/www.uv.mx\/prensa\/files\/2019\/05\/280519-KARINA-Cambio-climatico.jpg\"><img aria-describedby=\"caption-attachment-68719\" decoding=\"async\" loading=\"lazy\" class=\"size-full wp-image-68719\" src=\"https:\/\/www.uv.mx\/prensa\/files\/2019\/05\/280519-KARINA-Cambio-climatico.jpg\" alt=\"\" width=\"722\" height=\"482\" srcset=\"https:\/\/www.uv.mx\/prensa\/files\/2019\/05\/280519-KARINA-Cambio-climatico.jpg 722w, https:\/\/www.uv.mx\/prensa\/files\/2019\/05\/280519-KARINA-Cambio-climatico-300x200.jpg 300w\" sizes=\"(max-width: 722px) 100vw, 722px\" \/><\/a><p id=\"caption-attachment-68719\" class=\"wp-caption-text\">Carlos Welsh, del Centro de Ciencias de la Tierra de la UV, moderar\u00e1 las ponencias<\/p><\/div>\n<p>&nbsp;<\/p>\n<p><b><i><span data-contrast=\"auto\">Karina de la Paz Reyes D\u00edaz<\/span><\/i><\/b><span data-ccp-props=\"{&quot;134233279&quot;:true,&quot;201341983&quot;:0,&quot;335559739&quot;:160,&quot;335559740&quot;:240}\">\u00a0<\/span><\/p>\n<p><b><i><span data-contrast=\"auto\">29\/05\/19, Xalapa, <\/span><\/i><\/b><b><i><span data-contrast=\"auto\">Ver.-<\/span><\/i><\/b><span data-contrast=\"auto\"> El Programa de Estudios de Cambio Clim\u00e1tico (PECC) y la <a href=\"https:\/\/www.uv.mx\/cienciauv\/\">Direcci\u00f3n de Comunicaci\u00f3n de la Ciencia de la Universidad Veracruzana<\/a> (UV), invitan al Coloquio \u201cPol\u00edticas p\u00fablicas ante el cambio clim\u00e1tico en M\u00e9xico y Veracruz\u201d, que se desarrollar\u00e1 el 3 de junio en el Sal\u00f3n Azul de la <\/span><span data-contrast=\"auto\">ex <\/span><span data-contrast=\"auto\">Unidad de Humanidades, a partir de las 10:00 horas.<\/span><span data-ccp-props=\"{&quot;134233279&quot;:true,&quot;201341983&quot;:0,&quot;335559739&quot;:160,&quot;335559740&quot;:240}\">\u00a0<\/span><\/p>\n<p><span data-contrast=\"auto\">Judith Dom\u00ednguez Serrano, de<\/span><span data-contrast=\"auto\"> E<\/span><span data-contrast=\"auto\">l Colegio de M\u00e9xico, hablar\u00e1 de \u201cPol\u00edticas p\u00fablicas sobre agua y cambio clim\u00e1tico\u201d. La profesora-investigadora fue gerente de pol\u00edticas p\u00fablicas y marco legal en la Subdirecci\u00f3n General de Planeaci\u00f3n de la Comisi\u00f3n Nacional del Agua. Actualmente, una de sus labores es la coordinaci\u00f3n del Doctorado en Estudios Urbanos y Ambientales; adem\u00e1s, es integrante del Comit\u00e9 T\u00e9cnico de la Red Tem\u00e1tica de Gesti\u00f3n e Investigaci\u00f3n del Agua del Consejo Nacional de Ciencia y Tecnolog\u00eda (<\/span><i><span data-contrast=\"auto\">Conacyt<\/span><\/i><span data-contrast=\"auto\">), entre otras actividades.<\/span><span data-ccp-props=\"{&quot;134233279&quot;:true,&quot;201341983&quot;:0,&quot;335559739&quot;:160,&quot;335559740&quot;:240}\">\u00a0<\/span><\/p>\n<p><span data-contrast=\"auto\">Enseguida, Mar\u00eda Eugenia <\/span><span data-contrast=\"auto\">Ibarrar\u00e1n<\/span><span data-contrast=\"auto\"> Viniegra, de la Universidad Iberoamericana, Puebla, har\u00e1 lo propio con \u201cEvaluaci\u00f3n de las pol\u00edticas nacional<\/span><span data-contrast=\"auto\">es sobre cambio clim\u00e1tico\u201d. <\/span><span data-contrast=\"auto\">Su <\/span><span data-contrast=\"auto\">\u00e1rea de investigaci\u00f3n es la econom\u00eda ambiental, en particular la econom\u00eda del cambio clim\u00e1tico, contaminaci\u00f3n del aire y la valuaci\u00f3n econ\u00f3mica de la calidad ambiental. Es <\/span><span data-contrast=\"auto\">consejera social de la C<\/span><span data-contrast=\"auto\">oordinaci\u00f3n de Evaluaci\u00f3n de la Pol\u00edtica Nacional de Cambio Clim\u00e1tico y coautora de tres l<\/span><span data-contrast=\"auto\">ibros que analizan tales temas.<\/span><span data-ccp-props=\"{&quot;134233279&quot;:true,&quot;201341983&quot;:0,&quot;335559739&quot;:160,&quot;335559740&quot;:240}\">\u00a0<\/span><\/p>\n<p><span data-contrast=\"auto\">Beatriz del Valle C\u00e1rdenas, del Fondo Golfo, A.C., compartir\u00e1 la ponencia \u201cVeracruz ante el cambio clim\u00e1tico\u201d. <\/span><span data-contrast=\"auto\">Con <\/span><span data-contrast=\"auto\">experiencia de m\u00e1s <\/span><span data-contrast=\"auto\">de 20 a\u00f1os en temas ambientales<\/span><span data-contrast=\"auto\">,<\/span><span data-contrast=\"auto\"> in<\/span><span data-contrast=\"auto\">ici\u00f3 su carrera en empresas<\/span><span data-contrast=\"auto\"> privada<\/span><span data-contrast=\"auto\">s<\/span><span data-contrast=\"auto\">, tambi\u00e9n se ha desempe\u00f1ado en la administraci\u00f3n p\u00fablica<\/span><span data-contrast=\"auto\">;<\/span><span data-contrast=\"auto\"> e<\/span><span data-contrast=\"auto\">l cargo m\u00e1s reciente fue el de j<\/span><span data-contrast=\"auto\">efa de la Unidad de Cambio Clim\u00e1tico del <\/span><span data-contrast=\"auto\">Estado de Veracruz (2011-2016).<\/span><span data-ccp-props=\"{&quot;134233279&quot;:true,&quot;201341983&quot;:0,&quot;335559739&quot;:160,&quot;335559740&quot;:240}\">\u00a0<\/span><\/p>\n<p><span data-contrast=\"auto\">Rogelio <\/span><span data-contrast=\"auto\">Javier Rend\u00f3n Hern\u00e1ndez, de la <\/span><span data-contrast=\"auto\">Facultad de Econom\u00eda<\/span><span data-contrast=\"auto\"> de <\/span><span data-contrast=\"auto\">la UV<\/span><span data-contrast=\"auto\">,<\/span> <span data-contrast=\"auto\">hablar\u00e1 de <\/span><span data-contrast=\"auto\">\u201cVeracruz: econom\u00eda y cambio clim\u00e1tico\u201d, y se <\/span><span data-contrast=\"auto\">centrar\u00e1 en algunas de las <\/span><span data-contrast=\"auto\">\u201c<\/span><span data-contrast=\"auto\">65 propuestas del documento Veracruz ante el cambio clim<\/span><span data-contrast=\"auto\">\u00e1tico: Acciones M\u00ednimas 2019-202<\/span><span data-contrast=\"auto\">4<\/span><span data-contrast=\"auto\">\u201d<\/span><span data-contrast=\"auto\">, desarrollado por el PECCUV conjuntamente con investigadores del Instituto de Ecolog\u00eda, A.C., y d<\/span><span data-contrast=\"auto\">el Centro de Ciencias de la Atm\u00f3<\/span><span data-contrast=\"auto\">sfera de la <\/span><span data-contrast=\"auto\">Universidad <\/span><span data-contrast=\"auto\">Nacional Aut\u00f3noma de M\u00e9xico.<\/span><span data-ccp-props=\"{&quot;134233279&quot;:true,&quot;201341983&quot;:0,&quot;335559739&quot;:160,&quot;335559740&quot;:240}\">\u00a0<\/span><\/p>\n<p><span data-contrast=\"auto\">La actividad ser\u00e1 moderada por <\/span><span data-contrast=\"auto\">Carlos Manuel <\/span><span data-contrast=\"auto\">Wel<\/span><span data-contrast=\"auto\">sh<\/span><span data-contrast=\"auto\"> Rodr\u00edguez, <\/span><span data-contrast=\"auto\">investigador del Centro de Ciencia<\/span><span data-contrast=\"auto\">s de la Tierra de la UV, quien coment\u00f3 que este <\/span><span data-contrast=\"auto\">c<\/span><span data-contrast=\"auto\">oloqui<\/span><span data-contrast=\"auto\">o ser\u00e1 un espacio para discutir<\/span><span data-contrast=\"auto\"> las pol\u00edticas p\u00fablicas frente al cambio clim\u00e1tico.<\/span> <span data-contrast=\"auto\">\u201cLa idea es que expertos en pol\u00edticas p\u00fablicas, de distintas \u00e1reas, puedan dar su opini\u00f3n y establecer un di\u00e1logo o debate con la comunidad universitaria\u201d.<\/span><span data-ccp-props=\"{&quot;134233279&quot;:true,&quot;201341983&quot;:0,&quot;335559739&quot;:160,&quot;335559740&quot;:240}\">\u00a0<\/span><\/p>\n<p><span data-contrast=\"auto\">A\u00f1adi\u00f3: \u201cA veces, la investigaci\u00f3n cient\u00edfica se queda s\u00f3lo en investigaci\u00f3n de gabinete o en un cap\u00edtulo de libro; aqu\u00ed lo que se busca es que<\/span><span data-contrast=\"auto\"> la<\/span><span data-contrast=\"auto\"> investigaci\u00f3n que<\/span><span data-contrast=\"auto\"> se<\/span><span data-contrast=\"auto\"> ha hecho <\/span><span data-contrast=\"auto\">en <\/span><span data-contrast=\"auto\">la UV y en otras esferas pueda conv<\/span><span data-contrast=\"auto\">e<\/span><span data-contrast=\"auto\">rti<\/span><span data-contrast=\"auto\">rse <\/span><span data-contrast=\"auto\">en pol\u00edtica p\u00fablica<\/span><span data-contrast=\"auto\">,<\/span><span data-contrast=\"auto\"> o <\/span><span data-contrast=\"auto\">(analizar) <\/span><span data-contrast=\"auto\">qu\u00e9 le falta para convertirse en eso\u201d.<\/span><span data-ccp-props=\"{&quot;134233279&quot;:true,&quot;201341983&quot;:0,&quot;335559739&quot;:160,&quot;335559740&quot;:240}\">\u00a0<\/span><\/p>\n<p><span data-contrast=\"auto\">Aprovech\u00f3 para recordar que as\u00ed como la rectora Sara Ladr\u00f3n de Guevara entreg\u00f3 <\/span><span data-contrast=\"auto\">el documento sobre las <\/span><span data-contrast=\"auto\">\u201c<\/span><span data-contrast=\"auto\">Acciones M\u00ednimas 2019-2024<\/span><span data-contrast=\"auto\">\u201d<\/span><span data-contrast=\"auto\"> como instrumento que podr\u00eda alimentar el Plan Veracruzano de Desarrollo (PVD) del gobierno<\/span><span data-contrast=\"auto\"> estatal en turno,<\/span><span data-contrast=\"auto\"> hace 1<\/span><span data-contrast=\"auto\">0 a\u00f1os la instituci\u00f3n tambi\u00e9n present\u00f3 <\/span><span data-contrast=\"auto\">\u201c<\/span><span data-contrast=\"auto\">Cambio clim\u00e1tico y cambio de gobierno: compromisos m\u00ednimos para el futuro de Veracruz<\/span><span data-contrast=\"auto\">\u201d<\/span><span data-contrast=\"auto\">, <\/span><span data-contrast=\"auto\">mismo <\/span><span data-contrast=\"auto\">que sirvi\u00f3<\/span><span data-contrast=\"auto\"> de base para el respectivo PVD.<\/span><span data-ccp-props=\"{&quot;134233279&quot;:true,&quot;201341983&quot;:0,&quot;335559739&quot;:160,&quot;335559740&quot;:240}\">\u00a0<\/span><\/p>\n<p><span data-contrast=\"auto\">Para el cient\u00edfico, resultar\u00e1 interesante que los ponentes discutan y presenten sus ideas, pero sobre todo<\/span><span data-contrast=\"auto\"> los argumentos de por<\/span> <span data-contrast=\"auto\">qu\u00e9 es tan dif\u00edcil construir ciencia que sirva y sea \u00fatil para la toma de decisiones, <\/span><span data-contrast=\"auto\">considera<\/span><span data-contrast=\"auto\">ndo <\/span><span data-contrast=\"auto\">que se trata de<\/span><span data-contrast=\"auto\"> un fen\u00f3meno cuyos efectos son transversales y afectan a toda la sociedad.\u00a0<\/span><span data-ccp-props=\"{&quot;134233279&quot;:true,&quot;201341983&quot;:0,&quot;335559739&quot;:160,&quot;335559740&quot;:240}\">\u00a0<\/span><\/p>\n<p><span data-contrast=\"auto\">Cabe citar<\/span><span data-contrast=\"auto\"> que una segunda parte de este c<\/span><span data-contrast=\"auto\">oloquio se desarrollar\u00e1 <\/span><span data-contrast=\"auto\">ese mismo d\u00eda, <\/span><span data-contrast=\"auto\">de 12:30 a 14:00 horas<\/span><span data-contrast=\"auto\">,<\/span><span data-contrast=\"auto\"> y consistir\u00e1 en una mesa redonda <\/span><span data-contrast=\"auto\">con la<\/span><span data-contrast=\"auto\"> participa<\/span><span data-contrast=\"auto\">ci\u00f3n de los <\/span><span data-contrast=\"auto\">conferencistas ya citados, quienes ser\u00e1n moderados por el representante de la UV en la Ciudad de M\u00e9xico, Jos\u00e9 Rivera <\/span><span data-contrast=\"auto\">Banuet<\/span><span data-contrast=\"auto\">.<\/span><span data-ccp-props=\"{&quot;134233279&quot;:true,&quot;201341983&quot;:0,&quot;335559739&quot;:160,&quot;335559740&quot;:240}\">\u00a0<\/span><\/p>\n<p><span data-contrast=\"auto\">\u201c<\/span><span data-contrast=\"auto\">Lo quisimos llevar a <\/span><span data-contrast=\"auto\">la Unidad de Humanidades<\/span><span data-contrast=\"auto\"> porque es una comunidad que se compromete mucho con las ideas; ojal\u00e1 tambi\u00e9n se involucren en todo esto que est\u00e1 pasando<\/span><span data-contrast=\"auto\">\u201d, conclu<\/span><span data-contrast=\"auto\">y<\/span><span data-contrast=\"auto\">\u00f3 el entrevistado.<\/span><span data-ccp-props=\"{&quot;134233279&quot;:true,&quot;201341983&quot;:0,&quot;335559739&quot;:160,&quot;335559740&quot;:240}\">\u00a0<\/span><\/p>\n","protected":false},"excerpt":{"rendered":"<p>\u201cLa idea es que expertos en pol\u00edticas p\u00fablicas, de distintas \u00e1reas, puedan dar su opini\u00f3n y establecer un di\u00e1logo o debate con la comunidad universitaria\u201d: Carlos Welsh <\/p>\n","protected":false},"author":1508,"featured_media":68719,"comment_status":"closed","ping_status":"closed","sticky":false,"template":"","format":"standard","meta":[],"categories":[1],"tags":[],"_links":{"self":[{"href":"https:\/\/www.uv.mx\/prensa\/wp-json\/wp\/v2\/posts\/68750"}],"collection":[{"href":"https:\/\/www.uv.mx\/prensa\/wp-json\/wp\/v2\/posts"}],"about":[{"href":"https:\/\/www.uv.mx\/prensa\/wp-json\/wp\/v2\/types\/post"}],"author":[{"embeddable":true,"href":"https:\/\/www.uv.mx\/prensa\/wp-json\/wp\/v2\/users\/1508"}],"replies":[{"embeddable":true,"href":"https:\/\/www.uv.mx\/prensa\/wp-json\/wp\/v2\/comments?post=68750"}],"version-history":[{"count":0,"href":"https:\/\/www.uv.mx\/prensa\/wp-json\/wp\/v2\/posts\/68750\/revisions"}],"wp:featuredmedia":[{"embeddable":true,"href":"https:\/\/www.uv.mx\/prensa\/wp-json\/wp\/v2\/media\/68719"}],"wp:attachment":[{"href":"https:\/\/www.uv.mx\/prensa\/wp-json\/wp\/v2\/media?parent=68750"}],"wp:term":[{"taxonomy":"category","embeddable":true,"href":"https:\/\/www.uv.mx\/prensa\/wp-json\/wp\/v2\/categories?post=68750"},{"taxonomy":"post_tag","embeddable":true,"href":"https:\/\/www.uv.mx\/prensa\/wp-json\/wp\/v2\/tags?post=68750"}],"curies":[{"name":"wp","href":"https:\/\/api.w.org\/{rel}","templated":true}]}}