{"id":68764,"date":"2019-05-29T15:38:08","date_gmt":"2019-05-29T20:38:08","guid":{"rendered":"https:\/\/www.uv.mx\/prensa\/?p=68764"},"modified":"2019-05-29T15:41:55","modified_gmt":"2019-05-29T20:41:55","slug":"uv-estrena-en-radio-y-television-la-serie-especial-nuestra-ley-organica","status":"publish","type":"post","link":"https:\/\/www.uv.mx\/prensa\/banner\/uv-estrena-en-radio-y-television-la-serie-especial-nuestra-ley-organica\/","title":{"rendered":"UV estrena en radio y televisi\u00f3n la serie especial <em>Nuestra Ley Org\u00e1nica<\/em>"},"content":{"rendered":"<ul>\n<li><em>Los tres cap\u00edtulos de la serie ser\u00e1n transmitidos por Tele UV el lunes 3, mi\u00e9rcoles 5 y viernes 7 de junio, a las 9:00, 14:00 y 19:00 horas<\/em><\/li>\n<li><em>En XHRUV Radio UV se transmitir\u00e1n a trav\u00e9s del 90.5 de FM en las mismas fechas, pero a las 18:00 horas<\/em><\/li>\n<li><em>En RTV se transmiten 17, 18 y 19 de junio, a las 11:00 horas<\/em><\/li>\n<\/ul>\n<p>&nbsp;<\/p>\n<div id=\"attachment_68765\" style=\"width: 732px\" class=\"wp-caption aligncenter\"><a href=\"https:\/\/www.uv.mx\/prensa\/files\/2019\/05\/290519-CUG.jpg\"><img aria-describedby=\"caption-attachment-68765\" decoding=\"async\" loading=\"lazy\" class=\"wp-image-68765 size-full\" src=\"https:\/\/www.uv.mx\/prensa\/files\/2019\/05\/290519-CUG.jpg\" alt=\"\" width=\"722\" height=\"481\" srcset=\"https:\/\/www.uv.mx\/prensa\/files\/2019\/05\/290519-CUG.jpg 722w, https:\/\/www.uv.mx\/prensa\/files\/2019\/05\/290519-CUG-300x200.jpg 300w\" sizes=\"(max-width: 722px) 100vw, 722px\" \/><\/a><p id=\"caption-attachment-68765\" class=\"wp-caption-text\">La serie cuenta con la participaci\u00f3n de los consejeros universitarios que forman parte de la Comisi\u00f3n Transitoria para la Integraci\u00f3n del Anteproyecto de la Ley Org\u00e1nica<\/p><\/div>\n<p>&nbsp;<\/p>\n<p><strong><em>29\/05\/19\/ Xalapa, Ver.-<\/em><\/strong> La Universidad Veracruzana (UV) estrenar\u00e1 el pr\u00f3ximo lunes 3 de junio la serie especial de radio y televisi\u00f3n <em>Nuestra Ley Org\u00e1nica<\/em>, un espacio para enriquecer la informaci\u00f3n y la reflexi\u00f3n en torno a una de las m\u00e1s importantes reformas al gobierno de esta casa de estudios en los a\u00f1os recientes.<\/p>\n<p>La serie consta de tres cap\u00edtulos que ser\u00e1n transmitidos por la televisi\u00f3n universitaria el lunes 3, mi\u00e9rcoles 5 y viernes 7, a las 9:00, 14:00 y 19:00 horas, cada d\u00eda, a trav\u00e9s de la se\u00f1al de <em>streaming <\/em>disponible en <a href=\"https:\/\/www.uv.mx\/television\">https:\/\/www.uv.mx\/television<\/a>.<\/p>\n<p>Por su parte, XHRUV Radio Universidad Veracruzana, transmitir\u00e1 la serie a trav\u00e9s del 90.5 de FM y de su se\u00f1al en l\u00ednea, disponible en <a href=\"https:\/\/www.uv.mx\/radio\">https:\/\/www.uv.mx\/radio<\/a>, los mismos d\u00edas pero a las 18:00 horas.<\/p>\n<p>A su vez, en Radiotelevisi\u00f3n de Veracruz (RTV) la serie se transmitir\u00e1 los d\u00edas 17, 18 y 19 de junio, en el horario que la radio y televisora del estado han consolidado como una barra program\u00e1tica de la Universidad: las 11:00 horas.<\/p>\n<p>La serie cuenta con la participaci\u00f3n de los consejeros universitarios que forman parte de la Comisi\u00f3n Transitoria para la Integraci\u00f3n del Anteproyecto de la Ley Org\u00e1nica (CTIALO) del Consejo Universitario General (CUG), quienes encabezaron los trabajos de esta reforma universitaria: Alejandro de la Fuente Alonso, Roc\u00edo Ojeda Callado, Emil Awad Abed, Jorge Manzo Denes, Paulina Lisset Alejandro Trujillo, Manlio Fabio Casar\u00edn Le\u00f3n, Arnaldo Platas Mart\u00ednez y Jos\u00e9 Luis Cuevas Gayosso, adem\u00e1s de Ricardo Corzo Ram\u00edrez.<\/p>\n<p>El Anteproyecto de Ley Org\u00e1nica de la Universidad (<a href=\"https:\/\/www.uv.mx\/comision-transitoria\/files\/2019\/05\/Anteproyecto-de-Ley-Organica-Universidad-Veracruzana.pdf\">https:\/\/www.uv.mx\/comision-transitoria\/files\/2019\/05\/Anteproyecto-de-Ley-Organica-Universidad-Veracruzana.pdf<\/a>) fue aprobado en sesi\u00f3n ordinaria del Consejo Universitario General (CUG) del 13 de mayo pasado. Ah\u00ed, la iniciativa recibi\u00f3 el 92 por ciento de votos a favor (<a href=\"https:\/\/www.uv.mx\/prensa\/banner\/uv-voto-a-favor-de-nueva-ley-organica\/\">https:\/\/www.uv.mx\/prensa\/banner\/uv-voto-a-favor-de-nueva-ley-organica\/<\/a>) de los consejeros tras un proceso que inici\u00f3 en marzo de 2018 y que signific\u00f3 38 sesiones de trabajo de la Comisi\u00f3n, as\u00ed como la revisi\u00f3n de m\u00e1s de mil 500 aportaciones de la comunidad universitaria.<\/p>\n<p>La tarde del mismo d\u00eda, la rectora de la UV, Sara Ladr\u00f3n de Guevara, entreg\u00f3 al presidente de la Mesa Directiva de la LXV Legislatura del Congreso del Estado de Veracruz, el diputado Juan Manuel Pozos Castro, el Anteproyecto de Ley Org\u00e1nica que el CUG hab\u00eda aprobado por la ma\u00f1ana.<\/p>\n<p>Enseguida, el jueves 16 de mayo, la LXV Legislatura turn\u00f3 a comisiones la iniciativa de Ley Org\u00e1nica, de acuerdo con la <em>Gaceta Legislativa<\/em> n\u00famero 37, durante la cuarta sesi\u00f3n ordinaria del segundo periodo de sesiones, en el punto sexto de su orden del d\u00eda (<a href=\"http:\/\/www.legisver.gob.mx\/gaceta\/gacetaLXV\/GACETA%2037.pdf\">http:\/\/www.legisver.gob.mx\/gaceta\/gacetaLXV\/GACETA%2037.pdf<\/a>).<\/p>\n<p>Posterior a su transmisi\u00f3n de estreno, los especiales de la serie <em>Nuestra Ley Org\u00e1nica<\/em> estar\u00e1n disponibles bajo demanda en formato de <em>podcast<\/em> en el sitio <em>web<\/em> de Radio UV, y como video en el canal de <em>YouTube<\/em> de Tele UV.<\/p>\n","protected":false},"excerpt":{"rendered":"<p>Los tres cap\u00edtulos de la serie ser\u00e1n transmitidos por Tele UV el lunes 3, mi\u00e9rcoles 5 y viernes 7 de junio, a las 9:00, 14:00 y 19:00 horas; en Radio UV se transmitir\u00e1n a trav\u00e9s del 90.5 de FM en las mismas fechas, pero a las 18:00 horas<\/p>\n","protected":false},"author":1508,"featured_media":68769,"comment_status":"closed","ping_status":"closed","sticky":false,"template":"","format":"standard","meta":[],"categories":[61],"tags":[],"_links":{"self":[{"href":"https:\/\/www.uv.mx\/prensa\/wp-json\/wp\/v2\/posts\/68764"}],"collection":[{"href":"https:\/\/www.uv.mx\/prensa\/wp-json\/wp\/v2\/posts"}],"about":[{"href":"https:\/\/www.uv.mx\/prensa\/wp-json\/wp\/v2\/types\/post"}],"author":[{"embeddable":true,"href":"https:\/\/www.uv.mx\/prensa\/wp-json\/wp\/v2\/users\/1508"}],"replies":[{"embeddable":true,"href":"https:\/\/www.uv.mx\/prensa\/wp-json\/wp\/v2\/comments?post=68764"}],"version-history":[{"count":0,"href":"https:\/\/www.uv.mx\/prensa\/wp-json\/wp\/v2\/posts\/68764\/revisions"}],"wp:featuredmedia":[{"embeddable":true,"href":"https:\/\/www.uv.mx\/prensa\/wp-json\/wp\/v2\/media\/68769"}],"wp:attachment":[{"href":"https:\/\/www.uv.mx\/prensa\/wp-json\/wp\/v2\/media?parent=68764"}],"wp:term":[{"taxonomy":"category","embeddable":true,"href":"https:\/\/www.uv.mx\/prensa\/wp-json\/wp\/v2\/categories?post=68764"},{"taxonomy":"post_tag","embeddable":true,"href":"https:\/\/www.uv.mx\/prensa\/wp-json\/wp\/v2\/tags?post=68764"}],"curies":[{"name":"wp","href":"https:\/\/api.w.org\/{rel}","templated":true}]}}