{"id":68851,"date":"2019-05-30T13:15:12","date_gmt":"2019-05-30T18:15:12","guid":{"rendered":"https:\/\/www.uv.mx\/prensa\/?p=68851"},"modified":"2019-05-30T15:07:56","modified_gmt":"2019-05-30T20:07:56","slug":"el-arte-y-la-tecnologia-siempre-han-ido-de-la-mano","status":"publish","type":"post","link":"https:\/\/www.uv.mx\/prensa\/general\/el-arte-y-la-tecnologia-siempre-han-ido-de-la-mano\/","title":{"rendered":"El arte y la tecnolog\u00eda siempre han ido de la mano"},"content":{"rendered":"<ul>\n<li data-leveltext=\"\uf0b7\" data-font=\"Symbol\" data-listid=\"1\" data-aria-posinset=\"1\" data-aria-level=\"1\"><i><span data-contrast=\"auto\">Gerardo Mart\u00ednez, <\/span><\/i><i><span data-contrast=\"auto\">Yunuem<\/span><\/i><i><span data-contrast=\"auto\"> Esparza y <\/span><\/i><i><span data-contrast=\"auto\">Misus<\/span><\/i> <i><span data-contrast=\"auto\">Ricalde<\/span><\/i><i><span data-contrast=\"auto\"> participaron en la mesa de di\u00e1logo \u201cUniendo experiencias\u201d<\/span><\/i> <i><span data-contrast=\"auto\">del Foro Emerge 2019<\/span><\/i><\/li>\n<\/ul>\n<p>&nbsp;<\/p>\n<div id=\"attachment_68800\" style=\"width: 732px\" class=\"wp-caption aligncenter\"><a href=\"https:\/\/www.uv.mx\/prensa\/files\/2019\/05\/280519-UNIENDO-EXPERIENCIAS-1.jpg\"><img aria-describedby=\"caption-attachment-68800\" decoding=\"async\" loading=\"lazy\" class=\"size-full wp-image-68800\" src=\"https:\/\/www.uv.mx\/prensa\/files\/2019\/05\/280519-UNIENDO-EXPERIENCIAS-1.jpg\" alt=\"Dentro del Foro Emerge 2019 se realiz\u00f3 la mesa de di\u00e1logo \u201cUniendo experiencias\u201d\" width=\"722\" height=\"482\" srcset=\"https:\/\/www.uv.mx\/prensa\/files\/2019\/05\/280519-UNIENDO-EXPERIENCIAS-1.jpg 722w, https:\/\/www.uv.mx\/prensa\/files\/2019\/05\/280519-UNIENDO-EXPERIENCIAS-1-300x200.jpg 300w\" sizes=\"(max-width: 722px) 100vw, 722px\" \/><\/a><p id=\"caption-attachment-68800\" class=\"wp-caption-text\">Dentro del Foro Emerge 2019 se realiz\u00f3 la mesa de di\u00e1logo \u201cUniendo experiencias\u201d<\/p><\/div>\n<p>&nbsp;<\/p>\n<p><b><i><span data-contrast=\"auto\">Claudia Peralta V\u00e1zquez<\/span><\/i><\/b><\/p>\n<p><b><i><span data-contrast=\"auto\">30<\/span><\/i><\/b><b><i><span data-contrast=\"auto\">\/05\/<\/span><\/i><\/b><b><i><span data-contrast=\"auto\">19, Xalapa, Ver.-<\/span><\/i><\/b> <span data-contrast=\"auto\">Gerardo Mart\u00ednez, <\/span><span data-contrast=\"auto\">Yunuem<\/span><span data-contrast=\"auto\"> Esparza y <\/span><span data-contrast=\"auto\">Misus<\/span> <span data-contrast=\"auto\">Ricalde<\/span> <span data-contrast=\"auto\">Burgue\u00f1o<\/span><span data-contrast=\"auto\">, artista <\/span><span data-contrast=\"auto\">sonoro, pintora y dise\u00f1adora,<\/span><span data-contrast=\"auto\"> y<\/span> <span data-contrast=\"auto\">directora y productora independiente, respectivamente, par<\/span><span data-contrast=\"auto\">ticiparon en la mesa de di\u00e1logo \u201cUniendo experiencias\u201d<\/span><span data-contrast=\"auto\"> del Foro Emerge 2019, organizado por alumnos de la Facultad de Ciencias Administrativas y Sociales (FCAS) de la Universidad Veracruzana (UV)<\/span><span data-contrast=\"auto\">.<\/span><span data-ccp-props=\"{&quot;201341983&quot;:0,&quot;335559739&quot;:160,&quot;335559740&quot;:240}\">\u00a0<\/span><\/p>\n<p><span data-contrast=\"auto\">Invitados por el equipo Interactiva Arte D<\/span><span data-contrast=\"auto\">iferente de <\/span><span data-contrast=\"auto\">Senda <\/span><span data-contrast=\"auto\">R<\/span><span data-contrast=\"auto\">ojo<\/span><span data-contrast=\"auto\"> Publicidad y Relaciones P\u00fablicas, el<\/span> <span data-contrast=\"auto\">lunes 20 de mayo<\/span><span data-contrast=\"auto\"> los artistas <\/span><span data-contrast=\"auto\">dialogaron en torno a la relaci\u00f3n entre el arte y la tecnolog\u00eda para crear experiencias de apreciaci\u00f3n art\u00eds<\/span><span data-contrast=\"auto\">tica diferente, haci<\/span><span data-contrast=\"auto\">a donde se encaminan ambos conceptos y sobre el papel de la <\/span><span data-contrast=\"auto\">p<\/span><span data-contrast=\"auto\">ublicidad y las <\/span><span data-contrast=\"auto\">r<\/span><span data-contrast=\"auto\">elaciones <\/span><span data-contrast=\"auto\">p<\/span><span data-contrast=\"auto\">\u00fablicas en torno al mismo tema.<\/span><span data-ccp-props=\"{&quot;201341983&quot;:0,&quot;335559731&quot;:708,&quot;335559739&quot;:160,&quot;335559740&quot;:240}\">\u00a0<\/span><\/p>\n<p><span data-contrast=\"auto\">La mesa de di\u00e1logo fue moderada por Jos\u00e9 Gonz\u00e1lez Meza, <\/span><span data-contrast=\"auto\">conocedores<\/span><span data-contrast=\"auto\"> en temas de social media y <\/span><i><span data-contrast=\"auto\">marketing<\/span><\/i><span data-contrast=\"auto\">.<\/span><span data-ccp-props=\"{&quot;201341983&quot;:0,&quot;335559731&quot;:708,&quot;335559739&quot;:160,&quot;335559740&quot;:240}\">\u00a0<\/span><\/p>\n<p><span data-contrast=\"auto\">Al hablar sobre las razones de experimentar con el arte y la tecnolog\u00eda, <\/span><span data-contrast=\"auto\">Misus<\/span> <span data-contrast=\"auto\">Ricalde<\/span><span data-contrast=\"auto\">, oriunda de la ciudad de Guadalajara, Jalisco, coment\u00f3 que desde el inicio de sus estudios de cine experiment\u00f3 la transici\u00f3n digi<\/span><span data-contrast=\"auto\">tal: <\/span><span data-contrast=\"auto\">\u201cSiento que el arte y la tecnolog\u00eda siempre han ido de la mano a trav\u00e9s del uso de distintos dispositivos y las nuevas metodolog\u00edas\u201d.<\/span><span data-ccp-props=\"{&quot;201341983&quot;:0,&quot;335559731&quot;:708,&quot;335559739&quot;:160,&quot;335559740&quot;:240}\">\u00a0<\/span><\/p>\n<p><span data-contrast=\"auto\">Posteriormente, con el uso del lenguaje digital y de nuevos formatos, le surgi\u00f3 la curiosidad de expandirse hacia la narrativa audiovisual.<\/span><span data-ccp-props=\"{&quot;201341983&quot;:0,&quot;335559739&quot;:160,&quot;335559740&quot;:240}\">\u00a0<\/span><\/p>\n<p><span data-contrast=\"auto\">Gerardo Mart\u00ednez, m\u00fasico con m\u00e1s de veinte a\u00f1os de experiencia en medios audiovisuales y director general de M\u00e9xico <\/span><span data-contrast=\"auto\">Lab<\/span><span data-contrast=\"auto\">, comparti\u00f3 que su primer contacto con la tecnolog\u00eda fue algo muy intuitivo que se dio cuando era peque\u00f1o, simpat\u00eda que lo llev\u00f3 a vincularse con los nuevos dispositivos como las videoc\u00e1maras y a pasar del proceso an\u00e1logo al<\/span> <span data-contrast=\"auto\">digital. \u201cSiento que esta relaci\u00f3n en la actualidad es muy cotidiana\u201d, coment\u00f3.<\/span><span data-ccp-props=\"{&quot;201341983&quot;:0,&quot;335559731&quot;:708,&quot;335559739&quot;:160,&quot;335559740&quot;:240}\">\u00a0<\/span><\/p>\n<p><span data-contrast=\"auto\">Yunuem<\/span><span data-contrast=\"auto\"> Esparza<\/span><span data-contrast=\"auto\">, dise\u00f1adora gr\u00e1fica de la Ciudad de M\u00e9xico, cuya obra se apoya en la realidad aumentada para complementar su mensaje, <\/span><span data-contrast=\"auto\">expres\u00f3 que hasta hace cinco a\u00f1os <\/span><span data-contrast=\"auto\">no exist\u00eda la tecnolog\u00eda tal y como la conocemos, pues hoy la<\/span><span data-contrast=\"auto\"> tenemos en la palma de la mano, lo cual contribuye a plasmar y lograr los mensajes personales a trav\u00e9s del arte.<\/span><span data-ccp-props=\"{&quot;201341983&quot;:0,&quot;335559739&quot;:160,&quot;335559740&quot;:240}\">\u00a0<\/span><\/p>\n<p><span data-contrast=\"auto\">Dentro <\/span><span data-contrast=\"auto\">del foro,<\/span><span data-contrast=\"auto\"> los participantes tambi\u00e9n <\/span><span data-contrast=\"auto\">expresa<\/span><span data-contrast=\"auto\">ron la necesidad de vincularse con otras personas dentro de su campo de acci\u00f3n, pues es algo que los beneficiar\u00e1 y ayudar\u00e1 a mejorar su desempe\u00f1o profesional y a ordenar las ideas creativas.<\/span><span data-ccp-props=\"{&quot;201341983&quot;:0,&quot;335559739&quot;:160,&quot;335559740&quot;:240}\">\u00a0<\/span><\/p>\n<p><span data-contrast=\"auto\">Dijeron que el secreto del \u00e9xito es el trabajo en equipo, de interactuar con personas que piensen distinto y establezcan nuevos retos.<\/span><span data-ccp-props=\"{&quot;201341983&quot;:0,&quot;335559739&quot;:160,&quot;335559740&quot;:240}\">\u00a0<\/span><\/p>\n<p><span data-contrast=\"auto\">Respecto a la pregunta<\/span> <span data-contrast=\"auto\">\u00bfhac<\/span><span data-contrast=\"auto\">i<\/span><span data-contrast=\"auto\">a d<\/span><span data-contrast=\"auto\">\u00f3<\/span><span data-contrast=\"auto\">nde se encamina<\/span><span data-contrast=\"auto\">n<\/span><span data-contrast=\"auto\"> el arte y la tecnolog\u00eda?<\/span><span data-contrast=\"auto\">,<\/span> <span data-contrast=\"auto\">s<\/span><span data-contrast=\"auto\">ubrayaron la necesidad de que las nuevas generaciones no olviden el conocimiento de las \u00e9pocas pasadas, pues la tecnolog\u00eda siempre debe ser un complemento.<\/span><\/p>\n","protected":false},"excerpt":{"rendered":"<p>Artistas participaron en la mesa \u201cUniendo experiencias\u201d del Foro Emerge 2019 y dialogaron sobre la relaci\u00f3n entre el arte y la tecnolog\u00eda<\/p>\n","protected":false},"author":1775,"featured_media":68800,"comment_status":"closed","ping_status":"closed","sticky":false,"template":"","format":"standard","meta":[],"categories":[1],"tags":[],"_links":{"self":[{"href":"https:\/\/www.uv.mx\/prensa\/wp-json\/wp\/v2\/posts\/68851"}],"collection":[{"href":"https:\/\/www.uv.mx\/prensa\/wp-json\/wp\/v2\/posts"}],"about":[{"href":"https:\/\/www.uv.mx\/prensa\/wp-json\/wp\/v2\/types\/post"}],"author":[{"embeddable":true,"href":"https:\/\/www.uv.mx\/prensa\/wp-json\/wp\/v2\/users\/1775"}],"replies":[{"embeddable":true,"href":"https:\/\/www.uv.mx\/prensa\/wp-json\/wp\/v2\/comments?post=68851"}],"version-history":[{"count":0,"href":"https:\/\/www.uv.mx\/prensa\/wp-json\/wp\/v2\/posts\/68851\/revisions"}],"wp:featuredmedia":[{"embeddable":true,"href":"https:\/\/www.uv.mx\/prensa\/wp-json\/wp\/v2\/media\/68800"}],"wp:attachment":[{"href":"https:\/\/www.uv.mx\/prensa\/wp-json\/wp\/v2\/media?parent=68851"}],"wp:term":[{"taxonomy":"category","embeddable":true,"href":"https:\/\/www.uv.mx\/prensa\/wp-json\/wp\/v2\/categories?post=68851"},{"taxonomy":"post_tag","embeddable":true,"href":"https:\/\/www.uv.mx\/prensa\/wp-json\/wp\/v2\/tags?post=68851"}],"curies":[{"name":"wp","href":"https:\/\/api.w.org\/{rel}","templated":true}]}}