{"id":70148,"date":"2019-06-25T17:01:10","date_gmt":"2019-06-25T22:01:10","guid":{"rendered":"https:\/\/www.uv.mx\/prensa\/?p=70148"},"modified":"2019-06-25T17:01:10","modified_gmt":"2019-06-25T22:01:10","slug":"uv-realizo-feria-de-las-ciencias-en-escuela-primaria","status":"publish","type":"post","link":"https:\/\/www.uv.mx\/prensa\/ciencia\/uv-realizo-feria-de-las-ciencias-en-escuela-primaria\/","title":{"rendered":"UV realiz\u00f3 Feria de las Ciencias en escuela primaria"},"content":{"rendered":"<ul>\n<li><i><span data-contrast=\"auto\">Los talleres fueron impartidos por alumnos de las <\/span><\/i><i><span data-contrast=\"auto\">facultades de F\u00edsica, Matem\u00e1ticas y<\/span><\/i><i><span data-contrast=\"auto\"> Ciencias Agr\u00edcolas<\/span><\/i><\/li>\n<li><i><span data-contrast=\"auto\">Part<\/span><\/i><i><span data-contrast=\"auto\">iciparon cient\u00edficos de <\/span><\/i><i><span data-contrast=\"auto\">la <\/span><\/i><i><span data-contrast=\"auto\">UNAM, Universidad Iberoamericana, Sociedad Astron\u00f3mica de Veracruz e iniciativa privada<\/span><\/i><i><\/i><\/li>\n<\/ul>\n<p>&nbsp;<\/p>\n<div id=\"attachment_70077\" style=\"width: 732px\" class=\"wp-caption aligncenter\"><a href=\"https:\/\/www.uv.mx\/prensa\/files\/2019\/06\/210619-feria-de-ciencias-1.jpg\"><img aria-describedby=\"caption-attachment-70077\" decoding=\"async\" loading=\"lazy\" class=\"size-full wp-image-70077\" src=\"https:\/\/www.uv.mx\/prensa\/files\/2019\/06\/210619-feria-de-ciencias-1.jpg\" alt=\"\" width=\"722\" height=\"481\" srcset=\"https:\/\/www.uv.mx\/prensa\/files\/2019\/06\/210619-feria-de-ciencias-1.jpg 722w, https:\/\/www.uv.mx\/prensa\/files\/2019\/06\/210619-feria-de-ciencias-1-300x200.jpg 300w\" sizes=\"(max-width: 722px) 100vw, 722px\" \/><\/a><p id=\"caption-attachment-70077\" class=\"wp-caption-text\">Alumnos de la Escuela Primaria \u201cCuauht\u00e9moc\u201d participaron en la Feria de las Ciencias organizada por la UV<\/p><\/div>\n<p>&nbsp;<\/p>\n<p><b><i><span data-contrast=\"auto\">Claudia Peralta V\u00e1zquez<\/span><\/i><\/b><span data-ccp-props=\"{&quot;201341983&quot;:0,&quot;335559739&quot;:160,&quot;335559740&quot;:240}\">\u00a0<\/span><\/p>\n<p><b><i><span data-contrast=\"auto\">2<\/span><\/i><\/b><b><i><span data-contrast=\"auto\">5<\/span><\/i><\/b><b><i><span data-contrast=\"auto\">\/<\/span><\/i><\/b><b><i><span data-contrast=\"auto\">06<\/span><\/i><\/b><b><i><span data-contrast=\"auto\">\/<\/span><\/i><\/b><b><i><span data-contrast=\"auto\">19, Xalapa, Ver.-<\/span><\/i><\/b> <span data-contrast=\"auto\">Convocados por la Universidad Veracruzana (UV), cient\u00edficos de <\/span><span data-contrast=\"auto\">diversas instituciones del pa\u00eds<\/span><span data-contrast=\"auto\"> participaron <\/span><span data-contrast=\"auto\">el <\/span><span data-contrast=\"auto\">viernes 21 de junio en la Feria de <\/span><span data-contrast=\"auto\">las <\/span><span data-contrast=\"auto\">Ciencias, que tuvo lugar en la Escuela Primaria <\/span><span data-contrast=\"auto\">\u201c<\/span><span data-contrast=\"auto\">Cuauht\u00e9moc<\/span><span data-contrast=\"auto\">\u201d<\/span><span data-contrast=\"auto\">, iniciativa en la que tambi\u00e9n intervino la sociedad de padres de familia del plantel educativo.<\/span><span data-ccp-props=\"{&quot;201341983&quot;:0,&quot;335559739&quot;:160,&quot;335559740&quot;:240}\">\u00a0<\/span><\/p>\n<p><span data-contrast=\"auto\">Los alumnos<\/span> <span data-contrast=\"auto\">participron en charlas y<\/span><span data-contrast=\"auto\">\u00a0<\/span><span data-contrast=\"auto\"> talleres impartidos por universitarios de las facultades de F\u00edsica, Matem\u00e1ticas y <\/span><span data-contrast=\"auto\">Ciencias Agr\u00edcolas de la UV, y<\/span><span data-contrast=\"auto\"> por cient\u00edficos de<\/span><span data-contrast=\"auto\">l Instituto de Astronom\u00eda de<\/span><span data-contrast=\"auto\"> la Universidad <\/span><span data-contrast=\"auto\">Nacional Aut\u00f3noma de M\u00e9xico (UNAM), <\/span><span data-contrast=\"auto\">del Centro Astron\u00f3mico <\/span><span data-contrast=\"auto\">\u201c<\/span><span data-contrast=\"auto\">Clavius<\/span><span data-contrast=\"auto\">\u201d<\/span><span data-contrast=\"auto\"> de la Universidad Iberoamericana<\/span><span data-contrast=\"auto\">,<\/span> <span data-contrast=\"auto\">A.C, Sociedad Astron\u00f3mica de<\/span><span data-contrast=\"auto\">l Estado de<\/span><span data-contrast=\"auto\"> Veracruz e iniciativa privada de Guadalajara.<\/span><span data-ccp-props=\"{&quot;201341983&quot;:0,&quot;335559739&quot;:160,&quot;335559740&quot;:240}\">\u00a0<\/span><\/p>\n<p><span data-contrast=\"auto\">Mediante el juego<\/span><span data-contrast=\"auto\">, <\/span><span data-contrast=\"auto\">la <\/span><span data-contrast=\"auto\">observaci\u00f3n<\/span><span data-contrast=\"auto\"> y <\/span><span data-contrast=\"auto\">actividades l\u00fadicas, los ni\u00f1os conocieron el entrenamiento de un astronauta para llevar a cabo una misi\u00f3n, aspectos de la f\u00edsica recreativa,<\/span><span data-contrast=\"auto\"> energ\u00eda alternativa, calentamiento global,<\/span> <span data-contrast=\"auto\">elementos de la tabla peri\u00f3dica, <\/span><span data-contrast=\"auto\">observaci\u00f3n de la luna por medio de<\/span><span data-contrast=\"auto\"> un telescopio<\/span><span data-contrast=\"auto\">, <\/span><span data-contrast=\"auto\">fluidos, constelaciones, experimentos de \u00f3ptica y funci\u00f3n de algunos insectos.<\/span><span data-ccp-props=\"{&quot;201341983&quot;:0,&quot;335559731&quot;:708,&quot;335559739&quot;:160,&quot;335559740&quot;:240}\">\u00a0<\/span><\/p>\n<p><span data-contrast=\"auto\">Luego de una hora y media de talleres, arribaron al plantel los padres de familia, quienes junto con sus hijos <\/span><span data-contrast=\"auto\">intervinier<\/span><span data-contrast=\"auto\">on en los juegos y actividades de esta primera Feria de las Ciencias.<\/span><span data-ccp-props=\"{&quot;201341983&quot;:0,&quot;335559731&quot;:708,&quot;335559739&quot;:160,&quot;335559740&quot;:240}\">\u00a0<\/span><\/p>\n<p><span data-contrast=\"auto\">Sol-<\/span><span data-contrast=\"auto\">Haret<\/span><span data-contrast=\"auto\"> B\u00e1ez Barrios, directora de la Facultad de F\u00edsica<\/span><span data-contrast=\"auto\">,<\/span><span data-contrast=\"auto\"> dio a conocer que por exhorto<\/span> <span data-contrast=\"auto\">de los padres de familia<\/span><span data-contrast=\"auto\"> se <\/span><span data-contrast=\"auto\">dio a la tarea de <\/span><span data-contrast=\"auto\">organizar el<\/span><span data-contrast=\"auto\"> evento y convocar a las instituciones participantes con las que la UV mantiene v\u00ednculos acad\u00e9micos y de investigaci\u00f3n.<\/span><span data-ccp-props=\"{&quot;201341983&quot;:0,&quot;335559731&quot;:708,&quot;335559739&quot;:160,&quot;335559740&quot;:240}\">\u00a0<\/span><\/p>\n<p><span data-contrast=\"auto\">El objetivo fue compartir con los infantes sus conocimientos en materia de ciencia y tecnolog\u00eda, y la importancia del papel de los cient\u00edficos, con el fin de que en un futuro <\/span><span data-contrast=\"auto\">lleguen a <\/span><span data-contrast=\"auto\">inclin<\/span><span data-contrast=\"auto\">arse<\/span><span data-contrast=\"auto\"> por el estudio de algunas de estas disciplinas.<\/span><span data-ccp-props=\"{&quot;201341983&quot;:0,&quot;335559731&quot;:708,&quot;335559739&quot;:160,&quot;335559740&quot;:240}\">\u00a0<\/span><\/p>\n<p><span data-contrast=\"auto\">\u201cEsto es el resultado de la suma de voluntades<\/span><span data-contrast=\"auto\">,<\/span><span data-contrast=\"auto\"> de cient\u00edficos de varias facultades y universidades que atendieron al llamado<\/span><span data-contrast=\"auto\">;<\/span><span data-contrast=\"auto\"> e<\/span><span data-contrast=\"auto\">speramos que<\/span><span data-contrast=\"auto\"> los<\/span><span data-contrast=\"auto\"> ni\u00f1os a<\/span><span data-contrast=\"auto\"> quienes<\/span><span data-contrast=\"auto\"> estamos cautivando a trav\u00e9s de nuestros talleres<\/span><span data-contrast=\"auto\">, <\/span><span data-contrast=\"auto\">podamos tener<\/span><span data-contrast=\"auto\">los<\/span><span data-contrast=\"auto\"> en un futuro en las filas de la UV\u201d, expres\u00f3 la Maestra en Ciencias.<\/span><span data-ccp-props=\"{&quot;201341983&quot;:0,&quot;335559731&quot;:708,&quot;335559739&quot;:160,&quot;335559740&quot;:240}\">\u00a0<\/span><\/p>\n<p><span data-contrast=\"auto\">Destac\u00f3 que la ciencia tambi\u00e9n es cultura, adem\u00e1s de que contribuye<\/span><span data-contrast=\"auto\"> a tener un razonamiento l\u00f3gico, <\/span><span data-contrast=\"auto\">a ser creativos y propositivo<\/span><span data-contrast=\"auto\">s<\/span><span data-contrast=\"auto\">. Por tanto<\/span><span data-contrast=\"auto\">,<\/span><span data-contrast=\"auto\"> es una oportunidad de acercar a los ni\u00f1os<\/span><span data-contrast=\"auto\"> y de responder a sus cuestionamientos.<\/span><span data-ccp-props=\"{&quot;201341983&quot;:0,&quot;335559731&quot;:708,&quot;335559739&quot;:160,&quot;335559740&quot;:240}\">\u00a0<\/span><\/p>\n<p><span data-contrast=\"auto\">En este sentido, la <\/span><span data-contrast=\"auto\">Faculta<\/span><span data-contrast=\"auto\">d de F\u00edsica <\/span><span data-contrast=\"auto\">tiene<\/span> <span data-contrast=\"auto\">el prop\u00f3sito de involucrar<\/span><span data-contrast=\"auto\"> a sus estudiantes y<\/span><span data-contrast=\"auto\"> egresados en acciones de <\/span><span data-contrast=\"auto\">distribuci\u00f3n social de su conocimiento.<\/span><span data-contrast=\"auto\"> Incluso, se tiene contemplado un <\/span><span data-contrast=\"auto\">proyecto para implementar las pr\u00e1cticas profesionales en <\/span><span data-contrast=\"auto\">el resto de los niveles educativos desde preescolar.<\/span><span data-ccp-props=\"{&quot;201341983&quot;:0,&quot;335559731&quot;:708,&quot;335559739&quot;:160,&quot;335559740&quot;:240}\">\u00a0<\/span><\/p>\n<p><span data-contrast=\"auto\">Mar\u00eda del Roc\u00edo Gonz\u00e1lez Castilla, directora de la <\/span><span data-contrast=\"auto\">escuela <\/span><span data-contrast=\"auto\">primaria<\/span><span data-contrast=\"auto\">, agradeci\u00f3 el respaldo de la UV y del resto de las instituciones y universidades por hacer posible esta feria en beneficio de los infantes en etapa formativa, por medio de la vivencia y el aprendizaje.<\/span><span data-ccp-props=\"{&quot;201341983&quot;:0,&quot;335559731&quot;:708,&quot;335559739&quot;:160,&quot;335559740&quot;:240}\">\u00a0<\/span><\/p>\n<p><span data-contrast=\"auto\">Noel Marcial V\u00e1zquez Sojo, colaborador de<\/span> <i><span data-contrast=\"auto\">Probaco<\/span><\/i><span data-contrast=\"auto\">, empresa de <\/span><span data-contrast=\"auto\">r<\/span><span data-contrast=\"auto\">ob\u00f3tica <\/span><span data-contrast=\"auto\">e<\/span><span data-contrast=\"auto\">ducativa<\/span><span data-contrast=\"auto\"> a nivel nacional y latinoamericano, <\/span><span data-contrast=\"auto\">imparti\u00f3 un curso de rob\u00f3tica<\/span><span data-contrast=\"auto\"> educativa con robots m\u00f3viles adecuados para la iniciaci\u00f3n en estos campos.<\/span> <span data-contrast=\"auto\">A trav\u00e9s de esta actividad, los peque\u00f1os aprendieron definiciones b\u00e1sicas sobre esta \u00e1rea del conocimiento.<\/span><span data-ccp-props=\"{&quot;201341983&quot;:0,&quot;335559731&quot;:708,&quot;335559739&quot;:160,&quot;335559740&quot;:240}\">\u00a0<\/span><\/p>\n<p><span data-contrast=\"auto\">\u201cJugan<\/span><span data-contrast=\"auto\">do co<\/span><span data-contrast=\"auto\">n base <\/span><span data-contrast=\"auto\">en<\/span><span data-contrast=\"auto\"> construccionismo aprenden a programar, no se dan cuenta pero ellos aplican ciertas definiciones al mover el robot, es muy din\u00e1mica la ense\u00f1anza\u201d, coment\u00f3 el Ingeniero <\/span><span data-contrast=\"auto\">en Mecatr\u00f3nica<\/span><span data-contrast=\"auto\">.<\/span><span data-ccp-props=\"{&quot;201341983&quot;:0,&quot;335559731&quot;:708,&quot;335559739&quot;:160,&quot;335559740&quot;:240}\">\u00a0<\/span><\/p>\n<p>&nbsp;<\/p>\n<div id=\"attachment_70078\" style=\"width: 732px\" class=\"wp-caption aligncenter\"><a href=\"https:\/\/www.uv.mx\/prensa\/files\/2019\/06\/210619-feria-de-ciencias-2.jpg\"><img aria-describedby=\"caption-attachment-70078\" decoding=\"async\" loading=\"lazy\" class=\"size-full wp-image-70078\" src=\"https:\/\/www.uv.mx\/prensa\/files\/2019\/06\/210619-feria-de-ciencias-2.jpg\" alt=\"\" width=\"722\" height=\"481\" srcset=\"https:\/\/www.uv.mx\/prensa\/files\/2019\/06\/210619-feria-de-ciencias-2.jpg 722w, https:\/\/www.uv.mx\/prensa\/files\/2019\/06\/210619-feria-de-ciencias-2-300x200.jpg 300w\" sizes=\"(max-width: 722px) 100vw, 722px\" \/><\/a><p id=\"caption-attachment-70078\" class=\"wp-caption-text\">Autoridades universitarias y escolares encabezaron la Feria de las Ciencias<\/p><\/div>\n<p>&nbsp;<\/p>\n<p><span data-contrast=\"auto\">Gabriel R\u00edos Pardo, alumno de octavo semestre de la<\/span><span data-contrast=\"auto\"> Facultad de F\u00edsica, habl\u00f3 <\/span><span data-contrast=\"auto\">de<\/span><span data-contrast=\"auto\"> las<\/span><span data-contrast=\"auto\"> actividades <\/span><span data-contrast=\"auto\">realizadas para que los <\/span><span data-contrast=\"auto\">escolares aprendan sobre las fuerzas que act\u00faan, la diferencia entre presiones y densidades, as\u00ed como los colores del arco\u00edris.<\/span><span data-ccp-props=\"{&quot;201341983&quot;:0,&quot;335559731&quot;:708,&quot;335559739&quot;:160,&quot;335559740&quot;:240}\">\u00a0<\/span><\/p>\n<p><span data-contrast=\"auto\">\u201c<\/span><span data-contrast=\"auto\">T<\/span><span data-contrast=\"auto\">enemos <\/span><span data-contrast=\"auto\">l<\/span><span data-contrast=\"auto\">a err\u00f3nea <\/span><span data-contrast=\"auto\">idea <\/span><span data-contrast=\"auto\">de <\/span><span data-contrast=\"auto\">que la suma de todos los colores nos dar\u00e1 negro cuando<\/span> <span data-contrast=\"auto\">en realidad es blanco, por eso <\/span><span data-contrast=\"auto\">los ni\u00f1os crearon una pirinola de colores para girarla y comprobarlo.<\/span><span data-contrast=\"auto\">\u201d<\/span><span data-ccp-props=\"{&quot;201341983&quot;:0,&quot;335559731&quot;:708,&quot;335559739&quot;:160,&quot;335559740&quot;:240}\">\u00a0<\/span><\/p>\n<p><span data-contrast=\"auto\">Adem\u00e1s, tambi\u00e9n les mostraron que existe otro tipo de radiaci\u00f3n da\u00f1ina como es el l\u00e1ser.<\/span><span data-ccp-props=\"{&quot;201341983&quot;:0,&quot;335559731&quot;:708,&quot;335559739&quot;:160,&quot;335559740&quot;:240}\">\u00a0<\/span><\/p>\n<p><span data-contrast=\"auto\">\u201cPara m\u00ed es gratificante ver que los peque\u00f1os<\/span><span data-contrast=\"auto\"> se divierten haciendo ciencia.\u201d<\/span><span data-ccp-props=\"{&quot;201341983&quot;:0,&quot;335559731&quot;:708,&quot;335559739&quot;:160,&quot;335559740&quot;:240}\">\u00a0<\/span><\/p>\n<p><span data-contrast=\"auto\">C\u00e9sar Arturo del \u00c1ngel Albino, Vanessa Barradas Viveros, Alejandra D\u00edaz P\u00e9rez y Gustavo D\u00edaz Segura, de <\/span><span data-contrast=\"auto\">segundo semestre de esta misma F<\/span><span data-contrast=\"auto\">acultad, impartieron un taller sobre energ\u00eda solar con el fin de concien<\/span><span data-contrast=\"auto\">c<\/span><span data-contrast=\"auto\">iar a los ni\u00f1os sobre la b\u00fasqueda de alternativas para dejar de contaminar el planeta.<\/span><span data-ccp-props=\"{&quot;201341983&quot;:0,&quot;335559731&quot;:708,&quot;335559739&quot;:160,&quot;335559740&quot;:240}\">\u00a0<\/span><\/p>\n<p><span data-contrast=\"auto\">\u201cQueremos que comprendan que el calentamiento global es una realidad, que existen energ\u00edas renovables sin necesida<\/span><span data-contrast=\"auto\">d de afectar al medio ambiente.\u201d<\/span><span data-ccp-props=\"{&quot;201341983&quot;:0,&quot;335559739&quot;:160,&quot;335559740&quot;:240}\">\u00a0<\/span><\/p>\n<p><span data-contrast=\"auto\">Por su parte, Mary Cruz Abato Z\u00e1rate, acad\u00e9mica de la Facultad de Ciencias Agr\u00edcolas, junto con alumnas de este programa educativo<\/span><span data-contrast=\"auto\"> (PE)<\/span><span data-contrast=\"auto\">, dieron una explicaci\u00f3n acerca de los insectos ben\u00e9ficos para la agricultura, espec\u00edficamente las crisopas, organismos que ayudan en el control biol\u00f3gico de plagas agr\u00edcolas sin impactar al ambiente.<\/span><span data-ccp-props=\"{&quot;201341983&quot;:0,&quot;335559739&quot;:160,&quot;335559740&quot;:240}\">\u00a0<\/span><\/p>\n<p><span data-contrast=\"auto\">\u201cNo contaminan mantos fre\u00e1ticos, <\/span><span data-contrast=\"auto\">tampoco <\/span><span data-contrast=\"auto\">el suelo ni la atm\u00f3sfera, por eso es importante que los alumnos aprendan y conozcan m\u00e1s sobre<\/span><span data-contrast=\"auto\"> esta clase de<\/span><span data-contrast=\"auto\"> organismos.\u201d<\/span><span data-ccp-props=\"{&quot;201341983&quot;:0,&quot;335559739&quot;:160,&quot;335559740&quot;:240}\">\u00a0<\/span><\/p>\n<p><span data-contrast=\"auto\">Miguel \u00c1ngel Cruz Becerra, acad\u00e9mico de la Facultad de F\u00edsica<\/span><span data-contrast=\"auto\">, acompa\u00f1ado por alumnas de esta carrera, mostr\u00f3 el <\/span><span data-contrast=\"auto\">concepto<\/span><span data-contrast=\"auto\"> y relaci\u00f3n entre <\/span><span data-contrast=\"auto\">\u00e1re<\/span><span data-contrast=\"auto\">a y pres<\/span><span data-contrast=\"auto\">i\u00f3n, e introdujo a los menores \u2013<\/span><span data-contrast=\"auto\">de forma b\u00e1sica<\/span><span data-contrast=\"auto\">\u2013<\/span><span data-contrast=\"auto\"> al conocimiento de la<\/span><span data-contrast=\"auto\"> radiaci\u00f3n electromagn\u00e9tica.<\/span><span data-ccp-props=\"{&quot;201341983&quot;:0,&quot;335559739&quot;:160,&quot;335559740&quot;:240}\">\u00a0<\/span><\/p>\n<p><span data-contrast=\"auto\">\u201c<\/span><span data-contrast=\"auto\">La relevancia es que entiendan que las ondas electromagn\u00e9ticas existen y que no son da\u00f1inas, convivimos diariamente con ellas<\/span><span data-contrast=\"auto\">.\u201d<\/span><span data-ccp-props=\"{&quot;201341983&quot;:0,&quot;335559731&quot;:708,&quot;335559739&quot;:160,&quot;335559740&quot;:240}\">\u00a0<\/span><\/p>\n<p><span data-contrast=\"auto\">De la Facultad de Matem\u00e1ticas, Brenda Tapia Santos coment\u00f3 que la actividad encabezada por alumnos de este PE consisti\u00f3 en ense\u00f1arles por qu\u00e9 se emplean distintas figuras geom\u00e9tricas para el piso o los parques.<\/span><span data-ccp-props=\"{&quot;201341983&quot;:0,&quot;335559731&quot;:708,&quot;335559739&quot;:160,&quot;335559740&quot;:240}\">\u00a0<\/span><\/p>\n<p><span data-contrast=\"auto\">Llevaron <\/span><span data-contrast=\"auto\">varios pol\u00edgonos recortados <\/span><span data-contrast=\"auto\">con<\/span> <span data-contrast=\"auto\">la idea de que los ni\u00f1os descubrieran cu\u00e1<\/span><span data-contrast=\"auto\">l e<\/span><span data-contrast=\"auto\">ra<\/span><span data-contrast=\"auto\"> la mejor para rellenar un <\/span><span data-contrast=\"auto\">espacio que se les asign\u00f3.<\/span><span data-ccp-props=\"{&quot;201341983&quot;:0,&quot;335559731&quot;:708,&quot;335559739&quot;:160,&quot;335559740&quot;:240}\">\u00a0<\/span><\/p>\n<p><span data-contrast=\"auto\">Laura Elena <\/span><span data-contrast=\"auto\">Parrao<\/span><span data-contrast=\"auto\"> y L\u00f3pez, del Instituto de Astronom\u00eda de la UNAM, manifest\u00f3<\/span><span data-contrast=\"auto\"> que su exposici\u00f3n radic\u00f3<\/span><span data-contrast=\"auto\"> en dar a conocer todo lo relacionado con las constelaciones a trav\u00e9s estrategias como la repetici\u00f3n, cuentos y juegos mnemot\u00e9cnicos.<\/span><span data-ccp-props=\"{&quot;201341983&quot;:0,&quot;335559739&quot;:160,&quot;335559740&quot;:240}\">\u00a0<\/span><\/p>\n<p><span data-contrast=\"auto\">\u201cSi aprendemos a comunicarnos con un mismo <\/span><span data-contrast=\"auto\">lenguaje podremos entendernos, \u00e9<\/span><span data-contrast=\"auto\">sta es la finalidad de<\/span><span data-contrast=\"auto\"> este taller.\u201d<\/span><span data-ccp-props=\"{&quot;201341983&quot;:0,&quot;335559731&quot;:708,&quot;335559739&quot;:160,&quot;335559740&quot;:240}\">\u00a0<\/span><\/p>\n<p>&nbsp;<\/p>\n<div id='gallery-1' class='gallery galleryid-70148 gallery-columns-2 gallery-size-full'><dl class='gallery-item'>\n\t\t\t<dt class='gallery-icon landscape'>\n\t\t\t\t<a href='https:\/\/www.uv.mx\/prensa\/files\/2019\/06\/210619-feria-de-ciencias-3.jpg'><img width=\"722\" height=\"481\" src=\"https:\/\/www.uv.mx\/prensa\/files\/2019\/06\/210619-feria-de-ciencias-3.jpg\" class=\"attachment-full size-full\" alt=\"\" decoding=\"async\" loading=\"lazy\" aria-describedby=\"gallery-1-70079\" srcset=\"https:\/\/www.uv.mx\/prensa\/files\/2019\/06\/210619-feria-de-ciencias-3.jpg 722w, https:\/\/www.uv.mx\/prensa\/files\/2019\/06\/210619-feria-de-ciencias-3-300x200.jpg 300w\" sizes=\"(max-width: 722px) 100vw, 722px\" \/><\/a>\n\t\t\t<\/dt>\n\t\t\t\t<dd class='wp-caption-text gallery-caption' id='gallery-1-70079'>\n\t\t\t\tAlumnos de la Facultad de Ciencias Agr\u00edcolas explicaron a los ni\u00f1os la importancia de las crisopas \n\t\t\t\t<\/dd><\/dl><dl class='gallery-item'>\n\t\t\t<dt class='gallery-icon landscape'>\n\t\t\t\t<a href='https:\/\/www.uv.mx\/prensa\/files\/2019\/06\/210619-feria-de-ciencias-4.jpg'><img width=\"722\" height=\"481\" src=\"https:\/\/www.uv.mx\/prensa\/files\/2019\/06\/210619-feria-de-ciencias-4.jpg\" class=\"attachment-full size-full\" alt=\"\" decoding=\"async\" loading=\"lazy\" aria-describedby=\"gallery-1-70080\" srcset=\"https:\/\/www.uv.mx\/prensa\/files\/2019\/06\/210619-feria-de-ciencias-4.jpg 722w, https:\/\/www.uv.mx\/prensa\/files\/2019\/06\/210619-feria-de-ciencias-4-300x200.jpg 300w\" sizes=\"(max-width: 722px) 100vw, 722px\" \/><\/a>\n\t\t\t<\/dt>\n\t\t\t\t<dd class='wp-caption-text gallery-caption' id='gallery-1-70080'>\n\t\t\t\tEstudiantes de primaria se acercaron a la ciencia y a la tecnolog\u00eda\n\t\t\t\t<\/dd><\/dl><br style=\"clear: both\" \/>\n\t\t<\/div>\n\n","protected":false},"excerpt":{"rendered":"<p>Los talleres fueron impartidos por alumnos de las facultades de F\u00edsica, Matem\u00e1ticas y Ciencias Agr\u00edcolas<\/p>\n","protected":false},"author":1508,"featured_media":70077,"comment_status":"closed","ping_status":"closed","sticky":false,"template":"","format":"standard","meta":[],"categories":[45],"tags":[],"_links":{"self":[{"href":"https:\/\/www.uv.mx\/prensa\/wp-json\/wp\/v2\/posts\/70148"}],"collection":[{"href":"https:\/\/www.uv.mx\/prensa\/wp-json\/wp\/v2\/posts"}],"about":[{"href":"https:\/\/www.uv.mx\/prensa\/wp-json\/wp\/v2\/types\/post"}],"author":[{"embeddable":true,"href":"https:\/\/www.uv.mx\/prensa\/wp-json\/wp\/v2\/users\/1508"}],"replies":[{"embeddable":true,"href":"https:\/\/www.uv.mx\/prensa\/wp-json\/wp\/v2\/comments?post=70148"}],"version-history":[{"count":0,"href":"https:\/\/www.uv.mx\/prensa\/wp-json\/wp\/v2\/posts\/70148\/revisions"}],"wp:featuredmedia":[{"embeddable":true,"href":"https:\/\/www.uv.mx\/prensa\/wp-json\/wp\/v2\/media\/70077"}],"wp:attachment":[{"href":"https:\/\/www.uv.mx\/prensa\/wp-json\/wp\/v2\/media?parent=70148"}],"wp:term":[{"taxonomy":"category","embeddable":true,"href":"https:\/\/www.uv.mx\/prensa\/wp-json\/wp\/v2\/categories?post=70148"},{"taxonomy":"post_tag","embeddable":true,"href":"https:\/\/www.uv.mx\/prensa\/wp-json\/wp\/v2\/tags?post=70148"}],"curies":[{"name":"wp","href":"https:\/\/api.w.org\/{rel}","templated":true}]}}