{"id":70399,"date":"2019-07-01T08:00:44","date_gmt":"2019-07-01T13:00:44","guid":{"rendered":"https:\/\/www.uv.mx\/prensa\/?p=70399"},"modified":"2019-06-28T21:15:01","modified_gmt":"2019-06-29T02:15:01","slug":"identidad-del-migrante-influye-para-adquirir-ciudadania-de-eeuu","status":"publish","type":"post","link":"https:\/\/www.uv.mx\/prensa\/banner\/identidad-del-migrante-influye-para-adquirir-ciudadania-de-eeuu\/","title":{"rendered":"Identidad del migrante influye para adquirir ciudadan\u00eda de EEUU"},"content":{"rendered":"<ul>\n<li data-leveltext=\"\uf0b7\" data-font=\"Symbol\" data-listid=\"3\" data-aria-posinset=\"1\" data-aria-level=\"1\"><i><span data-contrast=\"auto\">El pa\u00eds del norte quiere un migrante educado, de ser posible con dinero<\/span><\/i><span data-ccp-props=\"{&quot;134233279&quot;:true,&quot;201341983&quot;:0,&quot;335559739&quot;:160,&quot;335559740&quot;:240}\">\u00a0<\/span><\/li>\n<li data-leveltext=\"\uf0b7\" data-font=\"Symbol\" data-listid=\"3\" data-aria-posinset=\"2\" data-aria-level=\"1\"><i><span data-contrast=\"auto\">Pobres, de piel negra, clase baja y con SIDA <\/span><\/i><i><span data-contrast=\"auto\">han <\/span><\/i><i><span data-contrast=\"auto\">en<\/span><\/i><i><span data-contrast=\"auto\">frentado obst\u00e1culos para tener<\/span><\/i><i><span data-contrast=\"auto\"> legalidad<\/span><\/i><span data-ccp-props=\"{&quot;134233279&quot;:true,&quot;201341983&quot;:0,&quot;335559739&quot;:160,&quot;335559740&quot;:240}\">\u00a0<\/span><\/li>\n<\/ul>\n<p>&nbsp;<\/p>\n<div id=\"attachment_70404\" style=\"width: 732px\" class=\"wp-caption aligncenter\"><a href=\"https:\/\/www.uv.mx\/prensa\/files\/2019\/06\/010719-Migrar.jpg\"><img aria-describedby=\"caption-attachment-70404\" decoding=\"async\" loading=\"lazy\" class=\"wp-image-70404 size-full\" src=\"https:\/\/www.uv.mx\/prensa\/files\/2019\/06\/010719-Migrar.jpg\" alt=\"\" width=\"722\" height=\"481\" srcset=\"https:\/\/www.uv.mx\/prensa\/files\/2019\/06\/010719-Migrar.jpg 722w, https:\/\/www.uv.mx\/prensa\/files\/2019\/06\/010719-Migrar-300x200.jpg 300w\" sizes=\"(max-width: 722px) 100vw, 722px\" \/><\/a><p id=\"caption-attachment-70404\" class=\"wp-caption-text\">Lydia Huerta Moreno, de la Universidad de Nevada<\/p><\/div>\n<p>&nbsp;<\/p>\n<p><b><i><span data-contrast=\"auto\">Karina de la Paz Reyes D\u00edaz<\/span><\/i><\/b><span data-ccp-props=\"{&quot;134233279&quot;:true,&quot;201341983&quot;:0,&quot;335559739&quot;:160,&quot;335559740&quot;:240}\">\u00a0<\/span><\/p>\n<p><b><i><span data-contrast=\"auto\">01\/07\/19, Xalapa, Ver.-<\/span><\/i><\/b><span data-contrast=\"auto\"> La acad\u00e9mica de la Universidad de Nevada, Estados Unidos (EEUU), Lydia Huerta Moreno, habl\u00f3 de \u201cIdentidades migrantes y ciudadan\u00eda\u201d en la Internacional Sumer <\/span><span data-contrast=\"auto\">School<\/span><span data-contrast=\"auto\"> 2019, que se desarroll<\/span><span data-contrast=\"auto\">\u00f3<\/span><span data-contrast=\"auto\"> en la Universidad Veracruzana (UV) y cuya tem\u00e1tica central es \u201cRostros de la migraci\u00f3n\u201d.<\/span><span data-ccp-props=\"{&quot;134233279&quot;:true,&quot;201341983&quot;:0,&quot;335559739&quot;:160,&quot;335559740&quot;:240}\">\u00a0<\/span><\/p>\n<p><span data-contrast=\"auto\">Para ella, <\/span><span data-contrast=\"auto\">la <\/span><span data-contrast=\"auto\">intenci\u00f3n de su pres<\/span><span data-contrast=\"auto\">entaci\u00f3n fue hacer consciencia entre<\/span><span data-contrast=\"auto\"> las personas para que se den cuenta que la identidad pol\u00edtica afecta <\/span><span data-contrast=\"auto\">completamente <\/span><span data-contrast=\"auto\">en el<\/span><span data-contrast=\"auto\"> acceso a ciudadan\u00eda y a procesos burocr\u00e1ticos<\/span><span data-contrast=\"auto\">. \u201cI<\/span><span data-contrast=\"auto\">mpacta por las diferentes ideolog\u00edas que se manejan en los pa\u00edses donde se migra.<\/span><span data-ccp-props=\"{&quot;134233279&quot;:true,&quot;201341983&quot;:0,&quot;335559739&quot;:160,&quot;335559740&quot;:240}\">\u00a0<\/span><\/p>\n<p><span data-contrast=\"auto\">\u201d<\/span><span data-contrast=\"auto\">En el formulario <\/span><span data-contrast=\"auto\">(<\/span><span data-contrast=\"auto\">de <\/span><span data-contrast=\"auto\">solicitud)<\/span> <span data-contrast=\"auto\">de <\/span><span data-contrast=\"auto\">asilo <\/span><span data-contrast=\"auto\">a <\/span><span data-contrast=\"auto\">EEUU hay una pregunta <\/span><span data-contrast=\"auto\">sobre si una persona tiene <\/span><span data-contrast=\"auto\">s\u00edndrome de inmunodeficiencia adquirida<\/span> <span data-contrast=\"auto\">(<\/span><span data-contrast=\"auto\">SIDA<\/span><span data-contrast=\"auto\">) o no.<\/span><span data-contrast=\"auto\"> Esta pregunta se puso en 199<\/span><span data-contrast=\"auto\">1, <\/span><span data-contrast=\"auto\">y b\u00e1sicamente veta<\/span><span data-contrast=\"auto\">ba<\/span><span data-contrast=\"auto\"> a cualq<\/span><span data-contrast=\"auto\">uier persona que <\/span><span data-contrast=\"auto\">tuviera<\/span> <span data-contrast=\"auto\">el virus<\/span><span data-contrast=\"auto\"> para<\/span><span data-contrast=\"auto\"> entrar y <\/span><span data-contrast=\"auto\">formar parte del pa\u00eds.\u201d<\/span><span data-ccp-props=\"{&quot;134233279&quot;:true,&quot;201341983&quot;:0,&quot;335559739&quot;:160,&quot;335559740&quot;:240}\">\u00a0<\/span><\/p>\n<p><span data-contrast=\"auto\">A <\/span><span data-contrast=\"auto\">partir de 2010 ese planteamiento<\/span><span data-contrast=\"auto\"> dej\u00f3 de tener peso, <\/span><span data-contrast=\"auto\">pero previamente era definitorio para que se<\/span><span data-contrast=\"auto\"> permitiera o no la entrada <\/span><span data-contrast=\"auto\">a EEUU<\/span><span data-contrast=\"auto\">. Es m\u00e1s, <\/span><span data-contrast=\"auto\">si una persona que se identificaba como parte de la comunidad LG<\/span><span data-contrast=\"auto\">B<\/span><span data-contrast=\"auto\">T (<\/span><span data-contrast=\"auto\">Lesbianas, <\/span><span data-contrast=\"auto\">Gay<\/span><span data-contrast=\"auto\">s<\/span><span data-contrast=\"auto\">,<\/span><span data-contrast=\"auto\"> Bisexuales y <\/span><span data-contrast=\"auto\">Transg\u00e9n<\/span><span data-contrast=\"auto\">ero<\/span><span data-contrast=\"auto\">) o era de Hait\u00ed no lograba el<\/span><span data-contrast=\"auto\"> ingreso a EEUU \u201cp<\/span><span data-contrast=\"auto\">ues <\/span><span data-contrast=\"auto\">se dec\u00ed<\/span><span data-contrast=\"auto\">a que <\/span><span data-contrast=\"auto\">eran<\/span> <span data-contrast=\"auto\">personas sidosa<\/span><span data-contrast=\"auto\">s\u201d.<\/span><span data-ccp-props=\"{&quot;134233279&quot;:true,&quot;201341983&quot;:0,&quot;335559739&quot;:160,&quot;335559740&quot;:240}\">\u00a0<\/span><\/p>\n<p><span data-contrast=\"auto\">Para ella, esto es s\u00f3<\/span><span data-contrast=\"auto\">lo un ejemplo que ilustra que ese tipo de identidades se manifiest<\/span><span data-contrast=\"auto\">an en las pol\u00edticas p\u00fablicas y afecta<\/span><span data-contrast=\"auto\">n<\/span><span data-contrast=\"auto\"> los procesos de migraci\u00f3n.<\/span><span data-ccp-props=\"{&quot;134233279&quot;:true,&quot;201341983&quot;:0,&quot;335559739&quot;:160,&quot;335559740&quot;:240}\">\u00a0<\/span><\/p>\n<p><span data-contrast=\"auto\">\u201c<\/span><span data-contrast=\"auto\">Cuando uno politiza y militariza los procesos migr<\/span><span data-contrast=\"auto\">atorios entran otras cuestiones<\/span><span data-contrast=\"auto\"> que tienen mucho que ver <\/span><span data-contrast=\"auto\">con las identidades pol\u00edticas.\u201d<\/span><span data-ccp-props=\"{&quot;134233279&quot;:true,&quot;201341983&quot;:0,&quot;335559731&quot;:708,&quot;335559739&quot;:160,&quot;335559740&quot;:240}\">\u00a0<\/span><\/p>\n<p><span data-contrast=\"auto\">En su presentaci\u00f3n<\/span><span data-contrast=\"auto\">,<\/span> <span data-contrast=\"auto\">explic\u00f3 que es complicado hablar de ciudadan\u00eda estadounidense, porque hay diferentes tipos de <\/span><span data-contrast=\"auto\">inmigrantes<\/span><span data-contrast=\"auto\">, <\/span><span data-contrast=\"auto\">de<\/span><span data-contrast=\"auto\"> acceso a la ciudadan\u00eda en s\u00ed, de procesos de naturalizaci\u00f3n, de migraci\u00f3n legal, incluso de solicitudes de asilo.<\/span><span data-ccp-props=\"{&quot;134233279&quot;:true,&quot;201341983&quot;:0,&quot;335559739&quot;:160,&quot;335559740&quot;:240}\">\u00a0<\/span><\/p>\n<p><span data-contrast=\"auto\">Aclar\u00f3 que un refugiado es quien recibe permiso para entrar a<\/span><span data-contrast=\"auto\"> los EEUU desde afuera del pa\u00eds<\/span> <span data-contrast=\"auto\">con la ayuda de una agencia, m<\/span><span data-contrast=\"auto\">ientras <\/span><span data-contrast=\"auto\">que <\/span><span data-contrast=\"auto\">los asilados reciben tal <\/span><span data-contrast=\"auto\">e<\/span><span data-contrast=\"auto\">status cu<\/span><span data-contrast=\"auto\">ando ya est\u00e1n dentro de EEUU<\/span><span data-contrast=\"auto\">, <\/span><span data-contrast=\"auto\">deben comprobar que tienen una raz\u00f3n por la cual <\/span><span data-contrast=\"auto\">salen de<\/span><span data-contrast=\"auto\"> su pa\u00ed<\/span><span data-contrast=\"auto\">s de origen.<\/span><span data-ccp-props=\"{&quot;134233279&quot;:true,&quot;201341983&quot;:0,&quot;335559739&quot;:160,&quot;335559740&quot;:240}\">\u00a0<\/span><\/p>\n<p><span data-contrast=\"auto\">\u201cEsa es una de las cosas que la prensa no entiende, porque todo el mundo dice que la gente que est\u00e1 pidiendo asilo entr\u00f3 ilegalmente al pa\u00eds; y para poder pedir asilo tienes que estar <\/span><span data-contrast=\"auto\">ya <\/span><span data-contrast=\"auto\">en el pa\u00eds. Es otra paradoja.\u201d<\/span><span data-ccp-props=\"{&quot;134233279&quot;:true,&quot;201341983&quot;:0,&quot;335559739&quot;:160,&quot;335559740&quot;:240}\">\u00a0<\/span><\/p>\n<p><span data-contrast=\"auto\">O<\/span><span data-contrast=\"auto\">btener la ciudadan\u00eda estadounidense <\/span><span data-contrast=\"auto\">es posible si se naci\u00f3 all\u00e1; <\/span><span data-contrast=\"auto\">si uno de los dos padres es de all\u00e1<\/span><span data-contrast=\"auto\"> o se ciudadaniz\u00f3 antes de que los hijos cumplieran 18 a\u00f1os; si fue adoptado por un ciudadano estadounidense o pas\u00f3 po<\/span><span data-contrast=\"auto\">r el proceso de naturalizaci\u00f3n.<\/span><span data-ccp-props=\"{&quot;134233279&quot;:true,&quot;201341983&quot;:0,&quot;335559739&quot;:160,&quot;335559740&quot;:240}\">\u00a0<\/span><\/p>\n<p><span data-contrast=\"auto\">Sin embargo, si una familia LG<\/span><span data-contrast=\"auto\">B<\/span><span data-contrast=\"auto\">T<\/span> <span data-contrast=\"auto\">adoptar\u00e1<\/span><span data-contrast=\"auto\"> un hijo, cuya madre biol\u00f3gica est\u00e1 en Canad\u00e1 o M\u00e9xico, la administraci\u00f3n de EEUU no le permite al menor ser ciudadano estadounidense, por no haber nacido en territorio nacional. En este caso espec\u00edfico, las leyes de aqu<\/span><span data-contrast=\"auto\">e<\/span><span data-contrast=\"auto\">l<\/span><span data-contrast=\"auto\"> pa\u00eds \u201cjuegan con la biolog\u00eda\u201d.<\/span><span data-ccp-props=\"{&quot;134233279&quot;:true,&quot;201341983&quot;:0,&quot;335559739&quot;:160,&quot;335559740&quot;:240}\">\u00a0<\/span><\/p>\n<p><span data-contrast=\"auto\">Y nuevamente<\/span> <span data-contrast=\"auto\">Lydia Huerta<\/span><span data-contrast=\"auto\"> retom\u00f3 el caso de los haitianos<\/span> <span data-contrast=\"auto\">para remarcar que \u201cnuestra identidad pol\u00edtica afecta c\u00f3mo migramos\u201d;<\/span> <span data-contrast=\"auto\">la mayor\u00eda de los de ese pa\u00eds que solicitan <\/span><span data-contrast=\"auto\">ciudadan\u00eda <\/span><span data-contrast=\"auto\">estadounidense <\/span><span data-contrast=\"auto\">son pobres, de pi<\/span><span data-contrast=\"auto\">el negra y clase baja<\/span><span data-contrast=\"auto\">, <\/span><span data-contrast=\"auto\">fen\u00f3menos de<\/span><span data-contrast=\"auto\"> su identidad pol\u00edtica que<\/span><span data-contrast=\"auto\"> no les permiten<\/span><span data-contrast=\"auto\"> migrar a EEUU.<\/span><span data-ccp-props=\"{&quot;134233279&quot;:true,&quot;201341983&quot;:0,&quot;335559739&quot;:160,&quot;335559740&quot;:240}\">\u00a0<\/span><\/p>\n<p><span data-contrast=\"auto\">Al explicar el proceso de naturalizaci\u00f3n, expuso: <\/span><span data-contrast=\"auto\">\u201c\u00bfQu\u00e9 tipo de migrante nos est\u00e1 diciendo EEUU que quiere? Un migrante educado. Es<\/span><span data-contrast=\"auto\">e es<\/span><span data-contrast=\"auto\"> el migrante ideal<\/span><span data-contrast=\"auto\">, p<\/span><span data-contrast=\"auto\">orque si sabe leer, escribir y hablar <\/span><span data-contrast=\"auto\">ingl\u00e9s <\/span><span data-contrast=\"auto\">en p\u00fablico <\/span><span data-contrast=\"auto\">(como indica uno de los requisitos)<\/span><span data-contrast=\"auto\">, quiere decir que fue<\/span> <span data-contrast=\"auto\">a la universidad o a la escuela porque<\/span><span data-contrast=\"auto\"> ten\u00eda alg\u00fan tipo de recurso\u201d.<\/span><span data-ccp-props=\"{&quot;134233279&quot;:true,&quot;201341983&quot;:0,&quot;335559739&quot;:160,&quot;335559740&quot;:240}\">\u00a0<\/span><\/p>\n<p><span data-contrast=\"auto\">Aclar\u00f3 que <\/span><span data-contrast=\"auto\">las personas que tienen suficientes recursos<\/span><span data-contrast=\"auto\"> econ\u00f3micos<\/span><span data-contrast=\"auto\"> lo que hacen<\/span><span data-contrast=\"auto\"> es tramitar una visa;<\/span><span data-contrast=\"auto\"> \u201c<\/span><span data-contrast=\"auto\">p<\/span><span data-contrast=\"auto\">or eso es que los funcionarios pol\u00edticos no piden asilo, por lo general. Donan una gran cantidad <\/span><span data-contrast=\"auto\">de dinero para tener su visa\u201d.<\/span><span data-ccp-props=\"{&quot;134233279&quot;:true,&quot;201341983&quot;:0,&quot;335559739&quot;:160,&quot;335559740&quot;:240}\">\u00a0<\/span><\/p>\n<p><span data-contrast=\"auto\">Es <\/span><span data-contrast=\"auto\">m\u00e1s, mencion\u00f3<\/span><span data-contrast=\"auto\"> el ejemplo de l<\/span><span data-contrast=\"auto\">a clase pol\u00edtica rica que se fue de Venezuela <\/span><span data-contrast=\"auto\">a<\/span><span data-contrast=\"auto\"> Miami,<\/span><span data-contrast=\"auto\"> quienes lejos de pagarle<\/span><span data-contrast=\"auto\"> a <\/span><span data-contrast=\"auto\">\u201c<\/span><span data-contrast=\"auto\">un coyote<\/span><span data-contrast=\"auto\">\u201d, como es lo com\u00fan, <\/span><span data-contrast=\"auto\">se <\/span><span data-contrast=\"auto\">fue<\/span><span data-contrast=\"auto\">ron para all\u00e1<\/span><span data-contrast=\"auto\"> porque ten\u00edan familia<\/span><span data-contrast=\"auto\"> en EEUU<\/span><span data-contrast=\"auto\"> o dinero pa<\/span><span data-contrast=\"auto\">ra pagar las<\/span><span data-contrast=\"auto\"> visas notoriamente <\/span><span data-contrast=\"auto\">cara<\/span><span data-contrast=\"auto\">. <\/span><span data-contrast=\"auto\">Entonces, \u201cs<\/span><span data-contrast=\"auto\">u privilegio, como personas <\/span><span data-contrast=\"auto\">de clase alta<\/span><span data-contrast=\"auto\">,<\/span><span data-contrast=\"auto\"> les permiti\u00f3 ese proceso de migraci\u00f3n\u201d.<\/span><\/p>\n","protected":false},"excerpt":{"rendered":"<p>En el pa\u00eds del norte quieren un migrante educado, de ser posible con dinero: Lydia Huerta, acad\u00e9mica de la Universidad de Nevada<\/p>\n","protected":false},"author":1508,"featured_media":70402,"comment_status":"closed","ping_status":"closed","sticky":false,"template":"","format":"standard","meta":[],"categories":[61],"tags":[],"_links":{"self":[{"href":"https:\/\/www.uv.mx\/prensa\/wp-json\/wp\/v2\/posts\/70399"}],"collection":[{"href":"https:\/\/www.uv.mx\/prensa\/wp-json\/wp\/v2\/posts"}],"about":[{"href":"https:\/\/www.uv.mx\/prensa\/wp-json\/wp\/v2\/types\/post"}],"author":[{"embeddable":true,"href":"https:\/\/www.uv.mx\/prensa\/wp-json\/wp\/v2\/users\/1508"}],"replies":[{"embeddable":true,"href":"https:\/\/www.uv.mx\/prensa\/wp-json\/wp\/v2\/comments?post=70399"}],"version-history":[{"count":0,"href":"https:\/\/www.uv.mx\/prensa\/wp-json\/wp\/v2\/posts\/70399\/revisions"}],"wp:featuredmedia":[{"embeddable":true,"href":"https:\/\/www.uv.mx\/prensa\/wp-json\/wp\/v2\/media\/70402"}],"wp:attachment":[{"href":"https:\/\/www.uv.mx\/prensa\/wp-json\/wp\/v2\/media?parent=70399"}],"wp:term":[{"taxonomy":"category","embeddable":true,"href":"https:\/\/www.uv.mx\/prensa\/wp-json\/wp\/v2\/categories?post=70399"},{"taxonomy":"post_tag","embeddable":true,"href":"https:\/\/www.uv.mx\/prensa\/wp-json\/wp\/v2\/tags?post=70399"}],"curies":[{"name":"wp","href":"https:\/\/api.w.org\/{rel}","templated":true}]}}