{"id":71421,"date":"2019-08-08T08:14:29","date_gmt":"2019-08-08T13:14:29","guid":{"rendered":"https:\/\/www.uv.mx\/prensa\/?p=71421"},"modified":"2019-08-08T08:14:29","modified_gmt":"2019-08-08T13:14:29","slug":"teatro-la-caja-celebrara-40-aniversario","status":"publish","type":"post","link":"https:\/\/www.uv.mx\/prensa\/cultura\/teatro-la-caja-celebrara-40-aniversario\/","title":{"rendered":"Teatro La Caja celebrar\u00e1 40 aniversario"},"content":{"rendered":"<ul>\n<li data-leveltext=\"\uf0b7\" data-font=\"Symbol\" data-listid=\"5\" data-aria-posinset=\"1\" data-aria-level=\"1\"><i><span data-contrast=\"auto\">Los festejos de este foro de la Universidad Veracruzana incluir\u00e1n puestas en escena, develaciones de placas y mesas de di\u00e1logo<\/span><\/i><i><span data-contrast=\"auto\">,<\/span><\/i><i><span data-contrast=\"auto\"> entre otras actividades<\/span><\/i><span data-ccp-props=\"{}\">\u00a0<\/span><\/li>\n<\/ul>\n<p>&nbsp;<\/p>\n<div id=\"attachment_71414\" style=\"width: 732px\" class=\"wp-caption aligncenter\"><a href=\"https:\/\/www.uv.mx\/prensa\/files\/2019\/08\/070819-OrteUV-1.jpg\"><img aria-describedby=\"caption-attachment-71414\" decoding=\"async\" loading=\"lazy\" class=\"size-full wp-image-71414\" src=\"https:\/\/www.uv.mx\/prensa\/files\/2019\/08\/070819-OrteUV-1.jpg\" alt=\"\" width=\"722\" height=\"481\" srcset=\"https:\/\/www.uv.mx\/prensa\/files\/2019\/08\/070819-OrteUV-1.jpg 722w, https:\/\/www.uv.mx\/prensa\/files\/2019\/08\/070819-OrteUV-1-300x200.jpg 300w\" sizes=\"(max-width: 722px) 100vw, 722px\" \/><\/a><p id=\"caption-attachment-71414\" class=\"wp-caption-text\">Luis Mario Moncada acompa\u00f1ado por directores de teatro<\/p><\/div>\n<p>&nbsp;<\/p>\n<p><b><i><span data-contrast=\"auto\">Carlos Hugo Hermida Rosales<\/span><\/i><\/b><span data-ccp-props=\"{}\">\u00a0<\/span><\/p>\n<p><b><i><span data-contrast=\"auto\">08\/08\/<\/span><\/i><\/b><b><i><span data-contrast=\"auto\">19<\/span><\/i><\/b><b><i><span data-contrast=\"auto\">,<\/span><\/i><\/b> <b><i><span data-contrast=\"auto\">Xalapa, Ver.<\/span><\/i><\/b><b><i><span data-contrast=\"auto\">&#8211;<\/span><\/i><\/b> <span data-contrast=\"auto\">El Teatro La Caja, foro administrado por la Organizaci\u00f3n Teatral de la Universidad Veracruzana (<\/span><i><span data-contrast=\"auto\">Orteuv<\/span><\/i><span data-contrast=\"auto\">), celebrar\u00e1 del 9 de agosto al 15 de diciembre el 40 aniversario de su fundaci\u00f3n, con un programa art\u00edstico y cultural que incluir\u00e1 puestas en escena, develaciones de placas y mesas de di\u00e1logo<\/span><span data-contrast=\"auto\">,<\/span><span data-contrast=\"auto\"> entre otras actividades.\u00a0<\/span><span data-ccp-props=\"{}\">\u00a0<\/span><\/p>\n<p><span data-contrast=\"auto\">As\u00ed lo inform\u00f3 <\/span><span data-contrast=\"auto\">Luis Mario Moncada, director art\u00edstico de la <\/span><i><span data-contrast=\"auto\">Orteuv<\/span><\/i><span data-contrast=\"auto\">,<\/span><span data-contrast=\"auto\"> e<\/span><span data-contrast=\"auto\">n rueda de prensa realizada el 7 de agosto,<\/span><span data-contrast=\"auto\"> acompa\u00f1ado de <\/span><span data-contrast=\"auto\">Jos\u00e9 Palacios, Cari\u00f1o Selene y Yair Gamboa, directores teatrales.<\/span><span data-ccp-props=\"{&quot;335559731&quot;:708}\">\u00a0<\/span><\/p>\n<p><span data-contrast=\"auto\">El dramaturgo comparti\u00f3 que las obras <\/span><span data-contrast=\"auto\">elegid<\/span><span data-contrast=\"auto\">as son producciones de la Compa\u00f1\u00eda Titular de Teatro de la UV, montajes de la Facultad de Teatro, puestas en escena reconocidas en festivales de teatro universitarios, adem\u00e1s de presentaciones de los talleres libres.<\/span><span data-ccp-props=\"{&quot;335559731&quot;:708}\">\u00a0<\/span><\/p>\n<p><span data-contrast=\"auto\">\u201c<\/span><span data-contrast=\"auto\">Este<\/span><span data-contrast=\"auto\"> programa no s<\/span><span data-contrast=\"auto\">\u00f3<\/span><span data-contrast=\"auto\">lo incluye espect\u00e1culos profesionales<\/span><span data-contrast=\"auto\">,<\/span><span data-contrast=\"auto\"> tambi\u00e9n trabajos de actores amateurs, lo que lo vuelve \u00fanico\u201d, enfatiz\u00f3.<\/span><span data-ccp-props=\"{&quot;335559731&quot;:708}\">\u00a0<\/span><\/p>\n<p><span data-contrast=\"auto\">D<\/span><span data-contrast=\"auto\">estacan <\/span><i><span data-contrast=\"auto\">Historia de la serpiente y de c\u00f3mo le salieron los colmillos venenosos <\/span><\/i><span data-contrast=\"auto\">de Jorge Castillo, que ser\u00e1 exhibida del 9 al 11 de agosto, y <\/span><i><span data-contrast=\"auto\">Estrident\u00f3polis<\/span><\/i><span data-contrast=\"auto\"> de Hugo <\/span><span data-contrast=\"auto\">Arrevillaga<\/span><span data-contrast=\"auto\">, que se presentar\u00e1 el 28 del mismo mes.<\/span><span data-ccp-props=\"{&quot;335559731&quot;:708}\">\u00a0<\/span><\/p>\n<p><span data-contrast=\"auto\">Adem\u00e1s de <\/span><i><span data-contrast=\"auto\">Impro<\/span><\/i><i><span data-contrast=\"auto\">-tales<\/span><\/i> <span data-contrast=\"auto\">de Yoruba Romero, que estar\u00e1 en cartelera los fines de semana comprendidos entre el 18 y el 27 de octubre; <\/span><i><span data-contrast=\"auto\">Sara dice<\/span><\/i><span data-contrast=\"auto\">,<\/span> <span data-contrast=\"auto\">de <\/span><span data-contrast=\"auto\">Geovani<\/span><span data-contrast=\"auto\"> Cort\u00e9s, se exhibir\u00e1 <\/span><span data-contrast=\"auto\">los viernes, s\u00e1bados y dom<\/span><span data-contrast=\"auto\">ingos del 6 al 15 de diciembre.<\/span><span data-ccp-props=\"{&quot;335559731&quot;:708}\">\u00a0<\/span><\/p>\n<p><span data-contrast=\"auto\">Luis Mario Moncada<\/span> <span data-contrast=\"auto\">m<\/span><span data-contrast=\"auto\">encion\u00f3 que los festejos incluir<\/span><span data-contrast=\"auto\">\u00e1n la develaci\u00f3n de dos placas<\/span><span data-contrast=\"auto\">: una <\/span><span data-contrast=\"auto\">concerniente <\/span><span data-contrast=\"auto\">a los 40 a\u00f1os de existencia del Teatro La Caja, y otra <\/span><span data-contrast=\"auto\">que <\/span><span data-contrast=\"auto\">conmemorar\u00e1<\/span><span data-contrast=\"auto\"> las 100 presentaciones de la obra <\/span><i><span data-contrast=\"auto\">Estrident\u00f3polis<\/span><\/i><span data-contrast=\"auto\">.\u00a0<\/span><span data-ccp-props=\"{&quot;335559731&quot;:708}\">\u00a0<\/span><\/p>\n<p><span data-contrast=\"auto\">A\u00f1adi\u00f3 que a partir del 9 de agosto <\/span><span data-contrast=\"auto\">a trav\u00e9s de la p\u00e1gina de<\/span> <a href=\"https:\/\/www.facebook.com\/TeatroLaCajaUV\/\"><i><span data-contrast=\"none\">Facebook<\/span><\/i><span data-contrast=\"none\"> del Teatro La Caja<\/span><\/a><span data-contrast=\"auto\"> se presentar\u00e1 una miniserie documental que retrata momentos y protagonistas de este espacio cultural universitario; esta producci\u00f3n audiovisual est\u00e1 compuesta por 20 c<\/span><span data-contrast=\"auto\">\u00e1<\/span><span data-contrast=\"auto\">psulas que ser\u00e1n liberadas una semanalmente.\u00a0<\/span><span data-ccp-props=\"{&quot;335559731&quot;:708}\">\u00a0<\/span><\/p>\n<p><span data-contrast=\"auto\">En dicha red social se puede dar seguimiento a<\/span><span data-contrast=\"auto\"> la cartelera de las actividades del 40 aniversario del Teatro La Caja<\/span><span data-contrast=\"auto\">.<\/span><span data-ccp-props=\"{&quot;335559731&quot;:708}\">\u00a0<\/span><\/p>\n","protected":false},"excerpt":{"rendered":"<p>A partir del 9 de agosto, a trav\u00e9s de su p\u00e1gina de <em>Facebook<\/em>, se presentar\u00e1 una miniserie documental<\/p>\n","protected":false},"author":1508,"featured_media":71416,"comment_status":"closed","ping_status":"closed","sticky":false,"template":"","format":"standard","meta":[],"categories":[11,61],"tags":[],"_links":{"self":[{"href":"https:\/\/www.uv.mx\/prensa\/wp-json\/wp\/v2\/posts\/71421"}],"collection":[{"href":"https:\/\/www.uv.mx\/prensa\/wp-json\/wp\/v2\/posts"}],"about":[{"href":"https:\/\/www.uv.mx\/prensa\/wp-json\/wp\/v2\/types\/post"}],"author":[{"embeddable":true,"href":"https:\/\/www.uv.mx\/prensa\/wp-json\/wp\/v2\/users\/1508"}],"replies":[{"embeddable":true,"href":"https:\/\/www.uv.mx\/prensa\/wp-json\/wp\/v2\/comments?post=71421"}],"version-history":[{"count":0,"href":"https:\/\/www.uv.mx\/prensa\/wp-json\/wp\/v2\/posts\/71421\/revisions"}],"wp:featuredmedia":[{"embeddable":true,"href":"https:\/\/www.uv.mx\/prensa\/wp-json\/wp\/v2\/media\/71416"}],"wp:attachment":[{"href":"https:\/\/www.uv.mx\/prensa\/wp-json\/wp\/v2\/media?parent=71421"}],"wp:term":[{"taxonomy":"category","embeddable":true,"href":"https:\/\/www.uv.mx\/prensa\/wp-json\/wp\/v2\/categories?post=71421"},{"taxonomy":"post_tag","embeddable":true,"href":"https:\/\/www.uv.mx\/prensa\/wp-json\/wp\/v2\/tags?post=71421"}],"curies":[{"name":"wp","href":"https:\/\/api.w.org\/{rel}","templated":true}]}}