{"id":71528,"date":"2019-08-11T08:00:01","date_gmt":"2019-08-11T13:00:01","guid":{"rendered":"https:\/\/www.uv.mx\/prensa\/?p=71528"},"modified":"2019-08-12T13:15:43","modified_gmt":"2019-08-12T18:15:43","slug":"academica-de-universidad-de-purdue-realizara-estancia-en-la-uv","status":"publish","type":"post","link":"https:\/\/www.uv.mx\/prensa\/banner\/academica-de-universidad-de-purdue-realizara-estancia-en-la-uv\/","title":{"rendered":"Acad\u00e9mica de Universidad de Purdue realizar\u00e1 estancia en la UV\u00a0"},"content":{"rendered":"<ul>\n<li data-leveltext=\"\uf0b7\" data-font=\"Symbol\" data-listid=\"1\" data-aria-posinset=\"1\" data-aria-level=\"1\"><i><span data-contrast=\"auto\">Ang\u00e9lica Dur\u00e1n<\/span><\/i><i><span data-contrast=\"auto\"> participa como beneficiaria del Programa Fulbright e impartir\u00e1 talleres y conferencias<\/span><\/i><span data-ccp-props=\"{&quot;134233279&quot;:true}\">\u00a0<\/span><\/li>\n<li data-leveltext=\"\uf0b7\" data-font=\"Symbol\" data-listid=\"1\" data-aria-posinset=\"2\" data-aria-level=\"1\"><i><span data-contrast=\"auto\">Trabajar\u00e1 con los estudiantes que son migrantes de retorno y se incorporan a las universidades<\/span><\/i><span data-ccp-props=\"{&quot;134233279&quot;:true}\">\u00a0<\/span><\/li>\n<\/ul>\n<p><span data-ccp-props=\"{}\">\u00a0<\/span><\/p>\n<div id=\"attachment_71448\" style=\"width: 732px\" class=\"wp-caption aligncenter\"><a href=\"https:\/\/www.uv.mx\/prensa\/files\/2019\/08\/080819-academica-Fulbright-en-la-UV.jpg\"><img aria-describedby=\"caption-attachment-71448\" decoding=\"async\" loading=\"lazy\" class=\"size-full wp-image-71448\" src=\"https:\/\/www.uv.mx\/prensa\/files\/2019\/08\/080819-academica-Fulbright-en-la-UV.jpg\" alt=\"\" width=\"722\" height=\"480\" srcset=\"https:\/\/www.uv.mx\/prensa\/files\/2019\/08\/080819-academica-Fulbright-en-la-UV.jpg 722w, https:\/\/www.uv.mx\/prensa\/files\/2019\/08\/080819-academica-Fulbright-en-la-UV-300x199.jpg 300w\" sizes=\"(max-width: 722px) 100vw, 722px\" \/><\/a><p id=\"caption-attachment-71448\" class=\"wp-caption-text\">Ang\u00e9lica Dur\u00e1n, acad\u00e9mica de los EEUU y beneficiaria del Programa Fulbright, impartir\u00e1 talleres en la UV<\/p><\/div>\n<p><span data-ccp-props=\"{}\">\u00a0<\/span><\/p>\n<p><b><i><span data-contrast=\"auto\">David Sandoval Rodr\u00edguez<\/span><\/i><\/b><span data-ccp-props=\"{}\">\u00a0<\/span><\/p>\n<p><b><i><span data-contrast=\"auto\">11<\/span><\/i><\/b><b><i><span data-contrast=\"auto\">\/08\/19, Xalapa, <\/span><\/i><\/b><b><i><span data-contrast=\"auto\">Ver.-<\/span><\/i><\/b><span data-contrast=\"auto\"> Ang\u00e9lica Dur\u00e1n, acad\u00e9mica de la Universidad de Purdue en Indiana, Estados Unidos (EEUU), beneficiaria del Programa <\/span><span data-contrast=\"auto\">Fulbright<\/span><span data-contrast=\"auto\">, impartir\u00e1 en la Universidad Veracruzana (UV) talleres y conferencias a estudiantes, enfoc\u00e1ndose en la migraci\u00f3n de retorno a M\u00e9xico.<\/span><span data-ccp-props=\"{}\">\u00a0<\/span><\/p>\n<p><span data-contrast=\"auto\">Los<\/span><span data-contrast=\"auto\"> tema<\/span><span data-contrast=\"auto\">s<\/span> <span data-contrast=\"auto\">de la migraci\u00f3n y <\/span><span data-contrast=\"auto\">l<\/span><span data-contrast=\"auto\">os j\u00f3venes migrantes en retorno, particularmente aquellos<\/span><span data-contrast=\"auto\"> que se incorporan a las universidades<\/span><span data-contrast=\"auto\"> mexicanas<\/span><span data-contrast=\"auto\">, son un <\/span><span data-contrast=\"auto\">asunto <\/span><span data-contrast=\"auto\">que interesa a los acad\u00e9micos <\/span><span data-contrast=\"auto\">de ambos pa\u00edses, <\/span><span data-contrast=\"auto\">plante\u00f3 la<\/span><span data-contrast=\"auto\"> acad\u00e9mica <\/span><span data-contrast=\"auto\">en la <a href=\"https:\/\/www.uv.mx\/eee\/\">Escuela de Estudiantes Extranjeros<\/a> (EEE) de la UV.<\/span><span data-ccp-props=\"{&quot;335559731&quot;:708}\">\u00a0<\/span><\/p>\n<p><span data-contrast=\"auto\">Con <\/span><span data-contrast=\"auto\">20<\/span><span data-contrast=\"auto\"> a\u00f1os de docencia, l<\/span><span data-contrast=\"auto\">a catedr\u00e1tica de literatura comparada, literatura inglesa y <\/span><span data-contrast=\"auto\">estudios religiosos en Indiana y ocho libros publicados, uno de los m\u00e1s recientes titulado <\/span><i><span data-contrast=\"auto\">Newton en Hispanoam\u00e9rica<\/span><\/i><span data-contrast=\"auto\">, Dur\u00e1n <\/span><span data-contrast=\"auto\">es <\/span><span data-contrast=\"auto\">ben<\/span><span data-contrast=\"auto\">eficiaria del programa Fulbright en<\/span><span data-contrast=\"auto\"> su variante como especialista.<\/span><span data-ccp-props=\"{&quot;335559731&quot;:708}\">\u00a0<\/span><\/p>\n<p><span data-contrast=\"auto\">En la entrevista record\u00f3 que su e<\/span><span data-contrast=\"auto\">ncuentro con la UV fue fortuito:<\/span><span data-contrast=\"auto\"> \u201c<\/span><span data-contrast=\"auto\">L<\/span><span data-contrast=\"auto\">a primera vez que vine a <\/span><span data-contrast=\"auto\">Xalapa <\/span><span data-contrast=\"auto\">fue <\/span><span data-contrast=\"auto\">cuando<\/span><span data-contrast=\"auto\"> recib\u00ed la beca Fulbright-Garc\u00eda Robles para el a\u00f1o escolar 2016-2017 y quer\u00eda estar todo ese a\u00f1o en Oax<\/span><span data-contrast=\"auto\">aca, estudiando a Benito Ju\u00e1rez, <\/span><span data-contrast=\"auto\">pero hab\u00eda huelgas y la embajada de Estados Unidos dijo<\/span><span data-contrast=\"auto\"> que no podr\u00eda ir<\/span><span data-contrast=\"auto\">,<\/span><span data-contrast=\"auto\"> fue entonces que vi que en Puebla exist\u00eda <\/span><span data-contrast=\"auto\">la <\/span><span data-contrast=\"auto\">B<\/span><span data-contrast=\"auto\">iblioteca <\/span><span data-contrast=\"auto\">Palafoxiana<\/span><span data-contrast=\"auto\">, la primera biblioteca p\u00fablica<\/span><span data-contrast=\"auto\"> en el continente americano y <\/span><span data-contrast=\"auto\">opt\u00e9 por <\/span><span data-contrast=\"auto\">estudiar sus documentos<\/span><span data-contrast=\"auto\">\u201d<\/span><span data-contrast=\"auto\">.<\/span><span data-ccp-props=\"{}\">\u00a0<\/span><\/p>\n<p><span data-contrast=\"auto\">Al adentrarse en el acervo de la <\/span><span data-contrast=\"auto\">Palafoxiana<\/span><span data-contrast=\"auto\">, reconoci\u00f3 que <\/span><span data-contrast=\"auto\">l<\/span><span data-contrast=\"auto\">os mexicanos <\/span><span data-contrast=\"auto\">t<\/span><span data-contrast=\"auto\">enemos<\/span><span data-contrast=\"auto\"> un tesoro de cosas que <\/span><span data-contrast=\"auto\">en EEUU <\/span><span data-contrast=\"auto\">no t<\/span><span data-contrast=\"auto\">ien<\/span><span data-contrast=\"auto\">en, <\/span><span data-contrast=\"auto\">\u201c<\/span><span data-contrast=\"auto\">aunque tenemos muchas cosas digitales, uno todav\u00eda tiene que ir a los sitios <\/span><span data-contrast=\"auto\">donde pasaron las cosas\u201d.<\/span><span data-ccp-props=\"{}\">\u00a0<\/span><\/p>\n<p><span data-contrast=\"auto\">Durante su estancia cobr\u00f3 conciencia de la relevancia de Veracruz no s\u00f3lo en la histori<\/span><span data-contrast=\"auto\">a de M\u00e9xico sino del continente; <\/span><span data-contrast=\"auto\">record\u00f3 <\/span><span data-contrast=\"auto\">que \u201cl<\/span><span data-contrast=\"auto\">os acad\u00e9micos estamos conscientes de la importancia de Veracruz en la historia y esto coincide con las actividades que est\u00e1n en curso, ya que desde 2019 hasta el 2021 se conmemoran los 500 a\u00f1os de la llegada de He<\/span><span data-contrast=\"auto\">rn\u00e1n Cort\u00e9s a estos territorios\u201d.<\/span><span data-ccp-props=\"{&quot;335559731&quot;:708}\">\u00a0<\/span><\/p>\n<p><span data-contrast=\"auto\">Puntualiz\u00f3 adem\u00e1s que \u201cn<\/span><span data-contrast=\"auto\">o s\u00f3lo la ciudad de Veracruz es tan importante, todo el estado lo es y creo que en Estados Unidos sabemos qu\u00e9 pas\u00f3 cuando llegaron los europeos<\/span><span data-contrast=\"auto\">,<\/span><span data-contrast=\"auto\"> sabemos que no solamente fue significativo para los hispanos, tambi\u00e9n para los ingleses, los franceses<\/span><span data-contrast=\"auto\">, los alemanes y el mundo<\/span><span data-contrast=\"auto\">\u201d.<\/span><span data-ccp-props=\"{&quot;335559731&quot;:708}\">\u00a0<\/span><\/p>\n<p><span data-contrast=\"auto\">D<\/span><span data-contrast=\"auto\">urante su estancia en la <\/span><span data-contrast=\"auto\">B<\/span><span data-contrast=\"auto\">iblioteca <\/span><span data-contrast=\"auto\">Palafoxiana<\/span> <span data-contrast=\"auto\">contempl\u00f3 <\/span><span data-contrast=\"auto\">abundantes textos de los siglos XVI <\/span><span data-contrast=\"auto\">y<\/span><span data-contrast=\"auto\"> XVII <\/span><span data-contrast=\"auto\">referentes a <\/span><span data-contrast=\"auto\">Veracruz<\/span><span data-contrast=\"auto\">, por lo que<\/span> <span data-contrast=\"auto\">decidi\u00f3 viajar a Xalapa y Vera<\/span><span data-contrast=\"auto\">cruz donde estuvo por dos meses y despu\u00e9s, durante la primavera, <\/span><span data-contrast=\"auto\">visit\u00f3<\/span><span data-contrast=\"auto\"> Oaxaca, trabajando en sus temas de investigaci\u00f3n.<\/span><span data-ccp-props=\"{&quot;335559731&quot;:708}\">\u00a0<\/span><\/p>\n<p><span data-contrast=\"auto\">S<\/span><span data-contrast=\"auto\">u <\/span><span data-contrast=\"auto\">primera <\/span><span data-contrast=\"auto\">estancia en la UV fue muy buena, record\u00f3, \u201cme dieron la bienvenida, me invitaron a todo, me escucharon con mi espa\u00f1ol <\/span><i><span data-contrast=\"auto\">mocho<\/span><\/i><span data-contrast=\"auto\">, porque tengo el problema que tenemos en Estados Unidos, muchos lo podemos escribir y entender pero no hablar, porque no lo practicamos\u201d.<\/span><span data-ccp-props=\"{&quot;335559731&quot;:708}\">\u00a0<\/span><\/p>\n<p><span data-contrast=\"auto\">Fue as\u00ed que e<\/span><span data-contrast=\"auto\">l programa Fulbright le dio otra oportunidad<\/span><span data-contrast=\"auto\">, <\/span><span data-contrast=\"auto\">en esta ocasi\u00f3n <\/span><span data-contrast=\"auto\">como especialista, lo que implica buscar la vinculaci\u00f3n entre las universidades norteamericanas con sus pares de otros pa\u00edses <\/span><span data-contrast=\"auto\">a trav\u00e9s, precisamente, de los profesores.<\/span><span data-ccp-props=\"{&quot;335559731&quot;:708}\">\u00a0<\/span><\/p>\n<p><span data-contrast=\"auto\">\u201cEntregu\u00e9 mi solicitud para ser especialista Fulbright sobre el tema del asentamiento porque de 2019 a 2021 son aniversarios muy importantes al ser el lapso durante el que Hern\u00e1n Cort\u00e9s vino a Veracruz y al centro de M\u00e9xico.\u201d<\/span><span data-ccp-props=\"{&quot;335559731&quot;:708}\">\u00a0<\/span><\/p>\n<p><span data-contrast=\"auto\">Se\u00f1al\u00f3 que <\/span><span data-contrast=\"auto\">Daniel Romero<\/span><span data-contrast=\"auto\"> Le\u00f3n<\/span><span data-contrast=\"auto\">, coordinador del <\/span><span data-contrast=\"auto\">Programa de Estudios sobre Am\u00e9rica del Norte (PEAN)<\/span><span data-contrast=\"auto\"> de la UV<\/span><span data-contrast=\"auto\">,<\/span><span data-contrast=\"auto\"> le<\/span><span data-contrast=\"auto\"> inv<\/span><span data-contrast=\"auto\">it\u00f3 a colaborar, compartiendo<\/span><span data-contrast=\"auto\"> ideas <\/span><span data-contrast=\"auto\">como \u201c<\/span><span data-contrast=\"auto\">realizar talleres y una conferencia sobre los migrantes que fueron a Estados Unidos y que al d\u00eda de hoy est\u00e1n retornando a <\/span><span data-contrast=\"auto\">M\u00e9xico<\/span><span data-contrast=\"auto\">\u201d<\/span><span data-contrast=\"auto\">.<\/span><span data-ccp-props=\"{&quot;335559731&quot;:708}\">\u00a0<\/span><\/p>\n<p><span data-contrast=\"auto\">Ang\u00e9lica Dur\u00e1n recalc\u00f3 que es un amplio tema que se <\/span><span data-contrast=\"auto\">relaciona con <\/span><span data-contrast=\"auto\">\u201c<\/span><span data-contrast=\"auto\">el multiling\u00fcismo, el <\/span><span data-contrast=\"auto\">binacionalismo<\/span><span data-contrast=\"auto\">, <\/span><span data-contrast=\"auto\">la lucha pol\u00edtica <\/span><span data-contrast=\"auto\">actual en Estados Unidos y <\/span><span data-contrast=\"auto\">qu\u00e9 podemos hacer como profesores y con los alumnos<\/span><span data-contrast=\"auto\">\u201d<\/span><span data-contrast=\"auto\">.<\/span><span data-ccp-props=\"{&quot;335559731&quot;:708}\">\u00a0<\/span><\/p>\n<p><span data-contrast=\"auto\">Durante <\/span><span data-contrast=\"auto\">el presente ciclo<\/span><span data-contrast=\"auto\"> escolar se desarrollar\u00e1n las actividades con los estudiantes<\/span><span data-contrast=\"auto\"> y en tal sentido expres\u00f3 que son considerados como lo m\u00e1s importante en ambas instituciones educativas, \u201c<\/span><span data-contrast=\"auto\">a<\/span><span data-contrast=\"auto\">qu\u00ed siento lo mismo que siento en mi universidad, que los estudiantes de <\/span><span data-contrast=\"auto\">verdad son el tesoro, no s\u00f3lo los mexicanos sino los que la visitan <\/span><span data-contrast=\"auto\">como aquella vez \u2013hace dos a\u00f1os\u2013<\/span><span data-contrast=\"auto\"> que vi estudiantes de China en la UV y me sorprend\u00ed porque pens\u00e9: \u00bfQu\u00e9 hacen aqu\u00ed? Pero me enter\u00e9 que han establecido este tipo de relaciones y es muy positivo\u201d.<\/span><span data-ccp-props=\"{&quot;335559731&quot;:708}\">\u00a0<\/span><\/p>\n","protected":false},"excerpt":{"rendered":"<p>Ang\u00e9lica Dur\u00e1n cuenta con 20 a\u00f1os en la docencia; es catedr\u00e1tica de literatura comparada, literatura inglesa y estudios religiosos en Indiana, y tiene ocho libros publicados\u00a0<\/p>\n","protected":false},"author":1869,"featured_media":71530,"comment_status":"closed","ping_status":"closed","sticky":false,"template":"","format":"standard","meta":[],"categories":[61],"tags":[],"_links":{"self":[{"href":"https:\/\/www.uv.mx\/prensa\/wp-json\/wp\/v2\/posts\/71528"}],"collection":[{"href":"https:\/\/www.uv.mx\/prensa\/wp-json\/wp\/v2\/posts"}],"about":[{"href":"https:\/\/www.uv.mx\/prensa\/wp-json\/wp\/v2\/types\/post"}],"author":[{"embeddable":true,"href":"https:\/\/www.uv.mx\/prensa\/wp-json\/wp\/v2\/users\/1869"}],"replies":[{"embeddable":true,"href":"https:\/\/www.uv.mx\/prensa\/wp-json\/wp\/v2\/comments?post=71528"}],"version-history":[{"count":0,"href":"https:\/\/www.uv.mx\/prensa\/wp-json\/wp\/v2\/posts\/71528\/revisions"}],"wp:featuredmedia":[{"embeddable":true,"href":"https:\/\/www.uv.mx\/prensa\/wp-json\/wp\/v2\/media\/71530"}],"wp:attachment":[{"href":"https:\/\/www.uv.mx\/prensa\/wp-json\/wp\/v2\/media?parent=71528"}],"wp:term":[{"taxonomy":"category","embeddable":true,"href":"https:\/\/www.uv.mx\/prensa\/wp-json\/wp\/v2\/categories?post=71528"},{"taxonomy":"post_tag","embeddable":true,"href":"https:\/\/www.uv.mx\/prensa\/wp-json\/wp\/v2\/tags?post=71528"}],"curies":[{"name":"wp","href":"https:\/\/api.w.org\/{rel}","templated":true}]}}