{"id":71536,"date":"2019-08-11T08:00:31","date_gmt":"2019-08-11T13:00:31","guid":{"rendered":"https:\/\/www.uv.mx\/prensa\/?p=71536"},"modified":"2019-08-12T13:10:57","modified_gmt":"2019-08-12T18:10:57","slug":"cecc-presentara-documental-sobre-refugiados-centroamericanos","status":"publish","type":"post","link":"https:\/\/www.uv.mx\/prensa\/cultura\/cecc-presentara-documental-sobre-refugiados-centroamericanos\/","title":{"rendered":"CECC presentar\u00e1 documental sobre refugiados centroamericanos\u00a0"},"content":{"rendered":"<ul>\n<li data-leveltext=\"\uf0b7\" data-font=\"Symbol\" data-listid=\"1\" data-aria-posinset=\"1\" data-aria-level=\"1\"><i><span data-contrast=\"auto\">El viernes 23 de agosto a las 17:00 horas<\/span><\/i><i><span data-contrast=\"auto\">;<\/span><\/i><i><span data-contrast=\"auto\"> la entrada ser\u00e1 gratuita<\/span><\/i><span data-ccp-props=\"{&quot;134233279&quot;:true}\">\u00a0<\/span><\/li>\n<\/ul>\n<p><span data-ccp-props=\"{}\">\u00a0<\/span><b><i><\/i><\/b><\/p>\n<div id=\"attachment_71447\" style=\"width: 732px\" class=\"wp-caption aligncenter\"><a href=\"https:\/\/www.uv.mx\/prensa\/files\/2019\/08\/080819-PAOLA-Documental-CECC-1.jpg\"><img aria-describedby=\"caption-attachment-71447\" decoding=\"async\" loading=\"lazy\" class=\"size-full wp-image-71447\" src=\"https:\/\/www.uv.mx\/prensa\/files\/2019\/08\/080819-PAOLA-Documental-CECC-1.jpg\" alt=\"\" width=\"722\" height=\"481\" srcset=\"https:\/\/www.uv.mx\/prensa\/files\/2019\/08\/080819-PAOLA-Documental-CECC-1.jpg 722w, https:\/\/www.uv.mx\/prensa\/files\/2019\/08\/080819-PAOLA-Documental-CECC-1-300x200.jpg 300w\" sizes=\"(max-width: 722px) 100vw, 722px\" \/><\/a><p id=\"caption-attachment-71447\" class=\"wp-caption-text\">El Centro <span data-contrast=\"auto\">de Estudios de la Cultura y la Comunicaci\u00f3n<\/span> presentar\u00e1 el documental <em>Eternos indocumentados<\/em><\/p><\/div>\n<p><span data-ccp-props=\"{}\">\u00a0<\/span><\/p>\n<p><b><i><span data-contrast=\"auto\">Paola Cort\u00e9s P\u00e9rez<\/span><\/i><\/b><span data-ccp-props=\"{}\">\u00a0<\/span><\/p>\n<p><b><i><span data-contrast=\"auto\">11<\/span><\/i><\/b><b><i><span data-contrast=\"auto\">\/08\/19, Xalapa, <\/span><\/i><\/b><b><i><span data-contrast=\"auto\">Ver.-<\/span><\/i><\/b><span data-contrast=\"auto\"> El <a href=\"https:\/\/www.uv.mx\/cecc\/\">Centro de Estudios de la Cultura y la Comunicaci\u00f3n<\/a> (CECC) de la Universidad Veracruzana (UV) invita a la comunidad universitaria al estreno en M\u00e9xico del documental <\/span><i><span data-contrast=\"auto\">Eternos indocumentados<\/span><\/i><span data-contrast=\"auto\">: <\/span><i><span data-contrast=\"auto\">refugiados centroamericanos en Estados Unidos<\/span><\/i><span data-contrast=\"auto\">, el viernes 23 de agosto a las 17:00 horas.<\/span><span data-ccp-props=\"{}\">\u00a0<\/span><\/p>\n<p><span data-contrast=\"auto\">El material cinemato<\/span><span data-contrast=\"auto\">g<\/span><span data-contrast=\"auto\">r\u00e1fico fue dirigido y producido por Jennifer A. C\u00e1rcamo, de la Universidad de California, Los \u00c1ngeles, Estados Unidos, a partir de entrevistas a centroamericanos reci\u00e9n llegados y a organizadores en la lucha social en dicha regi\u00f3n.<\/span><span data-ccp-props=\"{&quot;335559731&quot;:708}\">\u00a0<\/span><\/p>\n<p><span data-contrast=\"auto\">En la invitaci\u00f3n se expresa: \u201c<\/span><span data-contrast=\"auto\">E<\/span><span data-contrast=\"auto\">sta pel\u00edcula <\/span><span data-contrast=\"auto\">captura las historias de los refugiados centroamericanos y explora las causas de la migraci\u00f3n forzada. En las palabras del fallecido poeta salvadore\u00f1o Roque Dalton, como dice en su <\/span><span data-contrast=\"auto\">\u2018<\/span><span data-contrast=\"auto\">Poema de <\/span><span data-contrast=\"auto\">a<\/span><span data-contrast=\"auto\">mor<\/span><span data-contrast=\"auto\">\u2019<\/span><span data-contrast=\"auto\">, este documental es sobre los eternos indocumentados\u201d.<\/span><span data-ccp-props=\"{&quot;335559731&quot;:708}\">\u00a0<\/span><\/p>\n<p><span data-contrast=\"auto\">Los comentarios de presentaci\u00f3n estar\u00e1n a cargo de la <\/span><span data-contrast=\"auto\">propia<\/span><span data-contrast=\"auto\"> Jennifer A. C\u00e1rcamo; Bruno Baronnet, investigador del Instituto de Investigaciones en Educaci\u00f3n (IIE); Elissa <\/span><span data-contrast=\"auto\">Rashkin, investigadora del CECC;<\/span><span data-contrast=\"auto\"> moderados por Jes\u00fas Alberto Flores, del Instituto Nacional de Antropolog\u00eda e Historia (INAH).<\/span><span data-ccp-props=\"{&quot;335559731&quot;:708}\">\u00a0<\/span><\/p>\n<p><span data-contrast=\"auto\">El evento es organizado por el <\/span><span data-contrast=\"auto\">c<\/span><span data-contrast=\"auto\">uerpo <\/span><span data-contrast=\"auto\">a<\/span><span data-contrast=\"auto\">cad\u00e9mico <\/span><span data-contrast=\"auto\">(CA) <\/span><span data-contrast=\"auto\">Cultura y Comunicaci\u00f3n en Am\u00e9rica Latina<\/span><span data-contrast=\"auto\">.<\/span> <span data-contrast=\"auto\">L<\/span><span data-contrast=\"auto\">a entrada ser\u00e1 libre.<\/span><span data-ccp-props=\"{&quot;335559731&quot;:708}\">\u00a0<\/span><\/p>\n","protected":false},"excerpt":{"rendered":"<p><em>Eternos indocumentados<\/em> fue dirigido y producido por Jennifer A. C\u00e1rcamo, de la Universidad de California, Los \u00c1ngeles\u00a0<\/p>\n","protected":false},"author":1869,"featured_media":71447,"comment_status":"closed","ping_status":"closed","sticky":false,"template":"","format":"standard","meta":[],"categories":[11],"tags":[],"_links":{"self":[{"href":"https:\/\/www.uv.mx\/prensa\/wp-json\/wp\/v2\/posts\/71536"}],"collection":[{"href":"https:\/\/www.uv.mx\/prensa\/wp-json\/wp\/v2\/posts"}],"about":[{"href":"https:\/\/www.uv.mx\/prensa\/wp-json\/wp\/v2\/types\/post"}],"author":[{"embeddable":true,"href":"https:\/\/www.uv.mx\/prensa\/wp-json\/wp\/v2\/users\/1869"}],"replies":[{"embeddable":true,"href":"https:\/\/www.uv.mx\/prensa\/wp-json\/wp\/v2\/comments?post=71536"}],"version-history":[{"count":0,"href":"https:\/\/www.uv.mx\/prensa\/wp-json\/wp\/v2\/posts\/71536\/revisions"}],"wp:featuredmedia":[{"embeddable":true,"href":"https:\/\/www.uv.mx\/prensa\/wp-json\/wp\/v2\/media\/71447"}],"wp:attachment":[{"href":"https:\/\/www.uv.mx\/prensa\/wp-json\/wp\/v2\/media?parent=71536"}],"wp:term":[{"taxonomy":"category","embeddable":true,"href":"https:\/\/www.uv.mx\/prensa\/wp-json\/wp\/v2\/categories?post=71536"},{"taxonomy":"post_tag","embeddable":true,"href":"https:\/\/www.uv.mx\/prensa\/wp-json\/wp\/v2\/tags?post=71536"}],"curies":[{"name":"wp","href":"https:\/\/api.w.org\/{rel}","templated":true}]}}