{"id":71560,"date":"2019-08-12T08:00:08","date_gmt":"2019-08-12T13:00:08","guid":{"rendered":"https:\/\/www.uv.mx\/prensa\/?p=71560"},"modified":"2019-08-12T13:01:11","modified_gmt":"2019-08-12T18:01:11","slug":"estudiante-colombiana-hara-estancia-en-la-uv","status":"publish","type":"post","link":"https:\/\/www.uv.mx\/prensa\/regiones\/orizaba\/estudiante-colombiana-hara-estancia-en-la-uv\/","title":{"rendered":"Estudiante colombiana har\u00e1 estancia en la UV"},"content":{"rendered":"<ul>\n<li><em><span class=\"TextRun SCXW253164271 BCX2\" lang=\"ES-MX\" xml:lang=\"ES-MX\" data-contrast=\"auto\"><span class=\"NormalTextRun SCXW253164271 BCX2\">Yuly Fonseca <\/span><\/span><span class=\"TextRun SCXW253164271 BCX2\" lang=\"ES-MX\" xml:lang=\"ES-MX\" data-contrast=\"auto\"><span class=\"NormalTextRun SCXW253164271 BCX2\">proviene de<\/span><\/span><span class=\"TextRun SCXW253164271 BCX2\" lang=\"ES-MX\" xml:lang=\"ES-MX\" data-contrast=\"auto\"><span class=\"NormalTextRun SCXW253164271 BCX2\"> la Universidad \u201cAntonio Nari\u00f1o\u201d<\/span><\/span><span class=\"TextRun SCXW253164271 BCX2\" lang=\"ES-MX\" xml:lang=\"ES-MX\" data-contrast=\"auto\"><span class=\"NormalTextRun SCXW253164271 BCX2\">, de donde sali\u00f3 para cumplir un sue\u00f1o<\/span><\/span><\/em><\/li>\n<\/ul>\n<p>&nbsp;<\/p>\n<div id=\"attachment_71562\" style=\"width: 732px\" class=\"wp-caption aligncenter\"><a href=\"https:\/\/www.uv.mx\/prensa\/files\/2019\/08\/120819-movilidad-Colombia.jpg\"><img aria-describedby=\"caption-attachment-71562\" decoding=\"async\" loading=\"lazy\" class=\"size-full wp-image-71562\" src=\"https:\/\/www.uv.mx\/prensa\/files\/2019\/08\/120819-movilidad-Colombia.jpg\" alt=\"\" width=\"722\" height=\"481\" srcset=\"https:\/\/www.uv.mx\/prensa\/files\/2019\/08\/120819-movilidad-Colombia.jpg 722w, https:\/\/www.uv.mx\/prensa\/files\/2019\/08\/120819-movilidad-Colombia-300x200.jpg 300w\" sizes=\"(max-width: 722px) 100vw, 722px\" \/><\/a><p id=\"caption-attachment-71562\" class=\"wp-caption-text\">Yuli Janeth Fonseca Pacheco cursar\u00e1 un semestre en la Facultad de Contadur\u00eda y Administraci\u00f3n, <em>campus<\/em> Ixtaczoquitl\u00e1n<\/p><\/div>\n<p>&nbsp;<\/p>\n<p><b><i><span data-contrast=\"auto\">12\/08\/19, Orizaba, Ver.- <\/span><\/i><\/b><span data-contrast=\"auto\">Yuly<\/span><span data-contrast=\"auto\"> Yaneth Fonseca Pacheco<\/span><span data-contrast=\"auto\">, estudiante <\/span><span data-contrast=\"auto\">de Contadur\u00eda P\u00fa<\/span><span data-contrast=\"auto\">blica en la Universidad <\/span><span data-contrast=\"auto\">\u201c<\/span><span data-contrast=\"auto\">Antonio Nari\u00f1o<\/span><span data-contrast=\"auto\">\u201d,<\/span> <span data-contrast=\"auto\">en<\/span><span data-contrast=\"auto\"> Tunja, <\/span><span data-contrast=\"auto\">Colombia, <\/span><span data-contrast=\"auto\">cursar\u00e1 <\/span><span data-contrast=\"auto\">el <\/span><span data-contrast=\"auto\">s\u00e9ptimo semestre (verano-oto\u00f1o 2019) en la <a href=\"https:\/\/www.uv.mx\/orizaba\/contaduria\/\">Facultad de Co<\/a><\/span><span data-contrast=\"auto\">ntadur\u00eda <\/span><span data-contrast=\"auto\">y Administraci\u00f3n de la <\/span><span data-contrast=\"auto\">Universidad Veracruzana (UV), <\/span><i><span data-contrast=\"auto\">campus<\/span><\/i> <span data-contrast=\"auto\">Ixtaczoquitl\u00e1n<\/span><span data-contrast=\"auto\">, como parte del <\/span><span data-contrast=\"auto\">Programa de Movilidad de<\/span><span data-contrast=\"auto\"> esta casa de estudios (<\/span><i><span data-contrast=\"auto\">Promuv<\/span><\/i><span data-contrast=\"auto\">).<\/span><span data-ccp-props=\"{&quot;201341983&quot;:0,&quot;335559739&quot;:160,&quot;335559740&quot;:240}\">\u00a0<\/span><\/p>\n<p><span data-contrast=\"auto\">La joven de 20 a\u00f1os<\/span><span data-contrast=\"auto\"> particip\u00f3 en <\/span><span data-contrast=\"auto\">videoconferencia llevada a cabo el mi\u00e9rcoles 7 de agosto desde la regi\u00f3n Xalapa, cuando la <\/span><span data-contrast=\"auto\">rectora Sara Ladr\u00f3n de Guevara <\/span><span data-contrast=\"auto\">dio la<\/span><span data-contrast=\"auto\"> bienvenida oficial a los estudiantes nacionales e internacionales que cursar\u00e1n un semestre en las distintas facultades de las cinco regiones que la UV tiene en el <\/span><span data-contrast=\"auto\">e<\/span><span data-contrast=\"auto\">stado.<\/span><span data-ccp-props=\"{&quot;201341983&quot;:0,&quot;335559731&quot;:708,&quot;335559739&quot;:160,&quot;335559740&quot;:240}\">\u00a0<\/span><\/p>\n<p><span data-contrast=\"auto\">Yuly Fonseca coment\u00f3 que la Universidad \u201cAntonio Nari\u00f1o\u201d tiene m\u00e1s de 30 sedes en Colombia<\/span><span data-contrast=\"auto\"> y que<\/span><span data-contrast=\"auto\"> la de Bogot\u00e1 <\/span><span data-contrast=\"auto\">es <\/span><span data-contrast=\"auto\">la principal; agreg\u00f3 que siempre hab\u00eda querido estudiar en M\u00e9xico sin tener claro en qu\u00e9 ciudad o estado, adem\u00e1s de que le gustan las telenovelas mexicanas.<\/span><span data-ccp-props=\"{&quot;201341983&quot;:0,&quot;335559731&quot;:708,&quot;335559739&quot;:160,&quot;335559740&quot;:240}\">\u00a0<\/span><\/p>\n<p><span data-contrast=\"auto\">Proviene de una familia de escasos recurso<\/span><span data-contrast=\"auto\">s<\/span><span data-contrast=\"auto\">, por lo que sus padres le recordaron que no podr\u00edan costear sus estudios en M\u00e9xico, pero una de sus hermanas le inform\u00f3 que exist\u00edan becas para cursar un semestre de intercambio y eso le gust\u00f3 y lo marc\u00f3 como objetivo.<\/span><span data-ccp-props=\"{&quot;201341983&quot;:0,&quot;335559731&quot;:708,&quot;335559739&quot;:160,&quot;335559740&quot;:240}\">\u00a0<\/span><\/p>\n<p><span data-contrast=\"auto\">Antes de ingresar a la universidad, estudi\u00f3 durante dos a\u00f1os en el Servicio Nacional de Aprendizaje y se desempe\u00f1\u00f3 como auxiliar contable en una cl\u00ednica hospital recibiendo salario m\u00ednimo.<\/span><span data-ccp-props=\"{&quot;201341983&quot;:0,&quot;335559731&quot;:708,&quot;335559739&quot;:160,&quot;335559740&quot;:240}\">\u00a0<\/span><\/p>\n<p><span data-contrast=\"auto\">Siguiendo su plan, entr\u00f3 a la universidad y lo primero que hizo fue averiguar si exist\u00edan convenios con M\u00e9xico; cuando lleg\u00f3 el momento ten\u00eda un promedio de 4.3 (de una escala m\u00e1xima de 5) y concurs\u00f3 por una de las 10 becas que se otorgaron entre un grupo de 30 <\/span><span data-contrast=\"auto\">aspiran<\/span><span data-contrast=\"auto\">tes.<\/span><span data-ccp-props=\"{&quot;201341983&quot;:0,&quot;335559731&quot;:708,&quot;335559739&quot;:160,&quot;335559740&quot;:240}\">\u00a0<\/span><\/p>\n<p><span data-contrast=\"auto\">Al investigar las universidades destino llam\u00f3 <\/span><span data-contrast=\"auto\">su<\/span><span data-contrast=\"auto\"> atenci\u00f3n la <\/span><span data-contrast=\"auto\">V<\/span><span data-contrast=\"auto\">eracruzana<\/span><span data-contrast=\"auto\">,<\/span><span data-contrast=\"auto\"> a trav\u00e9s de fotos y videos le gust\u00f3 la <\/span><span data-contrast=\"auto\">Unidad de Servicios Bibliotecarios y de Informaci\u00f3n (<\/span><span data-contrast=\"auto\">USBI<\/span><span data-contrast=\"auto\">)<\/span><span data-contrast=\"auto\">, y ahora que est\u00e1 aqu\u00ed y la conoce est\u00e1 encantada de ello.<\/span><span data-ccp-props=\"{&quot;201341983&quot;:0,&quot;335559731&quot;:708,&quot;335559739&quot;:160,&quot;335559740&quot;:240}\">\u00a0<\/span><\/p>\n<p><span data-contrast=\"auto\">\u201cA mis compa\u00f1eros universitarios que tengan inter\u00e9s en intercambio universitario les puedo asegurar que es muy bonito, que siempre se va a poder si luchan por ello, siempre hay <\/span><span data-contrast=\"auto\">dificultades<\/span><span data-contrast=\"auto\"> pero se puede lograr el objetivo con un buen plan y un estricto esfuerzo.\u201d<\/span><span data-ccp-props=\"{&quot;201341983&quot;:0,&quot;335559731&quot;:708,&quot;335559739&quot;:160,&quot;335559740&quot;:240}\">\u00a0<\/span><\/p>\n","protected":false},"excerpt":{"rendered":"<p>Yuly Yaneth Fonseca Pacheco, de la Universidad \u201cAntonio Nari\u00f1o\u201d, cursar\u00e1 el s\u00e9ptimo semestre en la Facultad de Contadur\u00eda y Administraci\u00f3n del <em>campus<\/em> Ixtaczoquitl\u00e1n<\/p>\n","protected":false},"author":1508,"featured_media":71561,"comment_status":"closed","ping_status":"closed","sticky":false,"template":"","format":"standard","meta":[],"categories":[53,61],"tags":[],"_links":{"self":[{"href":"https:\/\/www.uv.mx\/prensa\/wp-json\/wp\/v2\/posts\/71560"}],"collection":[{"href":"https:\/\/www.uv.mx\/prensa\/wp-json\/wp\/v2\/posts"}],"about":[{"href":"https:\/\/www.uv.mx\/prensa\/wp-json\/wp\/v2\/types\/post"}],"author":[{"embeddable":true,"href":"https:\/\/www.uv.mx\/prensa\/wp-json\/wp\/v2\/users\/1508"}],"replies":[{"embeddable":true,"href":"https:\/\/www.uv.mx\/prensa\/wp-json\/wp\/v2\/comments?post=71560"}],"version-history":[{"count":0,"href":"https:\/\/www.uv.mx\/prensa\/wp-json\/wp\/v2\/posts\/71560\/revisions"}],"wp:featuredmedia":[{"embeddable":true,"href":"https:\/\/www.uv.mx\/prensa\/wp-json\/wp\/v2\/media\/71561"}],"wp:attachment":[{"href":"https:\/\/www.uv.mx\/prensa\/wp-json\/wp\/v2\/media?parent=71560"}],"wp:term":[{"taxonomy":"category","embeddable":true,"href":"https:\/\/www.uv.mx\/prensa\/wp-json\/wp\/v2\/categories?post=71560"},{"taxonomy":"post_tag","embeddable":true,"href":"https:\/\/www.uv.mx\/prensa\/wp-json\/wp\/v2\/tags?post=71560"}],"curies":[{"name":"wp","href":"https:\/\/api.w.org\/{rel}","templated":true}]}}