{"id":71575,"date":"2019-08-12T13:08:04","date_gmt":"2019-08-12T18:08:04","guid":{"rendered":"https:\/\/www.uv.mx\/prensa\/?p=71575"},"modified":"2019-08-12T14:27:24","modified_gmt":"2019-08-12T19:27:24","slug":"dgdc-busca-ser-modelo-de-gestion-cultural-a-nivel-nacional","status":"publish","type":"post","link":"https:\/\/www.uv.mx\/prensa\/cultura\/dgdc-busca-ser-modelo-de-gestion-cultural-a-nivel-nacional\/","title":{"rendered":"DGDC busca ser modelo de gesti\u00f3n\u00a0cultural a nivel nacional\u00a0"},"content":{"rendered":"<ul>\n<li data-leveltext=\"\uf0b7\" data-font=\"Symbol\" data-listid=\"1\" data-aria-posinset=\"1\" data-aria-level=\"1\"><i><span data-contrast=\"auto\">Objetivo del Plan de Trabajo que fue presentado por Rafael Alcal\u00e1 y Rey Alejandro Conde, en conferencia de prensa<\/span><\/i><span data-ccp-props=\"{&quot;134233279&quot;:true,&quot;201341983&quot;:0,&quot;335559739&quot;:160,&quot;335559740&quot;:240}\">\u00a0<\/span><\/li>\n<li data-leveltext=\"\uf0b7\" data-font=\"Symbol\" data-listid=\"1\" data-aria-posinset=\"2\" data-aria-level=\"1\"><i><span data-contrast=\"auto\">Puede consultarse en <\/span><\/i><i><span data-contrast=\"auto\">el portal oficial de la <\/span><\/i><a href=\"https:\/\/www.uv.mx\/difusioncultural\/\"><i><span data-contrast=\"none\">DGDC<\/span><\/i><\/a><span data-ccp-props=\"{&quot;134233279&quot;:true,&quot;201341983&quot;:0,&quot;335559739&quot;:160,&quot;335559740&quot;:240}\">\u00a0<\/span><\/li>\n<\/ul>\n<p><span data-ccp-props=\"{&quot;201341983&quot;:0,&quot;335559739&quot;:160,&quot;335559740&quot;:240}\">\u00a0<\/span><\/p>\n<div id=\"attachment_71579\" style=\"width: 732px\" class=\"wp-caption aligncenter\"><a href=\"https:\/\/www.uv.mx\/prensa\/files\/2019\/08\/090819-PAOLA-Difusion-Cultural-1.jpg\"><img aria-describedby=\"caption-attachment-71579\" decoding=\"async\" loading=\"lazy\" class=\"size-full wp-image-71579\" src=\"https:\/\/www.uv.mx\/prensa\/files\/2019\/08\/090819-PAOLA-Difusion-Cultural-1.jpg\" alt=\"\" width=\"722\" height=\"481\" srcset=\"https:\/\/www.uv.mx\/prensa\/files\/2019\/08\/090819-PAOLA-Difusion-Cultural-1.jpg 722w, https:\/\/www.uv.mx\/prensa\/files\/2019\/08\/090819-PAOLA-Difusion-Cultural-1-300x200.jpg 300w\" sizes=\"(max-width: 722px) 100vw, 722px\" \/><\/a><p id=\"caption-attachment-71579\" class=\"wp-caption-text\">En conferencia de prensa, la DGDC present\u00f3 su Plan de Trabajo para los pr\u00f3ximos dos a\u00f1os<\/p><\/div>\n<p><span data-ccp-props=\"{&quot;201341983&quot;:0,&quot;335559739&quot;:160,&quot;335559740&quot;:240}\">\u00a0<\/span><\/p>\n<p><span data-ccp-props=\"{&quot;201341983&quot;:0,&quot;335559739&quot;:160,&quot;335559740&quot;:240}\">\u00a0<\/span><\/p>\n<p><b><i><span data-contrast=\"auto\">Paola Cort\u00e9s P\u00e9rez<\/span><\/i><\/b><span data-ccp-props=\"{&quot;201341983&quot;:0,&quot;335559739&quot;:160,&quot;335559740&quot;:240}\">\u00a0<\/span><\/p>\n<p><b><i><span data-contrast=\"auto\">12\/08\/2019, Xalapa, Ver.-<\/span><\/i><\/b><span data-contrast=\"auto\"> La Direcci\u00f3n General de Difusi\u00f3n Cultural (DGDC) de la Universidad Veracruzana (UV) present\u00f3 su Plan de Trabajo para los pr\u00f3ximos dos a\u00f1os, que buscar\u00e1 posic<\/span><span data-contrast=\"auto\">ionar<\/span><span data-contrast=\"auto\"> a esta dependencia universitaria como uno de los principales modelos de gesti\u00f3n de desarrollo cultural en el pa\u00eds.<\/span><span data-ccp-props=\"{&quot;201341983&quot;:0,&quot;335559739&quot;:160,&quot;335559740&quot;:240}\">\u00a0<\/span><\/p>\n<p><span data-contrast=\"auto\">Rafael Alcal\u00e1 Hinojosa, titular de la DGDC, y Rey Alejandro Conde Valdivia, director de Grupos Musicales, presentaron en <\/span><span data-contrast=\"auto\">rueda<\/span><span data-contrast=\"auto\"> de prensa el Plan de Trabajo conformado por cuatro ejes rectores, la tarde del jueves 8 de agosto en la Galer\u00eda Universitaria \u201cRam\u00f3n Alva de la Canal\u201d.<\/span><span data-ccp-props=\"{&quot;201341983&quot;:0,&quot;335559731&quot;:708,&quot;335559739&quot;:160,&quot;335559740&quot;:240}\">\u00a0<\/span><\/p>\n<p><span data-contrast=\"auto\">Rafael Alcal\u00e1 coment\u00f3 que dicho plan es resultado de la colaboraci\u00f3n del personal acad\u00e9mico, ejecutantes y administrativos de la dependencia universitaria; y parte del Programa de Trabajo Estrat\u00e9gico 2017-2021 \u201cPertenencia y Pertinencia\u201d de la rectora Sara Ladr\u00f3n de Guevara.<\/span><span data-ccp-props=\"{&quot;201341983&quot;:0,&quot;335559731&quot;:708,&quot;335559739&quot;:160,&quot;335559740&quot;:240}\">\u00a0<\/span><\/p>\n<p><span data-contrast=\"auto\">Coment\u00f3 que <\/span><span data-contrast=\"auto\">el objetivo es<\/span><span data-contrast=\"auto\"> posicionar a la DGDC como uno de los <\/span><span data-contrast=\"auto\">principales modelos de gesti\u00f3n de desarrollo cultural a nivel nacional, responsable de difundir las artes y la creaci\u00f3n art\u00edstica.<\/span><span data-ccp-props=\"{&quot;201341983&quot;:0,&quot;335559731&quot;:708,&quot;335559739&quot;:160,&quot;335559740&quot;:240}\">\u00a0<\/span><\/p>\n<p><span data-contrast=\"auto\">Detall\u00f3 que el Plan de Trabajo de Difusi\u00f3n Cultural <\/span><span data-contrast=\"auto\">contiene 22 programas y 57<\/span> <span data-contrast=\"auto\">metas institucionales<\/span><span data-contrast=\"auto\"> a realizarse en los pr\u00f3ximos dos a\u00f1os<\/span><span data-contrast=\"auto\">, as\u00ed como cuatro ejes rectores: <\/span><span data-contrast=\"auto\">Fortalecimiento de la oferta cultural<\/span><span data-contrast=\"auto\">, a trav\u00e9s de los grupos art\u00edsticos<\/span><span data-contrast=\"auto\">; Oferta acad\u00e9mica, que responda a las necesidades de los futuros artistas; F<\/span><span data-contrast=\"auto\">ortalecimiento de la vinculaci\u00f3n y responsabilidad universitaria<\/span><span data-contrast=\"auto\">, e I<\/span><span data-contrast=\"auto\">mplementaci\u00f3n de gesti\u00f3n acad\u00e9mico-administrativa de calidad<\/span><span data-contrast=\"auto\">, para hacer un buen uso de los recursos humanos, financieros y de infraestructura.<\/span><span data-ccp-props=\"{&quot;201341983&quot;:0,&quot;335559731&quot;:708,&quot;335559739&quot;:160,&quot;335559740&quot;:240}\">\u00a0<\/span><\/p>\n<p><span data-contrast=\"auto\">Entre los puntos sobresalientes, indic\u00f3<\/span><span data-contrast=\"auto\"> que contempla la preservaci\u00f3n del patrimonio cultural y su difusi\u00f3n a trav\u00e9s de las nuevas tecno<\/span><span data-contrast=\"auto\">log\u00edas y plataformas digitales; se buscar\u00e1 la participaci\u00f3n activa de la poblaci\u00f3n en la vida cultural y art\u00edstica mediante una cartelera conformada por m\u00e1s de 800 presentaciones art\u00edsticas <\/span><span data-contrast=\"auto\">anuales \u2013en su mayor\u00eda gratuitas\u2013, lo que representa un incremento aproximado de entre dos y 15 por ciento.<\/span><span data-ccp-props=\"{&quot;201341983&quot;:0,&quot;335559731&quot;:708,&quot;335559739&quot;:160,&quot;335559740&quot;:240}\">\u00a0<\/span><\/p>\n<p><span data-contrast=\"auto\">Asimismo, en septiembre iniciar\u00e1n los primeros diplomados con valor curricular; profesionalizaci\u00f3n de los futuros artistas; ampliaci\u00f3n en la oferta acad\u00e9mica de los Talleres Libres de M\u00fasica, y en las experiencias educativas (EE) de elecci\u00f3n libre la meta es atender a dos mil 500 j\u00f3venes por a\u00f1o escolar, as\u00ed como promover la movilidad docente y estudiantil nacional e internacional, que fomente la calidad educativa en materia del arte y la cultura.<\/span><span data-ccp-props=\"{&quot;201341983&quot;:0,&quot;335559731&quot;:708,&quot;335559739&quot;:160,&quot;335559740&quot;:240}\">\u00a0<\/span><\/p>\n<p><span data-contrast=\"auto\">En materia educativa, Alcal\u00e1 Hinojosa dijo que se crear\u00e1 una plataforma de intercambio que conecte el trabajo de los estudiantes universitarios y egres<\/span><span data-contrast=\"auto\">ados con la industria cultural.<\/span><span data-ccp-props=\"{&quot;201341983&quot;:0,&quot;335559731&quot;:708,&quot;335559739&quot;:160,&quot;335559740&quot;:240}\">\u00a0<\/span><\/p>\n<p><span data-contrast=\"auto\">Dijo que se <\/span><span data-contrast=\"auto\">rescatar\u00e1<\/span><span data-contrast=\"auto\"> el acervo hist\u00f3rico de los grupos art\u00edsticos de la Universidad, a trav\u00e9s de las nuevas tecnolog\u00edas y plataformas digitales, para que el p\u00fablico pueda consultarlos y conocerlos, no s\u00f3lo de los productos discogr\u00e1ficos <\/span><span data-contrast=\"auto\">sino <\/span><span data-contrast=\"auto\">tambi\u00e9n de los trabajos de artes gr\u00e1ficas.<\/span><span data-ccp-props=\"{&quot;201341983&quot;:0,&quot;335559731&quot;:708,&quot;335559739&quot;:160,&quot;335559740&quot;:240}\">\u00a0<\/span><\/p>\n<p><span data-contrast=\"auto\">Coment\u00f3 que se impulsar\u00e1n nuevos recintos culturales que sirvan como plataforma para la presentaci\u00f3n de proyectos art\u00edsticos y comunidad universitaria.<\/span><span data-ccp-props=\"{&quot;201341983&quot;:0,&quot;335559731&quot;:708,&quot;335559739&quot;:160,&quot;335559740&quot;:240}\">\u00a0<\/span><\/p>\n<p><span data-contrast=\"auto\">Cabe destacar <\/span><span data-contrast=\"auto\">que el Plan de Trabajo ya est\u00e1 disponible para consulta p\u00fablica en el portal oficial de la <\/span><a href=\"https:\/\/www.uv.mx\/difusioncultural\/\"><span data-contrast=\"none\">DGDC<\/span><\/a><span data-contrast=\"auto\">.<\/span><span data-ccp-props=\"{&quot;201341983&quot;:0,&quot;335559731&quot;:708,&quot;335559739&quot;:160,&quot;335559740&quot;:240}\">\u00a0<\/span><\/p>\n<p><span data-ccp-props=\"{&quot;201341983&quot;:0,&quot;335559739&quot;:160,&quot;335559740&quot;:240}\">\u00a0<\/span><\/p>\n<div id=\"attachment_71581\" style=\"width: 732px\" class=\"wp-caption aligncenter\"><a href=\"https:\/\/www.uv.mx\/prensa\/files\/2019\/08\/090819-PAOLA-Difusion-Cultural-2.jpg\"><img aria-describedby=\"caption-attachment-71581\" decoding=\"async\" loading=\"lazy\" class=\"size-full wp-image-71581\" src=\"https:\/\/www.uv.mx\/prensa\/files\/2019\/08\/090819-PAOLA-Difusion-Cultural-2.jpg\" alt=\"\" width=\"722\" height=\"481\" srcset=\"https:\/\/www.uv.mx\/prensa\/files\/2019\/08\/090819-PAOLA-Difusion-Cultural-2.jpg 722w, https:\/\/www.uv.mx\/prensa\/files\/2019\/08\/090819-PAOLA-Difusion-Cultural-2-300x200.jpg 300w\" sizes=\"(max-width: 722px) 100vw, 722px\" \/><\/a><p id=\"caption-attachment-71581\" class=\"wp-caption-text\">Rafael Alcal\u00e1 dijo que el plan es resultado del trabajo colaborativo<\/p><\/div>\n","protected":false},"excerpt":{"rendered":"<p>El Plan de Trabajo de Difusi\u00f3n Cultural contiene 22 programas y 57 metas institucionales a realizarse en los pr\u00f3ximos dos a\u00f1os, as\u00ed como cuatro ejes rectores<\/p>\n","protected":false},"author":1869,"featured_media":71579,"comment_status":"closed","ping_status":"closed","sticky":false,"template":"","format":"standard","meta":[],"categories":[11],"tags":[],"_links":{"self":[{"href":"https:\/\/www.uv.mx\/prensa\/wp-json\/wp\/v2\/posts\/71575"}],"collection":[{"href":"https:\/\/www.uv.mx\/prensa\/wp-json\/wp\/v2\/posts"}],"about":[{"href":"https:\/\/www.uv.mx\/prensa\/wp-json\/wp\/v2\/types\/post"}],"author":[{"embeddable":true,"href":"https:\/\/www.uv.mx\/prensa\/wp-json\/wp\/v2\/users\/1869"}],"replies":[{"embeddable":true,"href":"https:\/\/www.uv.mx\/prensa\/wp-json\/wp\/v2\/comments?post=71575"}],"version-history":[{"count":0,"href":"https:\/\/www.uv.mx\/prensa\/wp-json\/wp\/v2\/posts\/71575\/revisions"}],"wp:featuredmedia":[{"embeddable":true,"href":"https:\/\/www.uv.mx\/prensa\/wp-json\/wp\/v2\/media\/71579"}],"wp:attachment":[{"href":"https:\/\/www.uv.mx\/prensa\/wp-json\/wp\/v2\/media?parent=71575"}],"wp:term":[{"taxonomy":"category","embeddable":true,"href":"https:\/\/www.uv.mx\/prensa\/wp-json\/wp\/v2\/categories?post=71575"},{"taxonomy":"post_tag","embeddable":true,"href":"https:\/\/www.uv.mx\/prensa\/wp-json\/wp\/v2\/tags?post=71575"}],"curies":[{"name":"wp","href":"https:\/\/api.w.org\/{rel}","templated":true}]}}