{"id":71577,"date":"2019-08-12T13:17:28","date_gmt":"2019-08-12T18:17:28","guid":{"rendered":"https:\/\/www.uv.mx\/prensa\/?p=71577"},"modified":"2019-08-12T13:17:28","modified_gmt":"2019-08-12T18:17:28","slug":"universiada-mundial-de-napoles-una-gran-experiencia-kelly-herrera","status":"publish","type":"post","link":"https:\/\/www.uv.mx\/prensa\/deportes\/universiada-mundial-de-napoles-una-gran-experiencia-kelly-herrera\/","title":{"rendered":"Universiada Mundial de N\u00e1poles,\u00a0una gran experiencia: Kelly Herrera\u00a0"},"content":{"rendered":"<ul>\n<li data-leveltext=\"\uf0b7\" data-font=\"Symbol\" data-listid=\"1\" data-aria-posinset=\"1\" data-aria-level=\"1\"><i><span data-contrast=\"auto\">La joven<\/span><\/i><i><span data-contrast=\"auto\"> form\u00f3 parte de la Selecci\u00f3n Mexicana Universitaria de Futbol<\/span><\/i><span data-ccp-props=\"{&quot;201341983&quot;:0,&quot;335559739&quot;:0,&quot;335559740&quot;:240}\">\u00a0<\/span><\/li>\n<\/ul>\n<div id=\"attachment_71588\" style=\"width: 732px\" class=\"wp-caption aligncenter\"><a href=\"https:\/\/www.uv.mx\/prensa\/files\/2019\/08\/090819-MUNDIALIST.jpg\"><img aria-describedby=\"caption-attachment-71588\" decoding=\"async\" loading=\"lazy\" class=\"size-full wp-image-71588\" src=\"https:\/\/www.uv.mx\/prensa\/files\/2019\/08\/090819-MUNDIALIST.jpg\" alt=\"\" width=\"722\" height=\"492\" srcset=\"https:\/\/www.uv.mx\/prensa\/files\/2019\/08\/090819-MUNDIALIST.jpg 722w, https:\/\/www.uv.mx\/prensa\/files\/2019\/08\/090819-MUNDIALIST-300x204.jpg 300w\" sizes=\"(max-width: 722px) 100vw, 722px\" \/><\/a><p id=\"caption-attachment-71588\" class=\"wp-caption-text\">Kelly Herrera Alarc\u00f3n, flamante seleccionada nacional<\/p><\/div>\n<p><span data-ccp-props=\"{&quot;201341983&quot;:0,&quot;335559739&quot;:0,&quot;335559740&quot;:240}\">\u00a0<\/span><\/p>\n<p><b><i><span data-contrast=\"auto\">Santiago Morales Ortiz<\/span><\/i><\/b><span data-ccp-props=\"{&quot;201341983&quot;:0,&quot;335559739&quot;:0,&quot;335559740&quot;:240}\">\u00a0<\/span><\/p>\n<p><b><i><span data-contrast=\"auto\">12\/08\/2019, Xalapa, <\/span><\/i><\/b><b><i><span data-contrast=\"auto\">Ver.-<\/span><\/i><\/b> <span data-contrast=\"auto\">Kelly Herrera Alarc\u00f3n, de la Selecci\u00f3n de Futbol Femenil de <\/span><i><span data-contrast=\"auto\">Halcones<\/span><\/i><span data-contrast=\"auto\"> de la Universidad Veracruzana (UV), c<\/span><span data-contrast=\"auto\">omparti\u00f3 <\/span><span data-contrast=\"auto\">que fue una gran experiencia competi<\/span><span data-contrast=\"auto\">r <\/span><span data-contrast=\"auto\">en la Universiada Mundial de N\u00e1poles, Italia, celebrada en julio, como integrante de la Selecci\u00f3n Mexicana Universitaria.<\/span><span data-ccp-props=\"{&quot;201341983&quot;:0,&quot;335559739&quot;:0,&quot;335559740&quot;:240}\">\u00a0<\/span><\/p>\n<p><span data-contrast=\"auto\">La deportista, <\/span><span data-contrast=\"auto\">junto con<\/span><span data-contrast=\"auto\"> Kenia Garc\u00eda\u202fCamacho y Dania Itzel Rivera <\/span><span data-contrast=\"auto\">Bigman<\/span><span data-contrast=\"auto\">, fueron convocadas <\/span><span data-contrast=\"auto\">tras<\/span><span data-contrast=\"auto\"> obten<\/span><span data-contrast=\"auto\">er<\/span><span data-contrast=\"auto\"> la medalla de oro <\/span><span data-contrast=\"auto\">con los <\/span><i><span data-contrast=\"auto\">Halcones<\/span><\/i> <span data-contrast=\"auto\">en la Universiada Nacional M\u00e9rida 2019.<\/span><span data-ccp-props=\"{&quot;201341983&quot;:0,&quot;335559739&quot;:0,&quot;335559740&quot;:240}\">\u00a0<\/span><\/p>\n<p><span data-contrast=\"auto\">Kelly Herrera<\/span><span data-contrast=\"auto\">, <\/span><span data-contrast=\"auto\">quien cursa el \u00faltimo semestre de la Maestr\u00eda en Gesti\u00f3n de Calidad, <\/span><span data-contrast=\"auto\">estuvo p<\/span><span data-contrast=\"auto\">resente en el acto de <\/span><span data-contrast=\"auto\">bienvenida <\/span><span data-contrast=\"auto\">a los estudiantes de nuevo ingreso a <\/span><span data-contrast=\"auto\">esta casa de estudios<\/span><span data-contrast=\"auto\"> y<\/span> <span data-contrast=\"auto\">destac\u00f3 que <\/span><span data-contrast=\"auto\">participar <\/span><span data-contrast=\"auto\">en un evento de alto nivel, donde <\/span><span data-contrast=\"auto\">enfrentaron<\/span><span data-contrast=\"auto\"> a los representativos de<\/span><span data-contrast=\"auto\"> Rusia, China, Brasil y Estados Unidos<\/span><span data-contrast=\"auto\">, <\/span><span data-contrast=\"auto\">fue algo especial<\/span><span data-contrast=\"auto\">.<\/span><span data-ccp-props=\"{&quot;201341983&quot;:0,&quot;335559739&quot;:0,&quot;335559740&quot;:240}\">\u00a0<\/span><\/p>\n<p><span data-contrast=\"auto\">\u201c<\/span><span data-contrast=\"auto\">Estoy<\/span><span data-contrast=\"auto\"> muy contenta de haber vivido esta experiencia<\/span><span data-contrast=\"auto\"> y obtener un gran triunfo ante Brasil, <\/span><span data-contrast=\"auto\">es<\/span><span data-contrast=\"auto\"> algo hist\u00f3rico para el futbol mexicano universitario\u201d, <\/span><span data-contrast=\"auto\">expres\u00f3 l<\/span><span data-contrast=\"auto\">a fina mediocampista.<\/span><span data-ccp-props=\"{&quot;201341983&quot;:0,&quot;335559731&quot;:708,&quot;335559739&quot;:0,&quot;335559740&quot;:240}\">\u00a0<\/span><\/p>\n<p><span data-contrast=\"auto\">Lament\u00f3 que este a\u00f1o culmina su actividad deportiva en la UV: \u201cEs motivante cerrar mi carrera <\/span><span data-contrast=\"auto\">universitaria <\/span><span data-contrast=\"auto\">con una medalla de oro<\/span><span data-contrast=\"auto\">, as\u00ed como<\/span><span data-contrast=\"auto\"> haber representado a M\u00e9xico en un mundial, luego de competi<\/span><span data-contrast=\"auto\">r<\/span><span data-contrast=\"auto\"> en cuatro <\/span><span data-contrast=\"auto\">universiadas<\/span><span data-contrast=\"auto\">\u201d.<\/span><span data-ccp-props=\"{&quot;201341983&quot;:0,&quot;335559731&quot;:708,&quot;335559739&quot;:0,&quot;335559740&quot;:240}\">\u00a0<\/span><\/p>\n<p><span data-contrast=\"auto\">Hern\u00e1ndez Alarc\u00f3n represent\u00f3 a la UV en las <\/span><span data-contrast=\"auto\">universiadas<\/span><span data-contrast=\"auto\"> 2015, 2017, 2018 y 2019<\/span><span data-contrast=\"auto\">, <\/span><span data-contrast=\"auto\">logr<\/span><span data-contrast=\"auto\">\u00f3<\/span><span data-contrast=\"auto\"> el oro en este \u00faltimo a\u00f1o<\/span><span data-contrast=\"auto\"> y<\/span><span data-contrast=\"auto\"> dos medallas de plata en los a\u00f1os anteriores.<\/span><span data-ccp-props=\"{&quot;201341983&quot;:0,&quot;335559731&quot;:708,&quot;335559739&quot;:0,&quot;335559740&quot;:240}\">\u00a0<\/span><\/p>\n<p><span data-contrast=\"auto\">\u201c<\/span><span data-contrast=\"auto\">B<\/span><span data-contrast=\"auto\">uscamos <\/span><span data-contrast=\"auto\">la medalla de oro <\/span><span data-contrast=\"auto\">con muchas ganas y la logramos, <\/span><span data-contrast=\"auto\">esto<\/span><span data-contrast=\"auto\"> demuestra que nunca hay que dejar<\/span><span data-contrast=\"auto\"> de pelear por nuestros sue\u00f1os.\u201d<\/span><span data-ccp-props=\"{&quot;201341983&quot;:0,&quot;335559731&quot;:708,&quot;335559739&quot;:0,&quot;335559740&quot;:240}\">\u00a0<\/span><\/p>\n<p><span data-contrast=\"auto\">Finalmente, invit\u00f3 a los j\u00f3venes de nuevo ingreso que gustan del deporte <\/span><span data-contrast=\"auto\">a <\/span><span data-contrast=\"auto\">que se acerquen con los entrenadores de la UV, \u201cquienes siempre est\u00e1n dispuestos a apoyar y hacer realidad nuestras metas hasta llegar muy lejos, como me ocurri\u00f3 a m\u00ed\u201d.<\/span><span data-ccp-props=\"{&quot;201341983&quot;:0,&quot;335559731&quot;:708,&quot;335559739&quot;:0,&quot;335559740&quot;:240}\">\u00a0<\/span><\/p>\n","protected":false},"excerpt":{"rendered":"<p>La mediocampista represent\u00f3 a la UV en las universiadas 2015, 2017, 2018 y 2019, logr\u00f3 el oro en este \u00faltimo a\u00f1o y dos medallas de plata en los a\u00f1os anteriores<\/p>\n","protected":false},"author":1869,"featured_media":71588,"comment_status":"closed","ping_status":"closed","sticky":false,"template":"","format":"standard","meta":[],"categories":[12],"tags":[],"_links":{"self":[{"href":"https:\/\/www.uv.mx\/prensa\/wp-json\/wp\/v2\/posts\/71577"}],"collection":[{"href":"https:\/\/www.uv.mx\/prensa\/wp-json\/wp\/v2\/posts"}],"about":[{"href":"https:\/\/www.uv.mx\/prensa\/wp-json\/wp\/v2\/types\/post"}],"author":[{"embeddable":true,"href":"https:\/\/www.uv.mx\/prensa\/wp-json\/wp\/v2\/users\/1869"}],"replies":[{"embeddable":true,"href":"https:\/\/www.uv.mx\/prensa\/wp-json\/wp\/v2\/comments?post=71577"}],"version-history":[{"count":0,"href":"https:\/\/www.uv.mx\/prensa\/wp-json\/wp\/v2\/posts\/71577\/revisions"}],"wp:featuredmedia":[{"embeddable":true,"href":"https:\/\/www.uv.mx\/prensa\/wp-json\/wp\/v2\/media\/71588"}],"wp:attachment":[{"href":"https:\/\/www.uv.mx\/prensa\/wp-json\/wp\/v2\/media?parent=71577"}],"wp:term":[{"taxonomy":"category","embeddable":true,"href":"https:\/\/www.uv.mx\/prensa\/wp-json\/wp\/v2\/categories?post=71577"},{"taxonomy":"post_tag","embeddable":true,"href":"https:\/\/www.uv.mx\/prensa\/wp-json\/wp\/v2\/tags?post=71577"}],"curies":[{"name":"wp","href":"https:\/\/api.w.org\/{rel}","templated":true}]}}