{"id":71678,"date":"2019-08-13T08:00:30","date_gmt":"2019-08-13T13:00:30","guid":{"rendered":"https:\/\/www.uv.mx\/prensa\/?p=71678"},"modified":"2019-08-12T20:30:51","modified_gmt":"2019-08-13T01:30:51","slug":"casa-uv-molino-de-san-roque-recibio-a-nuevos-brigadistas","status":"publish","type":"post","link":"https:\/\/www.uv.mx\/prensa\/general\/casa-uv-molino-de-san-roque-recibio-a-nuevos-brigadistas\/","title":{"rendered":"Casa UV Molino de San Roque recibi\u00f3 a nuevos brigadistas"},"content":{"rendered":"<ul>\n<li data-leveltext=\"\uf0b7\" data-font=\"Symbol\" data-listid=\"1\" data-aria-posinset=\"1\" data-aria-level=\"1\"><i><span data-contrast=\"auto\">Se imparti\u00f3 el <\/span><\/i><i><span data-contrast=\"auto\">c<\/span><\/i><i><span data-contrast=\"auto\">urso-<\/span><\/i><i><span data-contrast=\"auto\">t<\/span><\/i><i><span data-contrast=\"auto\">aller Inducci\u00f3n al Servicio Social a los universitarios que ingresan durante el periodo 2019-2020<\/span><\/i><span data-ccp-props=\"{&quot;134233279&quot;:true}\">\u00a0<\/span><\/li>\n<\/ul>\n<p>&nbsp;<\/p>\n<div id=\"attachment_71542\" style=\"width: 732px\" class=\"wp-caption aligncenter\"><a href=\"https:\/\/www.uv.mx\/prensa\/files\/2019\/08\/090819-PAOLA-Servicio-Social-1.jpg\"><img aria-describedby=\"caption-attachment-71542\" decoding=\"async\" loading=\"lazy\" class=\"size-full wp-image-71542\" src=\"https:\/\/www.uv.mx\/prensa\/files\/2019\/08\/090819-PAOLA-Servicio-Social-1.jpg\" alt=\"\" width=\"722\" height=\"542\" srcset=\"https:\/\/www.uv.mx\/prensa\/files\/2019\/08\/090819-PAOLA-Servicio-Social-1.jpg 722w, https:\/\/www.uv.mx\/prensa\/files\/2019\/08\/090819-PAOLA-Servicio-Social-1-300x225.jpg 300w\" sizes=\"(max-width: 722px) 100vw, 722px\" \/><\/a><p id=\"caption-attachment-71542\" class=\"wp-caption-text\">Bienvenida a los brigadistas de la Casa UV Molino de San Roque<\/p><\/div>\n<p>&nbsp;<\/p>\n<p><b><i><span data-contrast=\"auto\">13<\/span><\/i><\/b><b><i><span data-contrast=\"auto\">\/08\/2019, Xalapa, Ver.-<\/span><\/i><\/b> <span data-contrast=\"auto\">La Casa de la Universidad Veracruzana (UV) Molino de San Roque llev\u00f3 a cabo el Curso-taller Inducci\u00f3n al Servicio Social, dirigid<\/span><span data-contrast=\"auto\">o a estudiantes que ingresa<\/span><span data-contrast=\"auto\">n <\/span><span data-contrast=\"auto\">como brigadistas <\/span><span data-contrast=\"auto\">durante el periodo 2019-2020.<\/span><span data-ccp-props=\"{}\">\u00a0<\/span><\/p>\n<p><span data-contrast=\"auto\">Nardhet<\/span><span data-contrast=\"auto\"> Pale, responsable de <\/span><span data-contrast=\"auto\">la<\/span><span data-contrast=\"auto\"> Casa UV, dio la bienveni<\/span><span data-contrast=\"auto\">da a los j\u00f3venes universitarios, quienes realizaron un recorrido de prospecci\u00f3n por la zona oeste de Xalapa hasta llegar a estas instalaciones universitarias.<\/span><span data-ccp-props=\"{&quot;335559731&quot;:708}\">\u00a0<\/span><\/p>\n<p><span data-contrast=\"auto\">El curso-taller tuvo como finalidad brindar un panorama de la realidad social de la zona donde se ubica la Casa UV y del pa\u00eds en general.<\/span><span data-ccp-props=\"{&quot;335559731&quot;:708}\">\u00a0<\/span><\/p>\n<p>&nbsp;<\/p>\n<div id=\"attachment_71540\" style=\"width: 732px\" class=\"wp-caption aligncenter\"><a href=\"https:\/\/www.uv.mx\/prensa\/files\/2019\/08\/090819-PAOLA-Servicio-Social-2.jpg\"><img aria-describedby=\"caption-attachment-71540\" decoding=\"async\" loading=\"lazy\" class=\"size-full wp-image-71540\" src=\"https:\/\/www.uv.mx\/prensa\/files\/2019\/08\/090819-PAOLA-Servicio-Social-2.jpg\" alt=\"\" width=\"722\" height=\"542\" srcset=\"https:\/\/www.uv.mx\/prensa\/files\/2019\/08\/090819-PAOLA-Servicio-Social-2.jpg 722w, https:\/\/www.uv.mx\/prensa\/files\/2019\/08\/090819-PAOLA-Servicio-Social-2-300x225.jpg 300w\" sizes=\"(max-width: 722px) 100vw, 722px\" \/><\/a><p id=\"caption-attachment-71540\" class=\"wp-caption-text\">Durante cinco d\u00edas se imparti\u00f3 un curso-taller para los nuevos integrantes<\/p><\/div>\n<p>&nbsp;<\/p>\n<p><span data-contrast=\"auto\">A<\/span><span data-contrast=\"auto\">dem\u00e1s<\/span><span data-contrast=\"auto\">,<\/span><span data-contrast=\"auto\"> se proporcion\u00f3 informaci\u00f3n sobre los procedimientos, normas y actitudes que el estudiante <\/span><span data-contrast=\"auto\">debe tener presentes para una mejor convivencia, generaci\u00f3n de conocimiento, desarrollo profesional y sentido de justicia y solidaridad.<\/span><span data-ccp-props=\"{&quot;335559731&quot;:708}\">\u00a0<\/span><\/p>\n<p><span data-contrast=\"auto\">La duraci\u00f3n fue de cinco d\u00edas, en los que el equipo multidisciplinario que egres\u00f3 de su servicio social prestado en esta Casa UV present\u00f3 su trabajo final y realiz\u00f3 algunas sugerencias a los nuevos brigadistas, <\/span><span data-contrast=\"auto\">a fin de<\/span><span data-contrast=\"auto\"> dar continuidad en algunos temas importantes.<\/span><span data-ccp-props=\"{&quot;335559731&quot;:708}\">\u00a0<\/span><\/p>\n<p>&nbsp;<\/p>\n<div id=\"attachment_71541\" style=\"width: 552px\" class=\"wp-caption aligncenter\"><a href=\"https:\/\/www.uv.mx\/prensa\/files\/2019\/08\/090819-PAOLA-Servicio-Social-3.jpg\"><img aria-describedby=\"caption-attachment-71541\" decoding=\"async\" loading=\"lazy\" class=\"size-full wp-image-71541\" src=\"https:\/\/www.uv.mx\/prensa\/files\/2019\/08\/090819-PAOLA-Servicio-Social-3.jpg\" alt=\"\" width=\"542\" height=\"723\" srcset=\"https:\/\/www.uv.mx\/prensa\/files\/2019\/08\/090819-PAOLA-Servicio-Social-3.jpg 542w, https:\/\/www.uv.mx\/prensa\/files\/2019\/08\/090819-PAOLA-Servicio-Social-3-225x300.jpg 225w\" sizes=\"(max-width: 542px) 100vw, 542px\" \/><\/a><p id=\"caption-attachment-71541\" class=\"wp-caption-text\">Se les habl\u00f3 sobre los procedimientos, normas y actitudes que deben tener presentes<\/p><\/div>\n","protected":false},"excerpt":{"rendered":"<p>Recibieron informaci\u00f3n sobre los procedimientos, normas y actitudes que el estudiante debe tener presentes para una mejor convivencia<\/p>\n","protected":false},"author":1508,"featured_media":71542,"comment_status":"closed","ping_status":"closed","sticky":false,"template":"","format":"standard","meta":[],"categories":[1],"tags":[],"_links":{"self":[{"href":"https:\/\/www.uv.mx\/prensa\/wp-json\/wp\/v2\/posts\/71678"}],"collection":[{"href":"https:\/\/www.uv.mx\/prensa\/wp-json\/wp\/v2\/posts"}],"about":[{"href":"https:\/\/www.uv.mx\/prensa\/wp-json\/wp\/v2\/types\/post"}],"author":[{"embeddable":true,"href":"https:\/\/www.uv.mx\/prensa\/wp-json\/wp\/v2\/users\/1508"}],"replies":[{"embeddable":true,"href":"https:\/\/www.uv.mx\/prensa\/wp-json\/wp\/v2\/comments?post=71678"}],"version-history":[{"count":0,"href":"https:\/\/www.uv.mx\/prensa\/wp-json\/wp\/v2\/posts\/71678\/revisions"}],"wp:featuredmedia":[{"embeddable":true,"href":"https:\/\/www.uv.mx\/prensa\/wp-json\/wp\/v2\/media\/71542"}],"wp:attachment":[{"href":"https:\/\/www.uv.mx\/prensa\/wp-json\/wp\/v2\/media?parent=71678"}],"wp:term":[{"taxonomy":"category","embeddable":true,"href":"https:\/\/www.uv.mx\/prensa\/wp-json\/wp\/v2\/categories?post=71678"},{"taxonomy":"post_tag","embeddable":true,"href":"https:\/\/www.uv.mx\/prensa\/wp-json\/wp\/v2\/tags?post=71678"}],"curies":[{"name":"wp","href":"https:\/\/api.w.org\/{rel}","templated":true}]}}