{"id":71694,"date":"2019-08-18T08:00:50","date_gmt":"2019-08-18T13:00:50","guid":{"rendered":"https:\/\/www.uv.mx\/prensa\/?p=71694"},"modified":"2019-08-15T18:24:02","modified_gmt":"2019-08-15T23:24:02","slug":"arqueologo-brasileno-realizara-estancia-posdoctoral-en-la-uv","status":"publish","type":"post","link":"https:\/\/www.uv.mx\/prensa\/banner\/arqueologo-brasileno-realizara-estancia-posdoctoral-en-la-uv\/","title":{"rendered":"Arque\u00f3logo brasile\u00f1o realizar\u00e1 estancia posdoctoral en la UV\u00a0"},"content":{"rendered":"<ul>\n<li data-leveltext=\"\uf0b7\" data-font=\"Symbol\" data-listid=\"1\" data-aria-posinset=\"1\" data-aria-level=\"1\"><i><span data-contrast=\"auto\">Colaborar\u00e1 en el proyecto de asentamiento prehisp\u00e1nico en el bajo Papaloapan, bajo la supervisi\u00f3n de Pedro Jim\u00e9nez Lara, acad\u00e9mico del Instituto de Inv<\/span><\/i><i><span data-contrast=\"auto\">estigaciones Hist\u00f3rico-Sociales<\/span><\/i><span data-ccp-props=\"{&quot;134233279&quot;:true}\">\u00a0<\/span><\/li>\n<li data-leveltext=\"\uf0b7\" data-font=\"Symbol\" data-listid=\"1\" data-aria-posinset=\"2\" data-aria-level=\"1\"><i><span data-contrast=\"auto\">Desarrollar\u00e1 pr\u00e1cticas de arqueolog\u00eda colaborativa y ambiental tendientes a la valorizaci\u00f3n y conservaci\u00f3n del r\u00edo Papaloapan<\/span><\/i><span data-ccp-props=\"{&quot;134233279&quot;:true}\">\u00a0<\/span><\/li>\n<\/ul>\n<p><span data-ccp-props=\"{}\">\u00a0<\/span><\/p>\n<div id=\"attachment_71625\" style=\"width: 732px\" class=\"wp-caption aligncenter\"><a href=\"https:\/\/www.uv.mx\/prensa\/files\/2019\/08\/120819-Sebastian-Lacerda-1.jpg\"><img aria-describedby=\"caption-attachment-71625\" decoding=\"async\" loading=\"lazy\" class=\"size-full wp-image-71625\" src=\"https:\/\/www.uv.mx\/prensa\/files\/2019\/08\/120819-Sebastian-Lacerda-1.jpg\" alt=\"\" width=\"722\" height=\"481\" srcset=\"https:\/\/www.uv.mx\/prensa\/files\/2019\/08\/120819-Sebastian-Lacerda-1.jpg 722w, https:\/\/www.uv.mx\/prensa\/files\/2019\/08\/120819-Sebastian-Lacerda-1-300x200.jpg 300w\" sizes=\"(max-width: 722px) 100vw, 722px\" \/><\/a><p id=\"caption-attachment-71625\" class=\"wp-caption-text\">Sebasti\u00e1n Lacerda, acad\u00e9mico brasile\u00f1o, realizar\u00e1 una estancia de investigaci\u00f3n posdoctoral en la UV, trabajando en el r\u00edo Papaloapan<\/p><\/div>\n<p><span data-ccp-props=\"{}\">\u00a0<\/span><\/p>\n<p><b><i><span data-contrast=\"auto\">David Sandoval Rodr\u00edguez<\/span><\/i><\/b><span data-ccp-props=\"{}\">\u00a0<\/span><\/p>\n<p><b><i><span data-contrast=\"auto\">1<\/span><\/i><\/b><b><i><span data-contrast=\"auto\">8<\/span><\/i><\/b><b><i><span data-contrast=\"auto\">\/08\/19, Xalapa, Ver.-<\/span><\/i><\/b><span data-contrast=\"auto\"> Sebasti\u00e1n <\/span><span data-contrast=\"auto\">Lacerda<\/span><span data-contrast=\"auto\"> de Lima <\/span><span data-contrast=\"auto\">Filho<\/span><span data-contrast=\"auto\">, arque\u00f3logo brasile\u00f1o, har\u00e1 una estancia posdoctoral de investigaci\u00f3n en la Universidad Veracruzana (UV) y su proyecto se integrar\u00e1 a los trabajos que realiza Pedro Jim\u00e9nez Lara, acad\u00e9mico e investigador del Instituto de Investigaciones Hist\u00f3rico-Sociales (IIH-S), en la regi\u00f3n del bajo Papaloapan.<\/span><span data-ccp-props=\"{}\">\u00a0<\/span><\/p>\n<p><span data-contrast=\"auto\">El acad\u00e9mico visitante coment\u00f3 que \u00e9sta es su primera <\/span><span data-contrast=\"auto\">experiencia en<\/span><span data-contrast=\"auto\"> M\u00e9xico; no obstante, desde su formaci\u00f3n en la licenciatura conoce a Pedro Jim\u00e9nez y por ello decidi\u00f3 vincular su proyecto y sus trabajos previos con lo que realiza el investigador mexicano en la regi\u00f3n donde ocurri\u00f3 el hallazgo arqueol\u00f3gico conocido como \u201cLa dama de Tlacojalpan\u201d.<\/span><span data-ccp-props=\"{&quot;335559731&quot;:708}\">\u00a0<\/span><\/p>\n<p><span data-contrast=\"auto\">Lacerda de Lima Filho <\/span><span data-contrast=\"auto\">c<\/span><span data-contrast=\"auto\">uent<\/span><span data-contrast=\"auto\">a con posgrado en criminolog\u00eda<\/span><span data-contrast=\"auto\">,<\/span><span data-contrast=\"auto\"> adem\u00e1s de<\/span><span data-contrast=\"auto\"> una M<\/span><span data-contrast=\"auto\">aestr\u00eda y un <\/span><span data-contrast=\"auto\">D<\/span><span data-contrast=\"auto\">octorado en <\/span><span data-contrast=\"auto\">A<\/span><span data-contrast=\"auto\">rqueolog\u00eda por la Universidad Federal de Sergipe de Brasil.<\/span><span data-ccp-props=\"{&quot;335559731&quot;:708}\">\u00a0<\/span><\/p>\n<p><span data-contrast=\"auto\">Sus temas de investigaci\u00f3n abarcan la a<\/span><span data-contrast=\"auto\">rqueolog\u00eda ambiental, social<\/span><span data-contrast=\"auto\"> y<\/span><span data-contrast=\"auto\"> p\u00fablica<\/span><span data-contrast=\"auto\">, adem\u00e1s de<\/span> <span data-contrast=\"auto\">trabajos de <\/span><span data-contrast=\"auto\">consultor\u00eda cient\u00edfica, vinculado al laboratorio de arqueolog\u00eda y paleontolog\u00eda de la Universidad del Estado de Bah\u00eda, entre otros grupos de investigaci\u00f3n.<\/span><span data-ccp-props=\"{&quot;335559731&quot;:708}\">\u00a0<\/span><\/p>\n<p><span data-contrast=\"auto\">E<\/span><span data-contrast=\"auto\">n M\u00e9xico <\/span><span data-contrast=\"auto\">realizar\u00e1<\/span><span data-contrast=\"auto\"> un trabajo de investigaci\u00f3n titulado \u201cVamos a construir los sentidos: por una arqueolog\u00eda social y ambiental en la regi\u00f3n de Tlacojalpan, bajo Papaloapan, Veracruz, M\u00e9xico\u201d, bajo la supervisi\u00f3n de Jim\u00e9nez Lara.<\/span><span data-ccp-props=\"{&quot;335559731&quot;:708}\">\u00a0<\/span><\/p>\n<p><span data-contrast=\"auto\">S<\/span><span data-contrast=\"auto\">er\u00e1 <\/span><span data-contrast=\"auto\">un proyecto de investigaci\u00f3n posdoctoral dentro de<\/span><span data-contrast=\"auto\"> uno<\/span><span data-contrast=\"auto\"> m\u00e1s grande llamado \u201cProyecto de asentamiento prehisp\u00e1nico en el bajo Papaloapan\u201d que <\/span><span data-contrast=\"auto\">desarrolla<\/span><span data-contrast=\"auto\"> Pedro Jim\u00e9nez desde hace m\u00e1s de <\/span><span data-contrast=\"auto\">15<\/span><span data-contrast=\"auto\"> a\u00f1os.<\/span><span data-ccp-props=\"{&quot;335559731&quot;:708}\">\u00a0<\/span><\/p>\n<p><span data-contrast=\"auto\">Su investigaci\u00f3n implica hacer contacto con la poblaci\u00f3n y desarrollar pr\u00e1cticas de arque<\/span><span data-contrast=\"auto\">olog\u00eda colaborativa y social te<\/span><span data-contrast=\"auto\">ndientes a la protecci\u00f3n, conservaci\u00f3n y<\/span><span data-contrast=\"auto\"> valoraci\u00f3n del bajo Papaloapan, dado que el r\u00edo se encuentra muy contaminado.<\/span><span data-ccp-props=\"{&quot;335559731&quot;:708}\">\u00a0<\/span><\/p>\n<p><span data-contrast=\"auto\">La intenci\u00f3n es revalor<\/span><span data-contrast=\"auto\">ar <\/span><span data-contrast=\"auto\">el patrimonio arqueol\u00f3gico<\/span><span data-contrast=\"auto\">,<\/span><span data-contrast=\"auto\"> as\u00ed como sus elementos antropol\u00f3gicos, sociales y culturales para orientar a la comunidad sobre los desaf\u00edos y las posibilidades de conservaci\u00f3n y manutenci\u00f3n<\/span><span data-contrast=\"auto\">, adem\u00e1s<\/span> <span data-contrast=\"auto\">de la revalorizaci\u00f3n del r\u00ed<\/span><span data-contrast=\"auto\">o como elemento muy significativo de la historia local y regional <\/span><span data-contrast=\"auto\">y<\/span><span data-contrast=\"auto\"> de una posibilidad de manutenci\u00f3n para los pobladores.<\/span><span data-ccp-props=\"{&quot;335559731&quot;:708}\">\u00a0<\/span><\/p>\n<p><span data-contrast=\"auto\">En este sentido, refiri\u00f3 que s<\/span><span data-contrast=\"auto\">u trabajo en Brasil incluye la colaboraci\u00f3n con grupos minoritarios que habitan a orillas del r\u00edo San Francisco y en el noreste de su pa\u00eds donde realiza diversas investigaciones arqueol\u00f3gicas.<\/span><span data-ccp-props=\"{&quot;335559731&quot;:708}\">\u00a0<\/span><\/p>\n<p><span data-contrast=\"auto\">Adem\u00e1s de su trabajo al interior del proyecto ya en marcha, se busca que imparta conferencias sobre<\/span><span data-contrast=\"auto\"> metodolog\u00eda arqueol\u00f3gica y arqueolog\u00eda rupestre a los estudiantes de posgrado<\/span> <span data-contrast=\"auto\">d<\/span><span data-contrast=\"auto\">el IIH-S<\/span><span data-contrast=\"auto\">,<\/span><span data-contrast=\"auto\"> as\u00ed como a los estudiantes de la Facultad de Antropolog\u00eda.<\/span><span data-ccp-props=\"{&quot;335559731&quot;:708}\">\u00a0<\/span><\/p>\n<p><span data-contrast=\"auto\">Por su parte, Jim\u00e9nez Lara comparti\u00f3 que la estancia del investigador sudamericano brindar\u00e1 soporte al tema ambiental del proyecto en el bajo Papaloapan.<\/span><span data-ccp-props=\"{}\">\u00a0<\/span><\/p>\n<p><span data-contrast=\"auto\">\u201cEl r\u00edo Papaloapan es vital<\/span><span data-contrast=\"auto\"> para todos, es el segundo cuerpo de agua m\u00e1s importante que tenemos en M\u00e9xico y nadie lo voltea a ver, nadie hace<\/span> <span data-contrast=\"auto\">nada y por ello se trabajar\u00e1 sobre esta vertiente\u201d, coment\u00f3 el acad\u00e9mico de la UV.<\/span><span data-ccp-props=\"{&quot;335559731&quot;:708}\">\u00a0<\/span><\/p>\n<p><span data-contrast=\"auto\">\u201cTratamos de recuperar al m\u00e1ximo este r\u00edo, darle vida y crear un v\u00ednculo con las<\/span><span data-contrast=\"auto\"> comunidades porque est\u00e1 roto, \u00e9<\/span><span data-contrast=\"auto\">ste es uno de los aspectos por los cuales el investigador est\u00e1 con nosotros, por su experiencia en el r\u00edo San Francisco en la regi\u00f3n nordeste de Brasil\u201d, agreg\u00f3.<\/span><span data-ccp-props=\"{&quot;335559731&quot;:708}\">\u00a0<\/span><\/p>\n<p><span data-ccp-props=\"{}\">\u00a0<\/span><\/p>\n<div id=\"attachment_71626\" style=\"width: 732px\" class=\"wp-caption aligncenter\"><a href=\"https:\/\/www.uv.mx\/prensa\/files\/2019\/08\/120819-Sebastian-Lacerda-2.jpg\"><img aria-describedby=\"caption-attachment-71626\" decoding=\"async\" loading=\"lazy\" class=\"size-full wp-image-71626\" src=\"https:\/\/www.uv.mx\/prensa\/files\/2019\/08\/120819-Sebastian-Lacerda-2.jpg\" alt=\"\" width=\"722\" height=\"481\" srcset=\"https:\/\/www.uv.mx\/prensa\/files\/2019\/08\/120819-Sebastian-Lacerda-2.jpg 722w, https:\/\/www.uv.mx\/prensa\/files\/2019\/08\/120819-Sebastian-Lacerda-2-300x200.jpg 300w\" sizes=\"(max-width: 722px) 100vw, 722px\" \/><\/a><p id=\"caption-attachment-71626\" class=\"wp-caption-text\">El investigador se sumar\u00e1 al proyecto que coordina Pedro Jim\u00e9nez Lara, acad\u00e9mico del IIH-S<\/p><\/div>\n","protected":false},"excerpt":{"rendered":"<p>Colaborar\u00e1 en el proyecto de asentamiento prehisp\u00e1nico en el bajo Papaloapan, bajo la supervisi\u00f3n de Pedro Jim\u00e9nez Lara, acad\u00e9mico del Instituto de Investigaciones Hist\u00f3rico-Sociales\u00a0<\/p>\n","protected":false},"author":1869,"featured_media":71856,"comment_status":"closed","ping_status":"closed","sticky":false,"template":"","format":"standard","meta":[],"categories":[61],"tags":[],"_links":{"self":[{"href":"https:\/\/www.uv.mx\/prensa\/wp-json\/wp\/v2\/posts\/71694"}],"collection":[{"href":"https:\/\/www.uv.mx\/prensa\/wp-json\/wp\/v2\/posts"}],"about":[{"href":"https:\/\/www.uv.mx\/prensa\/wp-json\/wp\/v2\/types\/post"}],"author":[{"embeddable":true,"href":"https:\/\/www.uv.mx\/prensa\/wp-json\/wp\/v2\/users\/1869"}],"replies":[{"embeddable":true,"href":"https:\/\/www.uv.mx\/prensa\/wp-json\/wp\/v2\/comments?post=71694"}],"version-history":[{"count":0,"href":"https:\/\/www.uv.mx\/prensa\/wp-json\/wp\/v2\/posts\/71694\/revisions"}],"wp:featuredmedia":[{"embeddable":true,"href":"https:\/\/www.uv.mx\/prensa\/wp-json\/wp\/v2\/media\/71856"}],"wp:attachment":[{"href":"https:\/\/www.uv.mx\/prensa\/wp-json\/wp\/v2\/media?parent=71694"}],"wp:term":[{"taxonomy":"category","embeddable":true,"href":"https:\/\/www.uv.mx\/prensa\/wp-json\/wp\/v2\/categories?post=71694"},{"taxonomy":"post_tag","embeddable":true,"href":"https:\/\/www.uv.mx\/prensa\/wp-json\/wp\/v2\/tags?post=71694"}],"curies":[{"name":"wp","href":"https:\/\/api.w.org\/{rel}","templated":true}]}}