{"id":71705,"date":"2019-08-14T08:00:20","date_gmt":"2019-08-14T13:00:20","guid":{"rendered":"https:\/\/www.uv.mx\/prensa\/?p=71705"},"modified":"2019-08-13T20:45:47","modified_gmt":"2019-08-14T01:45:47","slug":"el-cabaret-surgio-como-expresion-de-libertad-eduardo-castaneda","status":"publish","type":"post","link":"https:\/\/www.uv.mx\/prensa\/cultura\/el-cabaret-surgio-como-expresion-de-libertad-eduardo-castaneda\/","title":{"rendered":"El cabaret surgi\u00f3 como expresi\u00f3n de libertad: Eduardo Casta\u00f1eda"},"content":{"rendered":"<ul>\n<li data-leveltext=\"\uf0b7\" data-font=\"Symbol\" data-listid=\"5\" data-aria-posinset=\"1\" data-aria-level=\"1\"><i><span data-contrast=\"auto\">\u201cTanto el teatro como el cabaret tienen un gran futuro por delante, ya que los seres humanos est\u00e1n \u00e1vidos de historias<\/span><\/i><i><span data-contrast=\"auto\">,<\/span><\/i> <i><span data-contrast=\"auto\">tienen <\/span><\/i><i><span data-contrast=\"auto\">una necesidad evolutiva de ficci\u00f3n\u201d<\/span><\/i><\/li>\n<\/ul>\n<p>&nbsp;<\/p>\n<div id=\"attachment_71650\" style=\"width: 732px\" class=\"wp-caption aligncenter\"><a href=\"https:\/\/www.uv.mx\/prensa\/files\/2019\/08\/090819-estructura-del-Cabaret.jpg\"><img aria-describedby=\"caption-attachment-71650\" decoding=\"async\" loading=\"lazy\" class=\"size-full wp-image-71650\" src=\"https:\/\/www.uv.mx\/prensa\/files\/2019\/08\/090819-estructura-del-Cabaret.jpg\" alt=\"Eduardo Casta\u00f1eda \" width=\"722\" height=\"481\" srcset=\"https:\/\/www.uv.mx\/prensa\/files\/2019\/08\/090819-estructura-del-Cabaret.jpg 722w, https:\/\/www.uv.mx\/prensa\/files\/2019\/08\/090819-estructura-del-Cabaret-300x200.jpg 300w\" sizes=\"(max-width: 722px) 100vw, 722px\" \/><\/a><p id=\"caption-attachment-71650\" class=\"wp-caption-text\">Eduardo Casta\u00f1eda<\/p><\/div>\n<p>&nbsp;<\/p>\n<p><b><i><span data-contrast=\"auto\">Carlos Hugo Hermida Rosales<\/span><\/i><\/b><span data-ccp-props=\"{}\">\u00a0<\/span><\/p>\n<p><b><i><span data-contrast=\"auto\">1<\/span><\/i><\/b><b><i><span data-contrast=\"auto\">4<\/span><\/i><\/b><b><i><span data-contrast=\"auto\">\/08\/2019, Xalapa, Ver.- <\/span><\/i><\/b><span data-contrast=\"auto\">Para Eduardo Casta\u00f1eda, dramaturgo y director teatral, el cabaret es una variaci\u00f3n del teatro que surgi\u00f3 de la explosi\u00f3n y exigencia de expresar libertad y transgresi\u00f3n personal.\u00a0<\/span><span data-ccp-props=\"{}\">\u00a0<\/span><\/p>\n<p><span data-contrast=\"auto\">\u201cDebido a ello es que esta manifestaci\u00f3n art\u00edstica explot\u00f3 en Alemania en <\/span><span data-contrast=\"auto\">el<\/span><span data-contrast=\"auto\"> periodo de tiempo<\/span><span data-contrast=\"auto\"> comprendido<\/span><span data-contrast=\"auto\"> entre <\/span><span data-contrast=\"auto\">las dos <\/span><span data-contrast=\"auto\">guerras<\/span><span data-contrast=\"auto\"> mundiales<\/span><span data-contrast=\"auto\">\u201d, expres\u00f3.<\/span><span data-ccp-props=\"{&quot;335559731&quot;:708}\">\u00a0<\/span><\/p>\n<p><span data-contrast=\"auto\">El dramaturgo present\u00f3 la exposici\u00f3n <\/span><i><span data-contrast=\"auto\">Mucha ropa, desnudado la estructura del cabaret<\/span><\/i><span data-contrast=\"auto\">, el 8 de agosto en la Facultad de Teatro de la Universidad Veracruzana (UV), dentro del Segundo <\/span><span data-contrast=\"auto\">E<\/span><span data-contrast=\"auto\">ncuentro de Cabaret, realizado del 8 al 11 de agosto<\/span><span data-contrast=\"auto\"> por<\/span><span data-contrast=\"auto\"> esta casa de estudios en coordinaci\u00f3n con el A<\/span><span data-contrast=\"auto\">yuntamiento de Xalapa.<\/span><span data-ccp-props=\"{&quot;335559731&quot;:708}\">\u00a0<\/span><\/p>\n<p><span data-contrast=\"auto\">Eduardo Casta\u00f1eda relat\u00f3 q<\/span><span data-contrast=\"auto\">ue al cabaret muchas veces se le<\/span><span data-contrast=\"auto\"> relaciona con la prostituci\u00f3n, debido a que <\/span><span data-contrast=\"auto\">\u00e9<\/span><span data-contrast=\"auto\">sta estuvo ligada al arte esc\u00e9nico en sus inicios.<\/span><span data-ccp-props=\"{&quot;335559731&quot;:708}\">\u00a0<\/span><\/p>\n<p><span data-contrast=\"auto\">\u201cIncluso el primer permiso para teatro otorgado en<\/span><span data-contrast=\"auto\"> Inglaterra dentro del periodo i<\/span><span data-contrast=\"auto\">sabelino fue cedido a un prost\u00edbulo\u201d, comparti\u00f3.<\/span><span data-ccp-props=\"{&quot;335559731&quot;:708}\">\u00a0<\/span><\/p>\n<p><span data-contrast=\"auto\">M<\/span><span data-contrast=\"auto\">encion\u00f3 que hasta hace poco M\u00e9xico era el pa\u00eds latinoamericano que otorgaba un mayor presupuesto a la cultura y las manifestaciones art\u00edsticas, y debido a esto se da el fen\u00f3meno de que muchos artistas esc\u00e9nicos extienden sus personajes a la realidad.\u00a0<\/span><span data-ccp-props=\"{&quot;335559731&quot;:708}\">\u00a0<\/span><\/p>\n<p><span data-contrast=\"auto\">\u201cEn el pa\u00eds es com\u00fan que los actores de teatro s<\/span><span data-contrast=\"auto\">\u00f3<\/span><span data-contrast=\"auto\">lo participen en puestas en escena que aborden una postura ideol\u00f3gica af\u00edn a ellos\u201d, coment\u00f3.<\/span><span data-ccp-props=\"{&quot;335559731&quot;:708}\">\u00a0<\/span><\/p>\n<p><span data-contrast=\"auto\">Declar\u00f3 que los profesionales del ramo no deben olvidar que el teatro an<\/span><span data-contrast=\"auto\">tes que nada es un arte esc\u00e9nico<\/span><span data-contrast=\"auto\">, y como toda manifestaci\u00f3n art\u00edstica engloba connotaciones sociales y pol\u00edticas muy diversas.\u00a0<\/span><span data-ccp-props=\"{&quot;335559731&quot;:708}\">\u00a0<\/span><\/p>\n<p><span data-contrast=\"auto\">Eduardo Casta\u00f1eda afirm\u00f3 que tanto el teatro como el cabaret tienen un gran futuro por delante, ya que los seres humanos<\/span><span data-contrast=\"auto\"> est\u00e1n \u00e1vidos <\/span><span data-contrast=\"auto\">de historias<\/span><span data-contrast=\"auto\">, tienen <\/span><span data-contrast=\"auto\">una necesidad evolutiva de ficci\u00f3n<\/span><span data-contrast=\"auto\">.<\/span><span data-ccp-props=\"{&quot;335559731&quot;:708}\">\u00a0<\/span><\/p>\n","protected":false},"excerpt":{"rendered":"<p>El dramaturgo present\u00f3 la exposici\u00f3n <em>Mucha ropa, desnudado la estructura del cabaret<\/em>, en la Facultad de Teatro<\/p>\n","protected":false},"author":1775,"featured_media":71650,"comment_status":"closed","ping_status":"closed","sticky":false,"template":"","format":"standard","meta":[],"categories":[11],"tags":[],"_links":{"self":[{"href":"https:\/\/www.uv.mx\/prensa\/wp-json\/wp\/v2\/posts\/71705"}],"collection":[{"href":"https:\/\/www.uv.mx\/prensa\/wp-json\/wp\/v2\/posts"}],"about":[{"href":"https:\/\/www.uv.mx\/prensa\/wp-json\/wp\/v2\/types\/post"}],"author":[{"embeddable":true,"href":"https:\/\/www.uv.mx\/prensa\/wp-json\/wp\/v2\/users\/1775"}],"replies":[{"embeddable":true,"href":"https:\/\/www.uv.mx\/prensa\/wp-json\/wp\/v2\/comments?post=71705"}],"version-history":[{"count":0,"href":"https:\/\/www.uv.mx\/prensa\/wp-json\/wp\/v2\/posts\/71705\/revisions"}],"wp:featuredmedia":[{"embeddable":true,"href":"https:\/\/www.uv.mx\/prensa\/wp-json\/wp\/v2\/media\/71650"}],"wp:attachment":[{"href":"https:\/\/www.uv.mx\/prensa\/wp-json\/wp\/v2\/media?parent=71705"}],"wp:term":[{"taxonomy":"category","embeddable":true,"href":"https:\/\/www.uv.mx\/prensa\/wp-json\/wp\/v2\/categories?post=71705"},{"taxonomy":"post_tag","embeddable":true,"href":"https:\/\/www.uv.mx\/prensa\/wp-json\/wp\/v2\/tags?post=71705"}],"curies":[{"name":"wp","href":"https:\/\/api.w.org\/{rel}","templated":true}]}}