{"id":72261,"date":"2019-08-22T20:00:26","date_gmt":"2019-08-23T01:00:26","guid":{"rendered":"https:\/\/www.uv.mx\/prensa\/?p=72261"},"modified":"2019-08-23T09:00:54","modified_gmt":"2019-08-23T14:00:54","slug":"natsumi-imamura-y-ruben-melgarejo-ofrecieron-recital","status":"publish","type":"post","link":"https:\/\/www.uv.mx\/prensa\/cultura\/natsumi-imamura-y-ruben-melgarejo-ofrecieron-recital\/","title":{"rendered":"Natsumi Imamura y Rub\u00e9n Melgarejo ofrecieron recital"},"content":{"rendered":"<ul>\n<li data-leveltext=\"\uf0b7\" data-font=\"Symbol\" data-listid=\"5\" data-aria-posinset=\"1\" data-aria-level=\"1\"><i><span data-contrast=\"auto\">En <\/span><\/i><i><span data-contrast=\"auto\">la <\/span><\/i><i><span data-contrast=\"auto\">presentaci\u00f3n<\/span><\/i><i><span data-contrast=\"auto\">, <\/span><\/i><i><span data-contrast=\"auto\">organizada por la Direcci\u00f3n General de Difusi\u00f3n Cultural de la UV, los m\u00fasicos interpretaron desde huapangos hasta melod\u00edas de jazz<\/span><\/i><span data-ccp-props=\"{}\">\u00a0<\/span><\/li>\n<\/ul>\n<p>&nbsp;<\/p>\n<div id='gallery-1' class='gallery galleryid-72261 gallery-columns-3 gallery-size-full'><dl class='gallery-item'>\n\t\t\t<dt class='gallery-icon landscape'>\n\t\t\t\t<a href='https:\/\/www.uv.mx\/prensa\/files\/2019\/08\/220819-Velada-de-Arpa-1.jpg'><img width=\"722\" height=\"481\" src=\"https:\/\/www.uv.mx\/prensa\/files\/2019\/08\/220819-Velada-de-Arpa-1.jpg\" class=\"attachment-full size-full\" alt=\"\" decoding=\"async\" loading=\"lazy\" aria-describedby=\"gallery-1-72240\" srcset=\"https:\/\/www.uv.mx\/prensa\/files\/2019\/08\/220819-Velada-de-Arpa-1.jpg 722w, https:\/\/www.uv.mx\/prensa\/files\/2019\/08\/220819-Velada-de-Arpa-1-300x200.jpg 300w\" sizes=\"(max-width: 722px) 100vw, 722px\" \/><\/a>\n\t\t\t<\/dt>\n\t\t\t\t<dd class='wp-caption-text gallery-caption' id='gallery-1-72240'>\n\t\t\t\tNatsumi Imamura\n\t\t\t\t<\/dd><\/dl><dl class='gallery-item'>\n\t\t\t<dt class='gallery-icon landscape'>\n\t\t\t\t<a href='https:\/\/www.uv.mx\/prensa\/files\/2019\/08\/220819-Velada-de-Arpa-2.jpg'><img width=\"722\" height=\"481\" src=\"https:\/\/www.uv.mx\/prensa\/files\/2019\/08\/220819-Velada-de-Arpa-2.jpg\" class=\"attachment-full size-full\" alt=\"\" decoding=\"async\" loading=\"lazy\" aria-describedby=\"gallery-1-72241\" srcset=\"https:\/\/www.uv.mx\/prensa\/files\/2019\/08\/220819-Velada-de-Arpa-2.jpg 722w, https:\/\/www.uv.mx\/prensa\/files\/2019\/08\/220819-Velada-de-Arpa-2-300x200.jpg 300w\" sizes=\"(max-width: 722px) 100vw, 722px\" \/><\/a>\n\t\t\t<\/dt>\n\t\t\t\t<dd class='wp-caption-text gallery-caption' id='gallery-1-72241'>\n\t\t\t\tRub\u00e9n Melgarejo\n\t\t\t\t<\/dd><\/dl><dl class='gallery-item'>\n\t\t\t<dt class='gallery-icon landscape'>\n\t\t\t\t<a href='https:\/\/www.uv.mx\/prensa\/files\/2019\/08\/220819-Velada-de-Arpa-3.jpg'><img width=\"722\" height=\"481\" src=\"https:\/\/www.uv.mx\/prensa\/files\/2019\/08\/220819-Velada-de-Arpa-3.jpg\" class=\"attachment-full size-full\" alt=\"\" decoding=\"async\" loading=\"lazy\" aria-describedby=\"gallery-1-72242\" srcset=\"https:\/\/www.uv.mx\/prensa\/files\/2019\/08\/220819-Velada-de-Arpa-3.jpg 722w, https:\/\/www.uv.mx\/prensa\/files\/2019\/08\/220819-Velada-de-Arpa-3-300x200.jpg 300w\" sizes=\"(max-width: 722px) 100vw, 722px\" \/><\/a>\n\t\t\t<\/dt>\n\t\t\t\t<dd class='wp-caption-text gallery-caption' id='gallery-1-72242'>\n\t\t\t\tEl p\u00fablico abarrot\u00f3 el Casino Jalape\u00f1o\n\t\t\t\t<\/dd><\/dl><br style=\"clear: both\" \/>\n\t\t<\/div>\n\n<p>&nbsp;<\/p>\n<p><b><i><span data-contrast=\"auto\">Carlos Hugo Hermida Rosales<\/span><\/i><\/b><span data-ccp-props=\"{}\">\u00a0<\/span><\/p>\n<p><span data-ccp-props=\"{}\">\u00a0<\/span><b><i><span data-contrast=\"auto\">22\/08\/<\/span><\/i><\/b><b><i><span data-contrast=\"auto\">2019<\/span><\/i><\/b><b><i><span data-contrast=\"auto\">,<\/span><\/i><\/b> <b><i><span data-contrast=\"auto\">Xalapa, Ver.<\/span><\/i><\/b><b><i><span data-contrast=\"auto\">&#8211;<\/span><\/i><\/b> <span data-contrast=\"auto\">Natsumi<\/span> <span data-contrast=\"auto\">Imamura<\/span><span data-contrast=\"auto\">, arpista japonesa<\/span><span data-contrast=\"auto\">, <\/span><span data-contrast=\"auto\">y Rub\u00e9n Melgarejo<\/span> <span data-contrast=\"auto\">Huesca<\/span><span data-contrast=\"auto\">, m\u00fasico de la agrupaci\u00f3n <\/span><span data-contrast=\"auto\">Tlen<\/span> <span data-contrast=\"auto\">Huicani<\/span><span data-contrast=\"auto\">, ofrecieron el 21 de agosto en el Casino Jalape\u00f1o un recital <\/span><span data-contrast=\"auto\">que fue organizado por la <\/span><span data-contrast=\"auto\">Direcci\u00f3n General de Difusi\u00f3n Cultural de la Universidad Veracruzana (UV).<\/span><span data-ccp-props=\"{}\">\u00a0<\/span><\/p>\n<p><span data-contrast=\"auto\">Dentro de este evento que congreg\u00f3 <\/span><span data-contrast=\"auto\">a <\/span><span data-contrast=\"auto\">alrededor de dos centenares de personas, los m\u00fasicos dieron muestra de su gran calidad al interpretar melod\u00edas nacionales y extranjeras.<\/span><span data-ccp-props=\"{&quot;335559731&quot;:708}\">\u00a0<\/span><\/p>\n<p><span data-contrast=\"auto\">La <\/span><span data-contrast=\"auto\">presentaci\u00f3n<\/span><span data-contrast=\"auto\"> inici\u00f3 con un <\/span><span data-contrast=\"auto\">popurr\u00ed de la pel\u00edcula <\/span><i><span data-contrast=\"auto\">Coco,<\/span><\/i><span data-contrast=\"auto\"> que incluy\u00f3 las canciones <\/span><i><span data-contrast=\"auto\">La L<\/span><\/i><i><span data-contrast=\"auto\">lorona<\/span><\/i><span data-contrast=\"auto\">, <\/span><i><span data-contrast=\"auto\">Recu\u00e9rdame<\/span><\/i><span data-contrast=\"auto\"> y <\/span><i><span data-contrast=\"auto\">\u00a1Ay mi amor!<\/span><\/i><span data-contrast=\"auto\">; posteriormente fue interpretada la melod\u00eda <\/span><i><span data-contrast=\"auto\">Xalapa<\/span><\/i><span data-contrast=\"auto\">,<\/span> <span data-contrast=\"auto\">del compositor Miguel \u00c1ngel G\u00f3mez.<\/span><span data-ccp-props=\"{&quot;335559731&quot;:708}\">\u00a0<\/span><\/p>\n<p><span data-contrast=\"auto\">En la velada tambi\u00e9n se tocaron el huapango <\/span><i><span data-contrast=\"auto\">El cascabel <\/span><\/i><span data-contrast=\"auto\">de Lorenzo <\/span><span data-contrast=\"auto\">Barcelata<\/span><span data-contrast=\"auto\">,<\/span><span data-contrast=\"auto\"> que incluy\u00f3 un arreglo de <\/span><span data-contrast=\"auto\">Natsumi<\/span> <span data-contrast=\"auto\">Imamura<\/span><span data-contrast=\"auto\">, adem\u00e1s de una versi\u00f3n local de <\/span><i><span data-contrast=\"auto\">El Huapango de Moncayo<\/span><\/i><span data-contrast=\"auto\">;<\/span><span data-contrast=\"auto\"> entre las canciones internacionales sobresali\u00f3 la pieza de jazz <\/span><i><span data-contrast=\"auto\">Yellow<\/span><\/i> <i><span data-contrast=\"auto\">Jacket<\/span><\/i><span data-contrast=\"auto\">.\u00a0<\/span><span data-ccp-props=\"{&quot;335559731&quot;:708}\">\u00a0<\/span><\/p>\n<p><span data-contrast=\"auto\">Natsumi<\/span> <span data-contrast=\"auto\">Imamura<\/span><span data-contrast=\"auto\"> se encuentra en Xalapa para realizar su <\/span><span data-contrast=\"auto\">c<\/span><span data-contrast=\"auto\">uarta producci\u00f3n discogr\u00e1fica que lleva el nombre de\u202f<\/span><i><span data-contrast=\"auto\">Arpara\u00edso<\/span><\/i><span data-contrast=\"auto\">, con temas compuestos por ella; <\/span><span data-contrast=\"auto\">mantiene una cercana colaboraci\u00f3n con el grupo <\/span><span data-contrast=\"auto\">Tlen<\/span> <span data-contrast=\"auto\">Huicani<\/span><span data-contrast=\"auto\">, con el cual grab\u00f3 un disco y realiz\u00f3 una gira por diversas ciudades japonesas en 2008.<\/span><span data-ccp-props=\"{&quot;335559731&quot;:708}\">\u00a0<\/span><\/p>\n<p><span data-contrast=\"auto\">Rub\u00e9n Melgarejo es arreglista, compositor e integrante desde 2001 del grupo<\/span><span data-contrast=\"auto\"> arriba<\/span> <span data-contrast=\"auto\">mencionado, donde ejecuta jarana<\/span><span data-contrast=\"auto\">,<\/span> <span data-contrast=\"auto\">requinto<\/span><span data-contrast=\"auto\">,<\/span><span data-contrast=\"auto\"> bajo, arpa jarocha y viol\u00edn.<\/span><span data-ccp-props=\"{&quot;335559731&quot;:708}\">\u00a0<\/span><\/p>\n<p><span data-contrast=\"auto\">Esta presentaci\u00f3n musical ocurri\u00f3 dentro del programa Mi\u00e9rcoles de Casino, que organiza la Direcci\u00f3n General de Difusi\u00f3n Cultural de la <\/span><span data-contrast=\"auto\">UV<\/span><span data-contrast=\"auto\"> para deleite de la poblaci\u00f3n.<\/span><\/p>\n","protected":false},"excerpt":{"rendered":"<p>La artista japonesa se encuentra en Xalapa para realizar su cuarta producci\u00f3n discogr\u00e1fica, <em>Arpara\u00edso<\/em><\/p>\n","protected":false},"author":1508,"featured_media":72240,"comment_status":"closed","ping_status":"closed","sticky":false,"template":"","format":"standard","meta":[],"categories":[11],"tags":[],"_links":{"self":[{"href":"https:\/\/www.uv.mx\/prensa\/wp-json\/wp\/v2\/posts\/72261"}],"collection":[{"href":"https:\/\/www.uv.mx\/prensa\/wp-json\/wp\/v2\/posts"}],"about":[{"href":"https:\/\/www.uv.mx\/prensa\/wp-json\/wp\/v2\/types\/post"}],"author":[{"embeddable":true,"href":"https:\/\/www.uv.mx\/prensa\/wp-json\/wp\/v2\/users\/1508"}],"replies":[{"embeddable":true,"href":"https:\/\/www.uv.mx\/prensa\/wp-json\/wp\/v2\/comments?post=72261"}],"version-history":[{"count":0,"href":"https:\/\/www.uv.mx\/prensa\/wp-json\/wp\/v2\/posts\/72261\/revisions"}],"wp:featuredmedia":[{"embeddable":true,"href":"https:\/\/www.uv.mx\/prensa\/wp-json\/wp\/v2\/media\/72240"}],"wp:attachment":[{"href":"https:\/\/www.uv.mx\/prensa\/wp-json\/wp\/v2\/media?parent=72261"}],"wp:term":[{"taxonomy":"category","embeddable":true,"href":"https:\/\/www.uv.mx\/prensa\/wp-json\/wp\/v2\/categories?post=72261"},{"taxonomy":"post_tag","embeddable":true,"href":"https:\/\/www.uv.mx\/prensa\/wp-json\/wp\/v2\/tags?post=72261"}],"curies":[{"name":"wp","href":"https:\/\/api.w.org\/{rel}","templated":true}]}}