{"id":72357,"date":"2019-08-23T17:18:43","date_gmt":"2019-08-23T22:18:43","guid":{"rendered":"https:\/\/www.uv.mx\/prensa\/?p=72357"},"modified":"2019-08-23T17:18:43","modified_gmt":"2019-08-23T22:18:43","slug":"fcba-recibio-a-estudiantes-de-america-latina-y-europa","status":"publish","type":"post","link":"https:\/\/www.uv.mx\/prensa\/regiones\/poza-rica\/fcba-recibio-a-estudiantes-de-america-latina-y-europa\/","title":{"rendered":"FCBA recibi\u00f3 a estudiantes de Am\u00e9rica Latina y Europa"},"content":{"rendered":"<p>&nbsp;<\/p>\n<div id=\"attachment_72244\" style=\"width: 732px\" class=\"wp-caption aligncenter\"><a href=\"https:\/\/www.uv.mx\/prensa\/files\/2019\/08\/220819-FCBA-Tuxpan.jpg\"><img aria-describedby=\"caption-attachment-72244\" decoding=\"async\" loading=\"lazy\" class=\"size-full wp-image-72244\" src=\"https:\/\/www.uv.mx\/prensa\/files\/2019\/08\/220819-FCBA-Tuxpan.jpg\" alt=\"\" width=\"722\" height=\"403\" srcset=\"https:\/\/www.uv.mx\/prensa\/files\/2019\/08\/220819-FCBA-Tuxpan.jpg 722w, https:\/\/www.uv.mx\/prensa\/files\/2019\/08\/220819-FCBA-Tuxpan-300x167.jpg 300w\" sizes=\"(max-width: 722px) 100vw, 722px\" \/><\/a><p id=\"caption-attachment-72244\" class=\"wp-caption-text\">Bienvenida a estudiantes de ocho pa\u00edses de Am\u00e9rica Latina y Europa en la FCBA en Tuxpan<\/p><\/div>\n<p>&nbsp;<\/p>\n<p><b><i><span data-contrast=\"auto\">23\/08\/2019, Poza Rica, Ver.- <\/span><\/i><\/b><span data-contrast=\"auto\">La Facultad de Ciencias Biol\u00f3gicas y Agropecuarias (FCBA) de la regi\u00f3n Poza Rica-Tuxpan de la Universidad Veracruzana (UV) recibi\u00f3 a 12 estudiantes de ocho diferentes pa\u00edses de Am\u00e9rica Latina (AL) y Europa para realizar movilidad estudiantil de un semestre <\/span><span data-contrast=\"auto\">o bien <\/span><span data-contrast=\"auto\">sus estudios completos de licenciatura o de posgrado.<\/span><span data-ccp-props=\"{&quot;201341983&quot;:0,&quot;335559739&quot;:200,&quot;335559740&quot;:240}\">\u00a0<\/span><\/p>\n<p><span data-contrast=\"auto\">Celeste Irup\u00e9, <\/span><span data-contrast=\"auto\">viene de<\/span><span data-contrast=\"auto\"> Argentina para estudiar la Licenciatura en Biolog\u00eda Marina<\/span><span data-contrast=\"auto\">; <\/span><span data-contrast=\"auto\">Daniel Duarte<\/span><span data-contrast=\"auto\">, es<\/span><span data-contrast=\"auto\"> de Uruguay <\/span><span data-contrast=\"auto\">e<\/span><span data-contrast=\"auto\"> inicia sus estudios de <\/span><span data-contrast=\"auto\">i<\/span><span data-contrast=\"auto\">ngeniero<\/span> <span data-contrast=\"auto\">a<\/span><span data-contrast=\"auto\">gr\u00f3nomo<\/span><span data-contrast=\"auto\">; <\/span><span data-contrast=\"auto\">Luis Fernando V\u00e9lez y Luis Esteban Ram\u00edrez<\/span><span data-contrast=\"auto\">, ambos <\/span><span data-contrast=\"auto\">de Colombia<\/span><span data-contrast=\"auto\">, cursar\u00e1n el <\/span><span data-contrast=\"auto\">peri<\/span><span data-contrast=\"auto\">odo Agosto 2019-E<\/span><span data-contrast=\"auto\">nero 2020<\/span><span data-contrast=\"auto\"> en la Facultad de<\/span><span data-contrast=\"auto\"> Medicina Veterinaria y Zootecnia<\/span><span data-contrast=\"auto\">.<\/span><span data-ccp-props=\"{&quot;201341983&quot;:0,&quot;335559731&quot;:708,&quot;335559739&quot;:200,&quot;335559740&quot;:240}\">\u00a0<\/span><\/p>\n<p><span data-contrast=\"auto\">En la Especializaci\u00f3n en Gesti\u00f3n e Impacto Ambiental, <\/span><span data-contrast=\"auto\">Edgar Quir\u00f3s, de Costa Rica, <\/span><span data-contrast=\"auto\">cursa<\/span><span data-contrast=\"auto\"> su <\/span><span data-contrast=\"auto\">segundo<\/span><span data-contrast=\"auto\"> semestre<\/span><span data-contrast=\"auto\">; \u00e9l<\/span> <span data-contrast=\"auto\">es arquitecto de profesi\u00f3n, pero <\/span><span data-contrast=\"auto\">tuvo inter\u00e9s en aprender <\/span><span data-contrast=\"auto\">temas que imparte ese posgrado.<\/span><span data-ccp-props=\"{&quot;201341983&quot;:0,&quot;335559731&quot;:708,&quot;335559739&quot;:200,&quot;335559740&quot;:240}\">\u00a0<\/span><\/p>\n<p><span data-contrast=\"auto\">La <\/span><span data-contrast=\"auto\">Ma<\/span><span data-contrast=\"auto\">estr\u00eda en Ciencias del Ambiente recibi<\/span><span data-contrast=\"auto\">\u00f3 <\/span><span data-contrast=\"auto\">a<\/span><span data-contrast=\"auto\"> Carmen <\/span><span data-contrast=\"auto\">Dianeys<\/span><span data-contrast=\"auto\"> y Mercedes <\/span><span data-contrast=\"auto\">D\u00edaz<\/span><span data-contrast=\"auto\">,<\/span><span data-contrast=\"auto\"> provenientes de Cuba<\/span><span data-contrast=\"auto\">; <\/span><span data-contrast=\"auto\">Francisco <\/span><span data-contrast=\"auto\">Javier <\/span><span data-contrast=\"auto\">Sanabria<\/span><span data-contrast=\"auto\">,<\/span><span data-contrast=\"auto\"> de Paraguay<\/span><span data-contrast=\"auto\">,<\/span> <span data-contrast=\"auto\">est\u00e1 por egresar<\/span> <span data-contrast=\"auto\">del mismo programa. En <\/span><span data-contrast=\"auto\">la Maestr\u00eda en Manejo de Ecosistemas Marinos y Costeros, Melisa Coronel logr\u00f3 su ingreso desde Argentina<\/span><span data-contrast=\"auto\">.<\/span><span data-ccp-props=\"{&quot;201341983&quot;:0,&quot;335559731&quot;:708,&quot;335559739&quot;:200,&quot;335559740&quot;:240}\">\u00a0<\/span><\/p>\n<p><span data-contrast=\"auto\">Garazi Reyes de la Puente, e<\/span><span data-contrast=\"none\">spa\u00f1ola <\/span><span data-contrast=\"none\">curs\u00f3<\/span><span data-contrast=\"none\"> un periodo de movilidad estudiantil en la Licenciatura en Biolog\u00eda Marina en 2017, <\/span><span data-contrast=\"none\">concluy\u00f3<\/span><span data-contrast=\"none\"> sus estudios en aquel pa\u00eds <\/span><span data-contrast=\"none\">y <\/span><span data-contrast=\"none\">regres\u00f3 a M\u00e9xico a iniciar <\/span><span data-contrast=\"auto\">la Maestr\u00eda en Manejo de Ecosistemas Marinos y Costeros<\/span><span data-contrast=\"auto\">.<\/span><span data-contrast=\"auto\"> Rosa <\/span><span data-contrast=\"auto\">Castilleto<\/span><span data-contrast=\"auto\">, de Panam\u00e1<\/span><span data-contrast=\"auto\">, tambi\u00e9n cursa este posgrado, ya en <\/span><span data-contrast=\"auto\">su segundo a\u00f1o de estudios<\/span><span data-contrast=\"auto\">.<\/span><span data-ccp-props=\"{&quot;201341983&quot;:0,&quot;335559731&quot;:708,&quot;335559739&quot;:200,&quot;335559740&quot;:240}\">\u00a0<\/span><\/p>\n<p><span data-contrast=\"auto\">Cabe mencionar que cada periodo, estudiantes de la FCBA tambi\u00e9n realizan alguna movilidad nacional e internacional en pa\u00edses como Australia, Irlanda, Nueva Zelanda, Estados Unidos, Colombia, Costa Rica, Argentina, Brasil, Costa Rica, etc\u00e9tera.<\/span><span data-ccp-props=\"{&quot;201341983&quot;:0,&quot;335559731&quot;:708,&quot;335559739&quot;:200,&quot;335559740&quot;:240}\">\u00a0<\/span><\/p>\n<p><span data-contrast=\"auto\">Es importante <\/span><span data-contrast=\"auto\">destacar <\/span><span data-contrast=\"auto\">que la oferta educativa de licenciatura<\/span> <span data-contrast=\"auto\">de la FCBA (Agronegocios Internacionales, Ingenier\u00eda en Agronom\u00eda, Biolog\u00eda, Biolog\u00eda Marina y Medicina Veterinaria y Zootecnia)<\/span><span data-contrast=\"auto\">, as\u00ed como la de<\/span><span data-contrast=\"auto\"> posgrado (Especializaci\u00f3n en Gesti\u00f3n e Impacto Ambiental, Maestr\u00eda en Ciencias del Ambiente, Maestr\u00eda en Manejo de Ecosistemas Marinos y Costeros y Doctorado en Ciencias Marinas y Costeras)<\/span><span data-contrast=\"auto\">, <\/span><span data-contrast=\"auto\">cuenta con el 100 por ciento acreditada por su calidad<\/span><span data-ccp-props=\"{&quot;201341983&quot;:0,&quot;335559731&quot;:708,&quot;335559739&quot;:200,&quot;335559740&quot;:240}\">\u00a0<\/span><\/p>\n<p><span data-contrast=\"auto\">Adem\u00e1s<\/span><span data-contrast=\"auto\">,<\/span><span data-contrast=\"auto\"> sus <\/span><span data-contrast=\"auto\">cuatro<\/span><span data-contrast=\"auto\"> posgrado<\/span><span data-contrast=\"auto\">s<\/span> <span data-contrast=\"auto\">est\u00e1n <\/span><span data-contrast=\"auto\">dentro del <\/span><span data-contrast=\"auto\">Programa Nacional de Posgrados de Calidad (<\/span><span data-contrast=\"auto\">PNPC<\/span><span data-contrast=\"auto\">) del Consejo Nacional de Ciencia y Tecnolog\u00eda (<\/span><i><span data-contrast=\"auto\">Conacyt<\/span><\/i><span data-contrast=\"auto\">)<\/span><span data-contrast=\"auto\">, <\/span><span data-contrast=\"auto\">gracias al trabajo colaborativo de estudiantes, docentes, personal <\/span><span data-contrast=\"auto\">administrativo<\/span><span data-contrast=\"auto\"> y de confianza,<\/span><span data-contrast=\"auto\"> y <\/span><span data-contrast=\"auto\">autoridades<\/span> <span data-contrast=\"auto\">de la Facultad y <\/span><span data-contrast=\"auto\">la <\/span><span data-contrast=\"auto\">Vice<\/span><span data-contrast=\"auto\">r<\/span><span data-contrast=\"auto\">rector\u00ed<\/span><span data-contrast=\"auto\">a<\/span><span data-contrast=\"auto\">.<\/span><span data-ccp-props=\"{&quot;201341983&quot;:0,&quot;335559731&quot;:708,&quot;335559739&quot;:200,&quot;335559740&quot;:240}\">\u00a0<\/span><\/p>\n","protected":false},"excerpt":{"rendered":"<p>Un total de 12 universitarios, provenientes de ocho pa\u00edses, acuden a la Facultad de Ciencias Biol\u00f3gicas y Agropecuarias de la regi\u00f3n Poza Rica-Tuxpan <\/p>\n","protected":false},"author":1508,"featured_media":72358,"comment_status":"closed","ping_status":"closed","sticky":false,"template":"","format":"standard","meta":[],"categories":[54,61],"tags":[],"_links":{"self":[{"href":"https:\/\/www.uv.mx\/prensa\/wp-json\/wp\/v2\/posts\/72357"}],"collection":[{"href":"https:\/\/www.uv.mx\/prensa\/wp-json\/wp\/v2\/posts"}],"about":[{"href":"https:\/\/www.uv.mx\/prensa\/wp-json\/wp\/v2\/types\/post"}],"author":[{"embeddable":true,"href":"https:\/\/www.uv.mx\/prensa\/wp-json\/wp\/v2\/users\/1508"}],"replies":[{"embeddable":true,"href":"https:\/\/www.uv.mx\/prensa\/wp-json\/wp\/v2\/comments?post=72357"}],"version-history":[{"count":0,"href":"https:\/\/www.uv.mx\/prensa\/wp-json\/wp\/v2\/posts\/72357\/revisions"}],"wp:featuredmedia":[{"embeddable":true,"href":"https:\/\/www.uv.mx\/prensa\/wp-json\/wp\/v2\/media\/72358"}],"wp:attachment":[{"href":"https:\/\/www.uv.mx\/prensa\/wp-json\/wp\/v2\/media?parent=72357"}],"wp:term":[{"taxonomy":"category","embeddable":true,"href":"https:\/\/www.uv.mx\/prensa\/wp-json\/wp\/v2\/categories?post=72357"},{"taxonomy":"post_tag","embeddable":true,"href":"https:\/\/www.uv.mx\/prensa\/wp-json\/wp\/v2\/tags?post=72357"}],"curies":[{"name":"wp","href":"https:\/\/api.w.org\/{rel}","templated":true}]}}