{"id":72362,"date":"2019-08-23T17:36:25","date_gmt":"2019-08-23T22:36:25","guid":{"rendered":"https:\/\/www.uv.mx\/prensa\/?p=72362"},"modified":"2019-08-23T17:36:25","modified_gmt":"2019-08-23T22:36:25","slug":"cosustenta-realizo-segundo-acopio-de-papel-de-este-ano","status":"publish","type":"post","link":"https:\/\/www.uv.mx\/prensa\/general\/cosustenta-realizo-segundo-acopio-de-papel-de-este-ano\/","title":{"rendered":"<em>CoSustenta<\/em> realiz\u00f3 segundo acopio de papel de este a\u00f1o"},"content":{"rendered":"<ul>\n<li data-leveltext=\"\uf0b7\" data-font=\"Symbol\" data-listid=\"5\" data-aria-posinset=\"1\" data-aria-level=\"1\"><i><span data-contrast=\"auto\">La comunidad universitaria y p\u00fablico en general llev\u00f3 papel, libros y revistas<\/span><\/i><span data-ccp-props=\"{}\">\u00a0<\/span><\/li>\n<\/ul>\n<p>&nbsp;<\/p>\n<div id=\"attachment_72227\" style=\"width: 732px\" class=\"wp-caption aligncenter\"><a href=\"https:\/\/www.uv.mx\/prensa\/files\/2019\/08\/220819-Acopio-Papel-3.jpg\"><img aria-describedby=\"caption-attachment-72227\" decoding=\"async\" loading=\"lazy\" class=\"size-full wp-image-72227\" src=\"https:\/\/www.uv.mx\/prensa\/files\/2019\/08\/220819-Acopio-Papel-3.jpg\" alt=\"\" width=\"722\" height=\"481\" srcset=\"https:\/\/www.uv.mx\/prensa\/files\/2019\/08\/220819-Acopio-Papel-3.jpg 722w, https:\/\/www.uv.mx\/prensa\/files\/2019\/08\/220819-Acopio-Papel-3-300x200.jpg 300w\" sizes=\"(max-width: 722px) 100vw, 722px\" \/><\/a><p id=\"caption-attachment-72227\" class=\"wp-caption-text\">Equipo de <em>CoSustenta<\/em><\/p><\/div>\n<p>&nbsp;<\/p>\n<p><b><i><span data-contrast=\"auto\">Carlos Hugo Hermida Rosales<\/span><\/i><\/b><span data-ccp-props=\"{}\">\u00a0<\/span><\/p>\n<p><b><i><span data-contrast=\"auto\">23<\/span><\/i><\/b><b><i><span data-contrast=\"auto\">\/08\/<\/span><\/i><\/b><b><i><span data-contrast=\"auto\">2019<\/span><\/i><\/b><b><i><span data-contrast=\"auto\">,<\/span><\/i><\/b> <b><i><span data-contrast=\"auto\">Xalapa, Ver.<\/span><\/i><\/b> <span data-contrast=\"auto\">La Universidad Veracruzana (UV), a trav\u00e9s de <\/span><span data-contrast=\"auto\">la<\/span> <span data-contrast=\"auto\">Coordinaci\u00f3n Univer<\/span><span data-contrast=\"auto\">sitaria para la Sustentabilidad <\/span><span data-contrast=\"auto\">(<\/span><i><span data-contrast=\"auto\">CoSustenta<\/span><\/i><span data-contrast=\"auto\">)<\/span><span data-contrast=\"auto\">,<\/span><span data-contrast=\"auto\"> llev\u00f3 a cabo su segundo acopio universitario de papel de 2019, los d\u00edas 22 y 23 de agosto en <\/span><span data-contrast=\"auto\">el Gimnasio Universitario \u201cMiguel \u00c1ngel R\u00edos\u201d.<\/span><span data-contrast=\"auto\">\u00a0<\/span><span data-ccp-props=\"{}\">\u00a0<\/span><\/p>\n<p><span data-contrast=\"auto\">Erika <\/span><span data-contrast=\"auto\">Yaquel\u00ed<\/span><span data-contrast=\"auto\">n<\/span><span data-contrast=\"auto\"> Cruz Aburto<\/span><span data-contrast=\"auto\">, <\/span><span data-contrast=\"auto\">e<\/span><span data-contrast=\"auto\">ncargada de Proyectos y Seguimiento de Log\u00edstica<\/span><span data-contrast=\"auto\"> de <\/span><i><span data-contrast=\"auto\">CoSustenta<\/span><\/i><span data-contrast=\"auto\">,<\/span> <span data-contrast=\"auto\">mencion\u00f3 que en este<\/span><span data-contrast=\"auto\"> par de d\u00edas recibieron archivo muerto, papel blanco, cart\u00f3n, peri\u00f3dico y revistas, material que ser\u00e1 reciclado y los recursos obtenidos financiar<\/span><span data-contrast=\"auto\">\u00e1<\/span><span data-contrast=\"auto\">n acciones de sustentabilidad para toda la comunidad universitaria.\u00a0<\/span><span data-ccp-props=\"{&quot;335559731&quot;:708}\">\u00a0<\/span><\/p>\n<p><span data-contrast=\"auto\">Coment\u00f3 que este evento<\/span><span data-contrast=\"auto\">,<\/span><span data-contrast=\"auto\"> que se <\/span><span data-contrast=\"auto\">realiza <\/span><span data-contrast=\"auto\">una vez por <\/span><span data-contrast=\"auto\">semestre<\/span><span data-contrast=\"auto\">,<\/span><span data-contrast=\"auto\"> tuvo gran participaci\u00f3n tanto de la comunidad universitaria como del p\u00fablico en general.\u00a0\u00a0<\/span><span data-ccp-props=\"{&quot;335559731&quot;:708}\">\u00a0<\/span><\/p>\n<p><span data-contrast=\"auto\">Comparti\u00f3 que durante el primer acopio del a\u00f1o \u2013realizado los d\u00edas 28 de febrero y 1 de marzo\u2013 se colectaron 482 kilogramos de papel blanco, 117 de revistas, 60 de cart\u00f3n, 88 de libros y cinco de peri\u00f3dico, lo que dio un total de 725 kilogramos de residuos, por lo que en esta edici\u00f3n se espera recaudar una cantidad similar.\u00a0<\/span><span data-ccp-props=\"{&quot;335559731&quot;:708}\">\u00a0<\/span><\/p>\n<p><span data-contrast=\"auto\">Noem\u00ed de la Cruz, colaboradora de la <\/span><i><span data-contrast=\"auto\">CoSustenta<\/span><\/i><span data-contrast=\"auto\">, destac\u00f3 que uno de los principales objetivos del acopio es <\/span><span data-contrast=\"auto\">hacer conciencia sobre la cantidad de papel que cada persona consume al a\u00f1o desde s<\/span><span data-contrast=\"auto\">u hogar.<\/span><span data-contrast=\"auto\">\u00a0<\/span><span data-ccp-props=\"{&quot;335559731&quot;:708}\">\u00a0<\/span><\/p>\n<p><span data-contrast=\"auto\">Relat\u00f3 que en el caso de las revistas y libros acopiados, <\/span><span data-contrast=\"auto\">\u00e9<\/span><span data-contrast=\"auto\">stos fueron ofrecidos al p\u00fablico <\/span><span data-contrast=\"auto\">para que lo<\/span><span data-contrast=\"auto\">s tomara de manera gratuita, con el objetivo de darles un segundo uso.<\/span><span data-contrast=\"auto\">\u00a0<\/span><span data-ccp-props=\"{&quot;335559731&quot;:708}\">\u00a0<\/span><\/p>\n<p><span data-contrast=\"auto\">La fecha para el pr\u00f3ximo acopio de papel de la <\/span><i><span data-contrast=\"auto\">CoSustenta<\/span><\/i><span data-contrast=\"auto\"> ser\u00e1 publicada en las p\u00e1ginas <\/span><i><span data-contrast=\"auto\">web<\/span><\/i> <a href=\"https:\/\/www.uv.mx\/cosustenta\/\"><span data-contrast=\"none\">www.uv.m<\/span><span data-contrast=\"none\">x<\/span><span data-contrast=\"none\">\/cosustenta\/<\/span><\/a><span data-contrast=\"auto\">\u202fy <\/span><span data-contrast=\"auto\">en <\/span><i><span data-contrast=\"auto\">Facebook<\/span><\/i><span data-contrast=\"auto\">:<\/span><span data-ccp-props=\"{&quot;335559731&quot;:708}\">\u00a0 <\/span><a href=\"http:\/\/www.facebook.com\/sustentabilidaduv\/\"><span data-contrast=\"none\">www.facebook.com\/sustentabilidaduv\/<\/span><\/a><span data-contrast=\"auto\">.<\/span><span data-ccp-props=\"{}\">\u00a0<\/span><\/p>\n<p>&nbsp;<\/p>\n<div id=\"attachment_72226\" style=\"width: 732px\" class=\"wp-caption aligncenter\"><a href=\"https:\/\/www.uv.mx\/prensa\/files\/2019\/08\/220819-Acopio-Papel-2.jpg\"><img aria-describedby=\"caption-attachment-72226\" decoding=\"async\" loading=\"lazy\" class=\"size-full wp-image-72226\" src=\"https:\/\/www.uv.mx\/prensa\/files\/2019\/08\/220819-Acopio-Papel-2.jpg\" alt=\"\" width=\"722\" height=\"481\" srcset=\"https:\/\/www.uv.mx\/prensa\/files\/2019\/08\/220819-Acopio-Papel-2.jpg 722w, https:\/\/www.uv.mx\/prensa\/files\/2019\/08\/220819-Acopio-Papel-2-300x200.jpg 300w\" sizes=\"(max-width: 722px) 100vw, 722px\" \/><\/a><p id=\"caption-attachment-72226\" class=\"wp-caption-text\">Libros y revistas fueron ofrecidos al p\u00fablico<\/p><\/div>\n","protected":false},"excerpt":{"rendered":"<p>Uno de los objetivos es crear conciencia sobre la cantidad de papel que cada persona consume al a\u00f1o<\/p>\n","protected":false},"author":1508,"featured_media":72227,"comment_status":"closed","ping_status":"closed","sticky":false,"template":"","format":"standard","meta":[],"categories":[1],"tags":[],"_links":{"self":[{"href":"https:\/\/www.uv.mx\/prensa\/wp-json\/wp\/v2\/posts\/72362"}],"collection":[{"href":"https:\/\/www.uv.mx\/prensa\/wp-json\/wp\/v2\/posts"}],"about":[{"href":"https:\/\/www.uv.mx\/prensa\/wp-json\/wp\/v2\/types\/post"}],"author":[{"embeddable":true,"href":"https:\/\/www.uv.mx\/prensa\/wp-json\/wp\/v2\/users\/1508"}],"replies":[{"embeddable":true,"href":"https:\/\/www.uv.mx\/prensa\/wp-json\/wp\/v2\/comments?post=72362"}],"version-history":[{"count":0,"href":"https:\/\/www.uv.mx\/prensa\/wp-json\/wp\/v2\/posts\/72362\/revisions"}],"wp:featuredmedia":[{"embeddable":true,"href":"https:\/\/www.uv.mx\/prensa\/wp-json\/wp\/v2\/media\/72227"}],"wp:attachment":[{"href":"https:\/\/www.uv.mx\/prensa\/wp-json\/wp\/v2\/media?parent=72362"}],"wp:term":[{"taxonomy":"category","embeddable":true,"href":"https:\/\/www.uv.mx\/prensa\/wp-json\/wp\/v2\/categories?post=72362"},{"taxonomy":"post_tag","embeddable":true,"href":"https:\/\/www.uv.mx\/prensa\/wp-json\/wp\/v2\/tags?post=72362"}],"curies":[{"name":"wp","href":"https:\/\/api.w.org\/{rel}","templated":true}]}}