{"id":72405,"date":"2019-08-26T15:52:53","date_gmt":"2019-08-26T20:52:53","guid":{"rendered":"https:\/\/www.uv.mx\/prensa\/?p=72405"},"modified":"2019-08-26T15:52:53","modified_gmt":"2019-08-26T20:52:53","slug":"osx-celebro-su-90-aniversario","status":"publish","type":"post","link":"https:\/\/www.uv.mx\/prensa\/cultura\/osx-celebro-su-90-aniversario\/","title":{"rendered":"OSX celebr\u00f3 su 90 aniversario"},"content":{"rendered":"<ul>\n<li data-leveltext=\"\uf0b7\" data-font=\"Symbol\" data-listid=\"1\" data-aria-posinset=\"1\" data-aria-level=\"1\"><i><span data-contrast=\"auto\">El 23 de agosto tuvo lugar el concierto <\/span><\/i><i><span data-contrast=\"auto\">conmemorativo en <\/span><\/i><i><span data-contrast=\"auto\">Tlaqn\u00e1<\/span><\/i><i><span data-contrast=\"auto\">, Centro Cultural<\/span><\/i><span data-ccp-props=\"{&quot;134233279&quot;:true}\">\u00a0<\/span><\/li>\n<li data-leveltext=\"\uf0b7\" data-font=\"Symbol\" data-listid=\"1\" data-aria-posinset=\"2\" data-aria-level=\"1\"><i><span data-contrast=\"auto\">Asistieron el gobernador <\/span><\/i><i><span data-contrast=\"auto\">de Veracruz, <\/span><\/i><i><span data-contrast=\"auto\">Cuitl\u00e1huac Garc\u00eda; el <\/span><\/i><i><span data-contrast=\"auto\">alcalde <\/span><\/i><i><span data-contrast=\"auto\">de Xalapa, Hip\u00f3lito Rodr\u00edguez, y el titular de la DGDC, <\/span><\/i><i><span data-contrast=\"auto\">Rafael Alcal\u00e1<\/span><\/i><span data-ccp-props=\"{&quot;134233279&quot;:true}\">\u00a0<\/span><\/li>\n<\/ul>\n<p>&nbsp;<\/p>\n<div id=\"attachment_72408\" style=\"width: 732px\" class=\"wp-caption aligncenter\"><a href=\"https:\/\/www.uv.mx\/prensa\/files\/2019\/08\/260819-Concierto-OSX-1.jpg\"><img aria-describedby=\"caption-attachment-72408\" decoding=\"async\" loading=\"lazy\" class=\"size-full wp-image-72408\" src=\"https:\/\/www.uv.mx\/prensa\/files\/2019\/08\/260819-Concierto-OSX-1.jpg\" alt=\"\" width=\"722\" height=\"480\" srcset=\"https:\/\/www.uv.mx\/prensa\/files\/2019\/08\/260819-Concierto-OSX-1.jpg 722w, https:\/\/www.uv.mx\/prensa\/files\/2019\/08\/260819-Concierto-OSX-1-300x199.jpg 300w\" sizes=\"(max-width: 722px) 100vw, 722px\" \/><\/a><p id=\"caption-attachment-72408\" class=\"wp-caption-text\">Los gobiernos estatal y municipal entregaron reconocimientos a la OSX por su trayectoria y aportaci\u00f3n cultural<\/p><\/div>\n<p><span data-ccp-props=\"{}\">\u00a0<\/span><\/p>\n<p><b><i><span data-contrast=\"auto\">Paola Cort\u00e9s P\u00e9rez<\/span><\/i><\/b><span data-ccp-props=\"{}\">\u00a0<\/span><\/p>\n<p><b><i><span data-contrast=\"auto\">26\/08\/2019, Xalapa, <\/span><\/i><\/b><b><i><span data-contrast=\"auto\">Ver.-<\/span><\/i><\/b><span data-contrast=\"auto\"> Con un emotivo y apasionado concierto en la Sala <\/span><span data-contrast=\"auto\">Tlaqn\u00e1<\/span><span data-contrast=\"auto\">, Centro Cultural, la Orquesta Sinf\u00f3nica de Xalapa (OSX) de la <\/span><span data-contrast=\"auto\">Universidad<\/span> <span data-contrast=\"auto\">Veracruzana<\/span><span data-contrast=\"auto\"> (UV)<\/span><span data-contrast=\"auto\"> celebr\u00f3 su 90 aniversario<\/span><span data-contrast=\"auto\">, la noche del viernes 23 de agosto.<\/span><span data-ccp-props=\"{}\">\u00a0<\/span><\/p>\n<p><span data-contrast=\"auto\">El Gobierno del Estado de Veracruz y el Ayuntamiento de Xalapa entregaron<\/span> <span data-contrast=\"auto\">sendos <\/span><span data-contrast=\"auto\">reconocimientos<\/span> <span data-contrast=\"auto\">a la o<\/span><span data-contrast=\"auto\">rquesta, <\/span><span data-contrast=\"auto\">por su destacada trayectoria\u00a0 y aportaci\u00f3n al desarrollo cultural en la entidad a lo largo de estas nueve d\u00e9cadas.<\/span><span data-ccp-props=\"{&quot;335559731&quot;:567}\">\u00a0<\/span><\/p>\n<p><span data-contrast=\"auto\">Al concierto asistieron el gobernador del estado, Cuitl\u00e1huac Garc\u00eda Jim\u00e9nez; el presidente municipal de Xalapa, <\/span><span data-contrast=\"auto\">Hip\u00f3lito Rodr\u00edguez Herrero, y el director general de <\/span><span data-contrast=\"auto\">Difusi\u00f3n<\/span><span data-contrast=\"auto\"> Cultural de la UV, Rafa<\/span><span data-contrast=\"auto\">el Alcal\u00e1 Hinojosa.<\/span><span data-ccp-props=\"{&quot;335559731&quot;:567}\">\u00a0<\/span><\/p>\n<p><span data-contrast=\"auto\">La noche del 21 de agosto de 1929, la OSX ofreci\u00f3 su primer concierto en el Teatro Lerdo de Tejada, en la que se interpretaron <\/span><i><span data-contrast=\"auto\">Sinfon\u00eda inconclusa<\/span><\/i><span data-contrast=\"auto\">, de Franz Schubert; <\/span><i><span data-contrast=\"auto\">Fantas\u00eda H\u00fangara<\/span><\/i><span data-contrast=\"auto\">, para piano y orquesta de Franz Liszt, y la <\/span><i><span data-contrast=\"auto\">Primera sinfon\u00eda<\/span><\/i><span data-contrast=\"auto\">, de <\/span><span data-contrast=\"auto\">Ludwing<\/span><span data-contrast=\"auto\"> van Beethoven.<\/span><span data-contrast=\"auto\"> Posteriormente, e<\/span><span data-contrast=\"auto\">n 1975, la orquesta se integr\u00f3 a la UV<\/span><span data-contrast=\"auto\">.<\/span><span data-ccp-props=\"{&quot;335559731&quot;:567}\">\u00a0<\/span><\/p>\n<p><span data-contrast=\"auto\">Desde sus inicios han sido 11 los directores titulares que han llevado la batuta: Juan <\/span><span data-contrast=\"auto\">Lom\u00e1n<\/span><span data-contrast=\"auto\"> y Bueno, Jos\u00e9 Ives Limantour, Luis Xim\u00e9nez Caballero, Francisco <\/span><span data-contrast=\"auto\">Sav\u00edn<\/span><span data-contrast=\"auto\">, Fernando \u00c1vila Navarro, Luis Herrera de la Fuente, Enrique <\/span><span data-contrast=\"auto\">Diemeck<\/span><span data-contrast=\"auto\">, Jos\u00e9 Guadalupe Flores, Carlos Miguel Prieto, Fernando Lozano Rodr\u00edguez y Lanfranco <\/span><span data-contrast=\"auto\">Marcelletti<\/span><span data-contrast=\"auto\">.<\/span><span data-ccp-props=\"{&quot;335559731&quot;:567}\">\u00a0<\/span><\/p>\n<p><span data-contrast=\"auto\">Para festejar <\/span><span data-contrast=\"auto\">sus primeros 90 a\u00f1os de vida, la OSX <\/span><span data-contrast=\"auto\">interpret\u00f3<\/span><span data-contrast=\"auto\"> un <\/span><span data-contrast=\"auto\">hermoso programa musical<\/span> <span data-contrast=\"auto\">conformado por piezas de <\/span><span data-contrast=\"auto\">Richard Strauss y <\/span><span data-contrast=\"auto\">Toru<\/span> <span data-contrast=\"auto\">Takemitsu<\/span><span data-contrast=\"auto\">, ante una <\/span><span data-contrast=\"auto\">Sala <\/span><span data-contrast=\"auto\">Tlaqn\u00e1<\/span><span data-contrast=\"auto\"> que retumb\u00f3<\/span><span data-contrast=\"auto\"> ante los aplausos y ovaciones de los asistentes.<\/span><span data-ccp-props=\"{&quot;335559731&quot;:567}\">\u00a0<\/span><\/p>\n<p><span data-contrast=\"auto\">En est<\/span><span data-contrast=\"auto\">a<\/span><span data-contrast=\"auto\"> importante noche la orquesta estuvo acompa\u00f1ada del Ensamble <\/span><span data-contrast=\"auto\">Tambuco<\/span><span data-contrast=\"auto\">, Percusiones, <\/span><span data-contrast=\"auto\">espec\u00edficamente al <\/span><span data-contrast=\"auto\">interpretar <\/span><i><span data-contrast=\"auto\">From<\/span><\/i><i><span data-contrast=\"auto\"> me <\/span><\/i><i><span data-contrast=\"auto\">flo<\/span><\/i><i><span data-contrast=\"auto\">ws<\/span><\/i> <i><span data-contrast=\"auto\">what<\/span><\/i> <i><span data-contrast=\"auto\">you<\/span><\/i> <i><span data-contrast=\"auto\">ca<\/span><\/i><i><span data-contrast=\"auto\">l<\/span><\/i><i><span data-contrast=\"auto\">l<\/span><\/i><i><span data-contrast=\"auto\"> time<\/span><\/i><span data-contrast=\"auto\"> (<\/span><i><span data-contrast=\"auto\">Desde m\u00ed<\/span><\/i><i><span data-contrast=\"auto\"> fluye lo que llama<\/span><\/i><i><span data-contrast=\"auto\">s<\/span><\/i><i><span data-contrast=\"auto\"> tiempo<\/span><\/i><span data-contrast=\"auto\">), de <\/span><span data-contrast=\"auto\">Toru<\/span> <span data-contrast=\"auto\">Takemitsu<\/span><span data-contrast=\"auto\">, la cual proviene de un poema del japon\u00e9s <\/span><span data-contrast=\"auto\">Makoto<\/span> <span data-contrast=\"auto\">\u00d5oka<\/span> <span data-contrast=\"auto\">y se inspira en la idea tibetana<\/span><span data-contrast=\"auto\"> del <\/span><span data-contrast=\"auto\">\u201ccaballo de viento\u201d (alegor\u00eda del alma humana).<\/span><span data-ccp-props=\"{&quot;335559731&quot;:567}\">\u00a0<\/span><\/p>\n<p><span data-contrast=\"auto\">Del compositor <\/span><span data-contrast=\"auto\">alem\u00e1n Richard Strauss<\/span><span data-contrast=\"auto\"> fueron elegidas <\/span><i><span data-contrast=\"auto\">Fanfarria para la Filarm\u00f3nica de Viena<\/span><\/i><span data-contrast=\"auto\"> y <\/span><i><span data-contrast=\"auto\">Sinfon\u00eda a<\/span><\/i><i><span data-contrast=\"auto\">lpina<\/span><\/i><span data-contrast=\"auto\"> para deleitar a los asistentes de esa noche.<\/span><span data-ccp-props=\"{&quot;335559731&quot;:567}\">\u00a0<\/span><\/p>\n<p>&nbsp;<\/p>\n<div id=\"attachment_72407\" style=\"width: 732px\" class=\"wp-caption aligncenter\"><a href=\"https:\/\/www.uv.mx\/prensa\/files\/2019\/08\/260819-Concierto-OSX-2.jpg\"><img aria-describedby=\"caption-attachment-72407\" decoding=\"async\" loading=\"lazy\" class=\"size-full wp-image-72407\" src=\"https:\/\/www.uv.mx\/prensa\/files\/2019\/08\/260819-Concierto-OSX-2.jpg\" alt=\"\" width=\"722\" height=\"480\" srcset=\"https:\/\/www.uv.mx\/prensa\/files\/2019\/08\/260819-Concierto-OSX-2.jpg 722w, https:\/\/www.uv.mx\/prensa\/files\/2019\/08\/260819-Concierto-OSX-2-300x199.jpg 300w\" sizes=\"(max-width: 722px) 100vw, 722px\" \/><\/a><p id=\"caption-attachment-72407\" class=\"wp-caption-text\">La OSX festej\u00f3 su 90 aniversario<\/p><\/div>\n","protected":false},"excerpt":{"rendered":"<p>El Gobierno del Estado de Veracruz y el Ayuntamiento de Xalapa reconocieron la destacada trayectoria del organismo sinf\u00f3nico y su aportaci\u00f3n al desarrollo cultural de la entidad<\/p>\n","protected":false},"author":1508,"featured_media":72406,"comment_status":"closed","ping_status":"closed","sticky":false,"template":"","format":"standard","meta":[],"categories":[11,61],"tags":[],"_links":{"self":[{"href":"https:\/\/www.uv.mx\/prensa\/wp-json\/wp\/v2\/posts\/72405"}],"collection":[{"href":"https:\/\/www.uv.mx\/prensa\/wp-json\/wp\/v2\/posts"}],"about":[{"href":"https:\/\/www.uv.mx\/prensa\/wp-json\/wp\/v2\/types\/post"}],"author":[{"embeddable":true,"href":"https:\/\/www.uv.mx\/prensa\/wp-json\/wp\/v2\/users\/1508"}],"replies":[{"embeddable":true,"href":"https:\/\/www.uv.mx\/prensa\/wp-json\/wp\/v2\/comments?post=72405"}],"version-history":[{"count":0,"href":"https:\/\/www.uv.mx\/prensa\/wp-json\/wp\/v2\/posts\/72405\/revisions"}],"wp:featuredmedia":[{"embeddable":true,"href":"https:\/\/www.uv.mx\/prensa\/wp-json\/wp\/v2\/media\/72406"}],"wp:attachment":[{"href":"https:\/\/www.uv.mx\/prensa\/wp-json\/wp\/v2\/media?parent=72405"}],"wp:term":[{"taxonomy":"category","embeddable":true,"href":"https:\/\/www.uv.mx\/prensa\/wp-json\/wp\/v2\/categories?post=72405"},{"taxonomy":"post_tag","embeddable":true,"href":"https:\/\/www.uv.mx\/prensa\/wp-json\/wp\/v2\/tags?post=72405"}],"curies":[{"name":"wp","href":"https:\/\/api.w.org\/{rel}","templated":true}]}}