{"id":72458,"date":"2019-08-27T08:00:17","date_gmt":"2019-08-27T13:00:17","guid":{"rendered":"https:\/\/www.uv.mx\/prensa\/?p=72458"},"modified":"2019-08-26T21:07:53","modified_gmt":"2019-08-27T02:07:53","slug":"uv-y-uanl-convocan-al-premio-nacional-de-dramaturgia-emilio-carballido","status":"publish","type":"post","link":"https:\/\/www.uv.mx\/prensa\/cultura\/uv-y-uanl-convocan-al-premio-nacional-de-dramaturgia-emilio-carballido\/","title":{"rendered":"UV y UANL convocan al Premio Nacional   de Dramaturgia \u201cEmilio Carballido\u201d"},"content":{"rendered":"<ul>\n<li data-leveltext=\"\uf0b7\" data-font=\"Symbol\" data-listid=\"7\" data-aria-posinset=\"1\" data-aria-level=\"1\"><i><span data-contrast=\"auto\">La convocatoria <\/span><\/i><i><span data-contrast=\"auto\">cierra<\/span><\/i><i><span data-contrast=\"auto\"> el v<\/span><\/i><i><span data-contrast=\"auto\">iernes 20 de septiembre<\/span><\/i><span data-ccp-props=\"{&quot;134233279&quot;:true,&quot;201341983&quot;:0,&quot;335559739&quot;:200,&quot;335559740&quot;:240}\">\u00a0<\/span><\/li>\n<\/ul>\n<p>&nbsp;<\/p>\n<div id=\"attachment_72374\" style=\"width: 583px\" class=\"wp-caption aligncenter\"><a href=\"https:\/\/www.uv.mx\/prensa\/files\/2019\/08\/230819-Convocatoria-Premio-Dramaturgia-2019.jpg\"><img aria-describedby=\"caption-attachment-72374\" decoding=\"async\" loading=\"lazy\" class=\"size-full wp-image-72374\" src=\"https:\/\/www.uv.mx\/prensa\/files\/2019\/08\/230819-Convocatoria-Premio-Dramaturgia-2019.jpg\" alt=\"\" width=\"573\" height=\"722\" srcset=\"https:\/\/www.uv.mx\/prensa\/files\/2019\/08\/230819-Convocatoria-Premio-Dramaturgia-2019.jpg 573w, https:\/\/www.uv.mx\/prensa\/files\/2019\/08\/230819-Convocatoria-Premio-Dramaturgia-2019-238x300.jpg 238w\" sizes=\"(max-width: 573px) 100vw, 573px\" \/><\/a><p id=\"caption-attachment-72374\" class=\"wp-caption-text\">Cartel del Premio Nacional de Dramaturgia \u201cEmilio Carballido\u201d<\/p><\/div>\n<p>&nbsp;<\/p>\n<p><b><i><span data-contrast=\"auto\">27\/08\/2019, Xalapa, Ver.- <\/span><\/i><\/b><span data-contrast=\"auto\">Con la finalidad de fomentar la participaci\u00f3n y revalorar el quehacer literario, propiciando con esto nuevas tendencias teatrales e innovaciones en la producci\u00f3n del g\u00e9nero de la dramaturgia, la Universidad Veracruzana<\/span><span data-contrast=\"auto\"> (UV) <\/span><span data-contrast=\"auto\">y la Universidad Aut\u00f3noma de Nuevo Le\u00f3n <\/span><span data-contrast=\"auto\">(UANL) <\/span><span data-contrast=\"auto\">convocan a los escritores mexicanos y extranjeros residentes (con m\u00e1s de cinco a\u00f1os) en el pa\u00eds, a participar en el Premio Nacional de Dramaturgia \u201cEmilio <\/span><span data-contrast=\"auto\">Carballido<\/span><span data-contrast=\"auto\">\u201d.<\/span><span data-ccp-props=\"{&quot;201341983&quot;:0,&quot;335559739&quot;:200,&quot;335559740&quot;:240}\">\u00a0<\/span><\/p>\n<p><span data-contrast=\"auto\">Se<\/span> <span data-contrast=\"auto\">convoca a <\/span><span data-contrast=\"auto\">los escritores mayores de 18 a\u00f1os, nacionales y extranjeros que tengan m\u00e1s de cinco a\u00f1os de residir en el pa\u00eds (comprobables). Los interesados podr\u00e1n enviar una o m\u00e1s obras de teatro de tema y forma libre. Las obras deber\u00e1n ser originales, in\u00e9ditas, no haber sido presentadas, y no estar concursando en cert\u00e1menes similares ni en proceso de publicaci\u00f3n o montaje.<\/span><span data-ccp-props=\"{&quot;201341983&quot;:0,&quot;335559731&quot;:708,&quot;335559739&quot;:200,&quot;335559740&quot;:240}\">\u00a0<\/span><\/p>\n<p><span data-contrast=\"auto\">Las obras pueden ser de autor\u00eda individual o colectiva y la extensi\u00f3n ser\u00e1 de un m\u00e1ximo de 80 cuartillas. No se aceptar\u00e1n textos que sean adaptaciones de otros dramaturgos, novelistas y dem\u00e1s autores de otros g\u00e9neros literarios. Los participantes deber\u00e1n enviar cuatro copias, en tama\u00f1o carta, escrita en <\/span><i><span data-contrast=\"auto\">Word<\/span><\/i><span data-contrast=\"auto\"> a doble espacio. No se devolver\u00e1n los trabajos concursantes.<\/span><span data-ccp-props=\"{&quot;201341983&quot;:0,&quot;335559731&quot;:708,&quot;335559739&quot;:200,&quot;335559740&quot;:240}\">\u00a0<\/span><\/p>\n<p><span data-contrast=\"auto\">Los trabajos se firmar\u00e1n con seud\u00f3nimo y dentro de un sobre cerrado adjunto se establecer\u00e1 la identidad del autor o autores participantes, su domicilio, correo electr\u00f3nico, tel\u00e9fonos y una breve c\u00e9dula curricular.<\/span><span data-ccp-props=\"{&quot;201341983&quot;:0,&quot;335559731&quot;:708,&quot;335559739&quot;:200,&quot;335559740&quot;:240}\">\u00a0<\/span><\/p>\n<p><span data-contrast=\"auto\">La convocatoria cerrar\u00e1 el viernes 20 de septiembre. En caso de los trabajos enviados por correo se tomar\u00e1 en cuenta la fecha del matasellos postal. S\u00f3lo se aceptar\u00e1n aquellos textos que lleguen hasta cinco d\u00edas h\u00e1biles despu\u00e9s del cierre.<\/span><span data-ccp-props=\"{&quot;201341983&quot;:0,&quot;335559731&quot;:708,&quot;335559739&quot;:200,&quot;335559740&quot;:240}\">\u00a0<\/span><\/p>\n<p><span data-contrast=\"auto\">El jurado estar\u00e1 integrado por especialistas de reconocida trayectoria y prestigio literario. Su fallo ser\u00e1 inapelable. Los resultados se dar\u00e1n a conocer en diciembre en rueda de prensa. La obra ganadora ser\u00e1 publicada <\/span><span data-contrast=\"auto\">en una coedici\u00f3n entre la UV y <\/span><span data-contrast=\"auto\">UANL.<\/span><span data-ccp-props=\"{&quot;201341983&quot;:0,&quot;335559731&quot;:708,&quot;335559739&quot;:200,&quot;335559740&quot;:240}\">\u00a0<\/span><\/p>\n<p><span data-contrast=\"auto\">Se otorgar\u00e1 un premio \u00fanico e indivisible de 150 mil pesos. Los gastos por traslado y hospedaje del ganador ser\u00e1n cubiertos por las <\/span><span data-contrast=\"auto\">instituciones convocantes<\/span><span data-contrast=\"auto\">, las cuales <\/span><span data-contrast=\"auto\">se reservan el derecho de montar la obra ganadora durante el transcurso de un a\u00f1o.<\/span><span data-contrast=\"auto\"> El jurado podr\u00e1 declarar desierto el premio del concurso si la calidad de los trabajos no fuera la adecuada.<\/span><span data-ccp-props=\"{&quot;201341983&quot;:0,&quot;335559731&quot;:708,&quot;335559739&quot;:200,&quot;335559740&quot;:240}\">\u00a0<\/span><\/p>\n<p><span data-contrast=\"auto\">Los trabajos enviados en s<\/span><span data-contrast=\"auto\">u sobre deber\u00e1n ser rotulados a <\/span><span data-contrast=\"auto\">Premio Nacional de Dramaturgia \u201cEmilio <\/span><span data-contrast=\"auto\">Carballido<\/span><span data-contrast=\"auto\">\u201d UANL\/ UV 2019, Direcci\u00f3n de Desarrollo Cultural, ubicada en la Biblioteca Univer<\/span><span data-contrast=\"auto\">sitaria \u201cRa\u00fal Rangel Fr\u00edas\u201d, Avenida<\/span><span data-contrast=\"auto\"> Alfonso Reyes <\/span><span data-contrast=\"auto\">n\u00famero <\/span><span data-contrast=\"auto\">4000 N<\/span><span data-contrast=\"auto\">orte,<\/span><span data-contrast=\"auto\"> Col<\/span><span data-contrast=\"auto\">onia<\/span><span data-contrast=\"auto\"> Regina, Monterrey, N.L., C.P. 64290. M<\/span><span data-contrast=\"auto\">\u00e1s informaci\u00f3n en <\/span><span data-contrast=\"auto\">desarrollo.cultural@uanl.mxy<\/span><span data-contrast=\"auto\"> a lo<\/span><span data-contrast=\"auto\">s tel\u00e9fono UANL: (81) 8329 4125 y <\/span><span data-contrast=\"auto\">UV: (228) 818 59 80<\/span><span data-contrast=\"auto\">.<\/span><span data-ccp-props=\"{&quot;201341983&quot;:0,&quot;335559731&quot;:708,&quot;335559739&quot;:200,&quot;335559740&quot;:240}\">\u00a0<\/span><\/p>\n","protected":false},"excerpt":{"rendered":"<p>No se aceptar\u00e1n textos que sean adaptaciones de otros dramaturgos, novelistas y dem\u00e1s autores de otros g\u00e9neros literarios<\/p>\n","protected":false},"author":1508,"featured_media":72374,"comment_status":"closed","ping_status":"closed","sticky":false,"template":"","format":"standard","meta":[],"categories":[11,47],"tags":[],"_links":{"self":[{"href":"https:\/\/www.uv.mx\/prensa\/wp-json\/wp\/v2\/posts\/72458"}],"collection":[{"href":"https:\/\/www.uv.mx\/prensa\/wp-json\/wp\/v2\/posts"}],"about":[{"href":"https:\/\/www.uv.mx\/prensa\/wp-json\/wp\/v2\/types\/post"}],"author":[{"embeddable":true,"href":"https:\/\/www.uv.mx\/prensa\/wp-json\/wp\/v2\/users\/1508"}],"replies":[{"embeddable":true,"href":"https:\/\/www.uv.mx\/prensa\/wp-json\/wp\/v2\/comments?post=72458"}],"version-history":[{"count":0,"href":"https:\/\/www.uv.mx\/prensa\/wp-json\/wp\/v2\/posts\/72458\/revisions"}],"wp:featuredmedia":[{"embeddable":true,"href":"https:\/\/www.uv.mx\/prensa\/wp-json\/wp\/v2\/media\/72374"}],"wp:attachment":[{"href":"https:\/\/www.uv.mx\/prensa\/wp-json\/wp\/v2\/media?parent=72458"}],"wp:term":[{"taxonomy":"category","embeddable":true,"href":"https:\/\/www.uv.mx\/prensa\/wp-json\/wp\/v2\/categories?post=72458"},{"taxonomy":"post_tag","embeddable":true,"href":"https:\/\/www.uv.mx\/prensa\/wp-json\/wp\/v2\/tags?post=72458"}],"curies":[{"name":"wp","href":"https:\/\/api.w.org\/{rel}","templated":true}]}}