{"id":72494,"date":"2019-08-28T08:00:48","date_gmt":"2019-08-28T13:00:48","guid":{"rendered":"https:\/\/www.uv.mx\/prensa\/?p=72494"},"modified":"2019-08-27T20:58:27","modified_gmt":"2019-08-28T01:58:27","slug":"presentaran-el-libro-ciudades-aprehendidas-y-otros-apegos","status":"publish","type":"post","link":"https:\/\/www.uv.mx\/prensa\/eventos\/presentaran-el-libro-ciudades-aprehendidas-y-otros-apegos\/","title":{"rendered":"Presentar\u00e1n el libro <em>Ciudades aprehendidas y otros apegos<\/em>"},"content":{"rendered":"<ul>\n<li data-leveltext=\"\uf0b7\" data-font=\"Symbol\" data-listid=\"1\" data-aria-posinset=\"1\" data-aria-level=\"1\"><i><span data-contrast=\"auto\">Es un compendio de ensayos<\/span><\/i><i><span data-contrast=\"auto\"> escritos por <\/span><\/i><i><span data-contrast=\"auto\">estudiantes<\/span><\/i><i><span data-contrast=\"auto\"> de la<\/span><\/i><i><span data-contrast=\"auto\"> Unidad de<\/span><\/i> <i><span data-contrast=\"auto\">Humanidades<\/span><\/i><span data-ccp-props=\"{&quot;134233279&quot;:true,&quot;201341983&quot;:0,&quot;335559739&quot;:160,&quot;335559740&quot;:240}\">\u00a0<\/span><\/li>\n<\/ul>\n<p>&nbsp;<\/p>\n<div id=\"attachment_72415\" style=\"width: 732px\" class=\"wp-caption aligncenter\"><a href=\"https:\/\/www.uv.mx\/prensa\/files\/2019\/08\/260819-ciudades-aprehendidas-1.jpg\"><img aria-describedby=\"caption-attachment-72415\" decoding=\"async\" loading=\"lazy\" class=\"size-full wp-image-72415\" src=\"https:\/\/www.uv.mx\/prensa\/files\/2019\/08\/260819-ciudades-aprehendidas-1.jpg\" alt=\"\" width=\"722\" height=\"481\" srcset=\"https:\/\/www.uv.mx\/prensa\/files\/2019\/08\/260819-ciudades-aprehendidas-1.jpg 722w, https:\/\/www.uv.mx\/prensa\/files\/2019\/08\/260819-ciudades-aprehendidas-1-300x200.jpg 300w\" sizes=\"(max-width: 722px) 100vw, 722px\" \/><\/a><p id=\"caption-attachment-72415\" class=\"wp-caption-text\">J\u00f3venes creadores universitarios invitan a la presentaci\u00f3n del libro <em>Ciudades aprehendidas y otros apegos<\/em><\/p><\/div>\n<p>&nbsp;<\/p>\n<p><b><i><span data-contrast=\"auto\">Claudia Peralta V\u00e1zquez<\/span><\/i><\/b><span data-ccp-props=\"{&quot;201341983&quot;:0,&quot;335559739&quot;:160,&quot;335559740&quot;:240}\">\u00a0<\/span><\/p>\n<p><b><i><span data-contrast=\"auto\">2<\/span><\/i><\/b><b><i><span data-contrast=\"auto\">8\/<\/span><\/i><\/b><b><i><span data-contrast=\"auto\">08<\/span><\/i><\/b><b><i><span data-contrast=\"auto\">\/20<\/span><\/i><\/b><b><i><span data-contrast=\"auto\">19, Xalapa, Ver.- <\/span><\/i><\/b><span data-contrast=\"auto\">Estudiantes del \u00c1rea A<\/span><span data-contrast=\"auto\">cad\u00e9mica de Humanidades de la Universidad Veracruzana (UV),<\/span><span data-contrast=\"auto\"> invitan a la comunidad universitaria y al p\u00fablico en<\/span><span data-contrast=\"auto\"> general a la presentaci\u00f3n de<\/span><span data-contrast=\"auto\">l libro<\/span> <i><span data-contrast=\"auto\">Ciudades aprehendidas y otros apegos<\/span><\/i><i><span data-contrast=\"auto\">. <\/span><\/i><i><span data-contrast=\"auto\">Ensayo literario joven en M\u00e9xico<\/span><\/i><span data-contrast=\"auto\">.<\/span><span data-ccp-props=\"{&quot;201341983&quot;:0,&quot;335559739&quot;:160,&quot;335559740&quot;:240}\">\u00a0<\/span><\/p>\n<p><span data-contrast=\"auto\">Kennia<\/span><span data-contrast=\"auto\"> Paulette Rosado Cervantes, Genaro Hern\u00e1ndez Mota y Abelardo L\u00f3pez R\u00edos, alumnos de las <\/span><span data-contrast=\"auto\">licenciaturas<\/span> <span data-contrast=\"auto\">en<\/span><span data-contrast=\"auto\"> Antropolog\u00eda Ling\u00fc\u00edstica y Letras Espa\u00f1olas, informaron que se trata de una compilaci\u00f3n de ensayos literarios creativos<\/span><span data-contrast=\"auto\"> cuyo hilo condu<\/span><span data-contrast=\"auto\">ctor es el tema de la ciudad <\/span><span data-contrast=\"auto\">espec\u00edfic<\/span><span data-contrast=\"auto\">amente<\/span><span data-contrast=\"auto\">.<\/span><span data-ccp-props=\"{&quot;201341983&quot;:0,&quot;335559731&quot;:708,&quot;335559739&quot;:160,&quot;335559740&quot;:240}\">\u00a0<\/span><\/p>\n<p><span data-contrast=\"auto\">La iniciativa de este ejercicio fue de V\u00edctor Hugo V\u00e1zquez Renter\u00eda, profesor de tiempo completo de la Facultad de Idiomas<\/span><span data-contrast=\"auto\">, <\/span><span data-contrast=\"auto\">quien tuvo el inter\u00e9s por unir a personas j\u00f3venes enfocadas en el ensayo literario.<\/span><span data-ccp-props=\"{&quot;201341983&quot;:0,&quot;335559731&quot;:708,&quot;335559739&quot;:160,&quot;335559740&quot;:240}\">\u00a0<\/span><\/p>\n<p><span data-contrast=\"auto\">En esta recopilaci\u00f3n participan un total de <\/span><span data-contrast=\"auto\">11<\/span><span data-contrast=\"auto\"> autores <\/span><span data-contrast=\"auto\">de <\/span><span data-contrast=\"auto\">entre 22 y 30 a\u00f1os de edad, de las ciudades de M\u00e9xico, Veracruz, Orizaba y Jalisco, con dos ensayos distintos.<\/span><span data-ccp-props=\"{&quot;201341983&quot;:0,&quot;335559731&quot;:708,&quot;335559739&quot;:160,&quot;335559740&quot;:240}\">\u00a0<\/span><\/p>\n<p><span data-contrast=\"auto\">Kennia<\/span> <span data-contrast=\"auto\">Paulete<\/span><span data-contrast=\"auto\">, alumna de quinto semestre de Antropolog\u00eda Ling\u00fc\u00edstica, <\/span><span data-contrast=\"auto\">expres\u00f3: \u201cGrande o<\/span><span data-contrast=\"auto\"> peque\u00f1a<\/span><span data-contrast=\"auto\">,<\/span><span data-contrast=\"auto\"> todos tenemos una ciudad que nos trae un recuerdo, <\/span><span data-contrast=\"auto\">un sentimiento de distancia o cercan\u00eda y <\/span><span data-contrast=\"auto\">que podemos sentir como nuestra casa,<\/span><span data-contrast=\"auto\"> por ello siempre es importante situarnos\u201d.<\/span><span data-ccp-props=\"{&quot;201341983&quot;:0,&quot;335559731&quot;:708,&quot;335559739&quot;:160,&quot;335559740&quot;:240}\">\u00a0<\/span><\/p>\n<p><span data-contrast=\"auto\">\u00a0Sobre este ejercicio, coment\u00f3 que una ciudad conlleva a una situaci\u00f3n econ\u00f3mica, social y<\/span><span data-contrast=\"auto\"> pol\u00edtica<\/span><span data-contrast=\"auto\">,<\/span><span data-contrast=\"auto\"> por tanto la <\/span><span data-contrast=\"auto\">literatura siempre se sirve de <\/span><span data-contrast=\"auto\">eso para hacer, trabajar <\/span><span data-contrast=\"auto\">y nutrirse.<\/span><span data-ccp-props=\"{&quot;201341983&quot;:0,&quot;335559731&quot;:708,&quot;335559739&quot;:160,&quot;335559740&quot;:240}\">\u00a0<\/span><\/p>\n<p><span data-contrast=\"auto\">Genaro Hern\u00e1ndez Mota,<\/span><span data-contrast=\"auto\"> de<\/span><span data-contrast=\"auto\"> octavo<\/span><span data-contrast=\"auto\"> semestre de<\/span><span data-contrast=\"auto\"> la Facultad de Letras Espa\u00f1olas<\/span><span data-contrast=\"auto\">, asever\u00f3 que el primero de sus textos se basa en varias ciudades.<\/span> <span data-contrast=\"auto\">Narr\u00f3 que es originario de la ciudad de Mart\u00ednez de la Torre, <\/span><span data-contrast=\"auto\">en la que <\/span><span data-contrast=\"auto\">vivi\u00f3 <\/span><span data-contrast=\"auto\">11<\/span><span data-contrast=\"auto\"> a\u00f1os antes de mudarse a Xalapa<\/span><span data-contrast=\"auto\">, donde <\/span><span data-contrast=\"auto\">ha <\/span><span data-contrast=\"auto\">permanecido el mismo n\u00famero de a\u00f1os.<\/span><span data-ccp-props=\"{&quot;201341983&quot;:0,&quot;335559731&quot;:708,&quot;335559739&quot;:160,&quot;335559740&quot;:240}\">\u00a0<\/span><\/p>\n<p><span data-contrast=\"auto\">En este sentido, el joven escritor hace una comparaci\u00f3n entre lo vivido en un sitio y otro,<\/span><span data-contrast=\"auto\"> y <\/span><span data-contrast=\"auto\">reflexi<\/span><span data-contrast=\"auto\">ona<\/span><span data-contrast=\"auto\"> sobre la casa donde crec<\/span><span data-contrast=\"auto\">i\u00f3<\/span><span data-contrast=\"auto\">, en la que est\u00e1 y la que \u00e9l representa.<\/span><span data-ccp-props=\"{&quot;201341983&quot;:0,&quot;335559731&quot;:708,&quot;335559739&quot;:160,&quot;335559740&quot;:240}\">\u00a0<\/span><\/p>\n<p><span data-contrast=\"auto\">El segundo ensayo que elabor\u00f3 se enfoca en la migraci\u00f3n infantil<\/span><span data-contrast=\"auto\"> e <\/span><span data-contrast=\"auto\">implicaci\u00f3n social de este fen\u00f3meno, desde una perspectiva y experiencia como padre de familia.<\/span><span data-ccp-props=\"{&quot;201341983&quot;:0,&quot;335559731&quot;:708,&quot;335559739&quot;:160,&quot;335559740&quot;:240}\">\u00a0<\/span><\/p>\n<p><span data-contrast=\"auto\">En tanto, <\/span><span data-contrast=\"auto\">Abelardo L\u00f3pez R\u00edos,<\/span><span data-contrast=\"auto\"> de noveno semestre de esta misma carrera, resalt\u00f3 <\/span><span data-contrast=\"auto\">que uno de sus textos<\/span> <span data-contrast=\"auto\">es sobre la ciudad de Xalapa, de la que piensa emigrar una vez que egrese de la Universidad.<\/span><span data-ccp-props=\"{&quot;201341983&quot;:0,&quot;335559731&quot;:708,&quot;335559739&quot;:160,&quot;335559740&quot;:240}\">\u00a0<\/span><\/p>\n<p><span data-contrast=\"auto\">El otro texto es sobre la ciudad rusa de Stalingrado, la cual compara con un ataque de ansiedad en su cabeza, debido a la historia de caos y guerra que evoca.<\/span><span data-ccp-props=\"{&quot;201341983&quot;:0,&quot;335559731&quot;:708,&quot;335559739&quot;:160,&quot;335559740&quot;:240}\">\u00a0<\/span><\/p>\n<p><span data-contrast=\"auto\">Cabe mencionar que en esta presentaci\u00f3n de ensayos tambi\u00e9n participar\u00e1n: <\/span><span data-contrast=\"auto\">Rafael Ant\u00fanez, Jos\u00e9 Miguel Barajas Garc\u00eda y V\u00edctor Hugo V\u00e1squez Renter\u00eda<\/span><span data-contrast=\"auto\">.<\/span><span data-ccp-props=\"{&quot;201341983&quot;:0,&quot;335559739&quot;:160,&quot;335559740&quot;:240}\">\u00a0<\/span><\/p>\n<p><span data-contrast=\"auto\">La <\/span><span data-contrast=\"auto\">entrada es abierta para todo e<\/span><span data-contrast=\"auto\">l p\u00fablico; la obra se podr\u00e1 adquirir a un <\/span><span data-contrast=\"auto\">costo de 150 pesos.<\/span> <span data-contrast=\"auto\">La cita es el viernes 30 de agosto, a las 18:30 horas, en Cauz, foro y librer\u00eda, situado en la calle Barrag\u00e1n esquina Morelos, en el centro de esta ciudad.<\/span><span data-ccp-props=\"{&quot;201341983&quot;:0,&quot;335559731&quot;:708,&quot;335559739&quot;:160,&quot;335559740&quot;:240}\">\u00a0<\/span><\/p>\n","protected":false},"excerpt":{"rendered":"<p>En esta recopilaci\u00f3n participan un total de 11 autores de entre 22 y 30 a\u00f1os de edad, de las ciudades de M\u00e9xico, Veracruz, Orizaba y Jalisco, con dos ensayos distintos<\/p>\n","protected":false},"author":1508,"featured_media":72415,"comment_status":"closed","ping_status":"closed","sticky":false,"template":"","format":"standard","meta":[],"categories":[47],"tags":[],"_links":{"self":[{"href":"https:\/\/www.uv.mx\/prensa\/wp-json\/wp\/v2\/posts\/72494"}],"collection":[{"href":"https:\/\/www.uv.mx\/prensa\/wp-json\/wp\/v2\/posts"}],"about":[{"href":"https:\/\/www.uv.mx\/prensa\/wp-json\/wp\/v2\/types\/post"}],"author":[{"embeddable":true,"href":"https:\/\/www.uv.mx\/prensa\/wp-json\/wp\/v2\/users\/1508"}],"replies":[{"embeddable":true,"href":"https:\/\/www.uv.mx\/prensa\/wp-json\/wp\/v2\/comments?post=72494"}],"version-history":[{"count":0,"href":"https:\/\/www.uv.mx\/prensa\/wp-json\/wp\/v2\/posts\/72494\/revisions"}],"wp:featuredmedia":[{"embeddable":true,"href":"https:\/\/www.uv.mx\/prensa\/wp-json\/wp\/v2\/media\/72415"}],"wp:attachment":[{"href":"https:\/\/www.uv.mx\/prensa\/wp-json\/wp\/v2\/media?parent=72494"}],"wp:term":[{"taxonomy":"category","embeddable":true,"href":"https:\/\/www.uv.mx\/prensa\/wp-json\/wp\/v2\/categories?post=72494"},{"taxonomy":"post_tag","embeddable":true,"href":"https:\/\/www.uv.mx\/prensa\/wp-json\/wp\/v2\/tags?post=72494"}],"curies":[{"name":"wp","href":"https:\/\/api.w.org\/{rel}","templated":true}]}}