{"id":72496,"date":"2019-08-28T08:00:07","date_gmt":"2019-08-28T13:00:07","guid":{"rendered":"https:\/\/www.uv.mx\/prensa\/?p=72496"},"modified":"2019-08-27T21:01:03","modified_gmt":"2019-08-28T02:01:03","slug":"academicas-de-la-uv-participaran-en-curso-impartido-por-la-ucl","status":"publish","type":"post","link":"https:\/\/www.uv.mx\/prensa\/eventos\/academicas-de-la-uv-participaran-en-curso-impartido-por-la-ucl\/","title":{"rendered":"Acad\u00e9micas de la UV participar\u00e1n en curso impartido por la UCL"},"content":{"rendered":"<ul>\n<li data-leveltext=\"\uf0b7\" data-font=\"Symbol\" data-listid=\"1\" data-aria-posinset=\"1\" data-aria-level=\"1\"><i><span data-contrast=\"auto\">A realizarse <\/span><\/i><i><span data-contrast=\"auto\">del 15 al 25<\/span><\/i><i><span data-contrast=\"auto\"> de <\/span><\/i><i><span data-contrast=\"auto\">octubre en Xalapa; el tema ser\u00e1 <\/span><\/i><i><span data-contrast=\"auto\">\u201cConstrucci\u00f3n y reproducci\u00f3n de los sistemas de g\u00e9nero;<\/span><\/i><i><span data-contrast=\"auto\"> subjetividades y resistencias\u201d<\/span><\/i><span data-ccp-props=\"{&quot;134233279&quot;:true}\">\u00a0<\/span><\/li>\n<\/ul>\n<p>&nbsp;<\/p>\n<div id=\"attachment_72420\" style=\"width: 732px\" class=\"wp-caption aligncenter\"><a href=\"https:\/\/www.uv.mx\/prensa\/files\/2019\/08\/260819-Irlanda-Villegas-1.jpg\"><img aria-describedby=\"caption-attachment-72420\" decoding=\"async\" loading=\"lazy\" class=\"size-full wp-image-72420\" src=\"https:\/\/www.uv.mx\/prensa\/files\/2019\/08\/260819-Irlanda-Villegas-1.jpg\" alt=\"\" width=\"722\" height=\"481\" srcset=\"https:\/\/www.uv.mx\/prensa\/files\/2019\/08\/260819-Irlanda-Villegas-1.jpg 722w, https:\/\/www.uv.mx\/prensa\/files\/2019\/08\/260819-Irlanda-Villegas-1-300x200.jpg 300w\" sizes=\"(max-width: 722px) 100vw, 722px\" \/><\/a><p id=\"caption-attachment-72420\" class=\"wp-caption-text\">Irlanda Villegas Salas<\/p><\/div>\n<p>&nbsp;<\/p>\n<p><b><i><span data-contrast=\"auto\">Jorge V\u00e1zquez Pacheco<\/span><\/i><\/b><span data-ccp-props=\"{}\">\u00a0<\/span><\/p>\n<p><b><i><span data-contrast=\"auto\">28\/08\/2019, Xalapa, Ver.-<\/span><\/i><\/b><span data-contrast=\"auto\"> El curso \u201cConstrucci\u00f3n y reproducci\u00f3n de los sistemas de g\u00e9nero; subjetividades y resistencias\u201d que organiza y coordina la Escuela Complutense Latinoamericana (ECL), tendr\u00e1 como sede a la Universidad Veracruzana (UV) del 14 al 25 de octubre, ser\u00e1 impartido por Carmen Mej\u00eda Ruiz e Irlanda Villegas Salas.<\/span><span data-ccp-props=\"{}\">\u00a0<\/span><\/p>\n<p><span data-contrast=\"auto\">Mej\u00eda Ruiz es coordinadora <\/span><span data-contrast=\"auto\">del D<\/span><span data-contrast=\"auto\">octorado en Estu<\/span><span data-contrast=\"auto\">dios Feministas y de G\u00e9nero, as\u00ed<\/span><span data-contrast=\"auto\"> como profesora titular de Filolog\u00eda Rom\u00e1nica en la Universidad Complutense de Madrid<\/span><span data-contrast=\"auto\"> (UCM)<\/span><span data-contrast=\"auto\">;<\/span> <span data-contrast=\"auto\">en tanto, <\/span><span data-contrast=\"auto\">Villegas<\/span><span data-contrast=\"auto\"> Salas es acad\u00e9mica en el Instituto de Investigaciones en Educac<\/span><span data-contrast=\"auto\">i\u00f3n<\/span> <span data-contrast=\"auto\">de la UV<\/span><span data-contrast=\"auto\">, <\/span><span data-contrast=\"auto\">con experiencia en temas literarios y estudios de traducci\u00f3n<\/span><span data-contrast=\"auto\">.<\/span><span data-ccp-props=\"{&quot;335559731&quot;:708}\">\u00a0<\/span><\/p>\n<p><span data-contrast=\"auto\">Adem\u00e1s de las mencionadas, t<\/span><span data-contrast=\"auto\">ambi\u00e9n <\/span><span data-contrast=\"auto\">participar\u00e1<\/span><span data-contrast=\"auto\">n Asunci\u00f3n Bern\u00e1rdez Rodal, profesora de Periodismo <\/span><span data-contrast=\"auto\">y Nuevos M<\/span><span data-contrast=\"auto\">edios en la U<\/span><span data-contrast=\"auto\">CM<\/span><span data-contrast=\"auto\">,<\/span><span data-contrast=\"auto\"> y Mar\u00eda Jos\u00e9 <\/span><span data-contrast=\"auto\">Garc\u00eda Oramas, <\/span><span data-contrast=\"auto\">coordinadora del <\/span><span data-contrast=\"auto\">Centro para el Desarrollo Humano e Integral de los Universitarios (<\/span><i><span data-contrast=\"auto\">Cendhiu<\/span><\/i><span data-contrast=\"auto\">)<\/span> <span data-contrast=\"auto\">de la UV.<\/span><span data-ccp-props=\"{&quot;335559731&quot;:708}\">\u00a0<\/span><\/p>\n<p><span data-contrast=\"auto\">E<\/span><span data-contrast=\"auto\">l perfil multidisciplinario de las <\/span><span data-contrast=\"auto\">instructoras<\/span><span data-contrast=\"auto\"> permitir\u00e1 el abordaje de <\/span><span data-contrast=\"auto\">diversas aristas relacionadas directamente con el tema; se ofrecer\u00e1n <\/span><span data-contrast=\"auto\">10<\/span><span data-contrast=\"auto\"> cursos<\/span><span data-contrast=\"auto\"> cuya tem\u00e1tica se considera de especial trascendencia, dada la actual situaci\u00f3n de violencia imperante en Veracruz y en la totalidad del territorio nacional.\u00a0<\/span><span data-ccp-props=\"{}\">\u00a0<\/span><\/p>\n<p><span data-contrast=\"auto\">En entrevista para <\/span><i><span data-contrast=\"auto\">Universo<\/span><\/i><span data-contrast=\"auto\">, Villegas S<\/span><span data-contrast=\"auto\">alas coment<\/span><span data-contrast=\"auto\">\u00f3: <\/span><span data-contrast=\"auto\">\u201c<\/span><span data-contrast=\"auto\">S<\/span><span data-contrast=\"auto\">e plantear\u00e1n las r<\/span><span data-contrast=\"auto\">eflexiones <\/span><span data-contrast=\"auto\">pertinentes empleando los medios de comunicaci\u00f3n, textos <\/span><span data-contrast=\"auto\">literarios y obras <\/span><span data-contrast=\"auto\">art\u00edsticas como herramienta de an\u00e1lisis para constatar c\u00f3mo el orden patriarcal insiste en reproducir las condiciones planteadas tradicionalmente para propiciar la desi<\/span><span data-contrast=\"auto\">gualdad entre hombre y mujeres.<\/span><span data-ccp-props=\"{&quot;335559731&quot;:708}\">\u00a0<\/span><\/p>\n<p><span data-contrast=\"auto\">\u201d<\/span><span data-contrast=\"auto\">Se explorar\u00e1n las subjetividades femeninas y las manifestaciones de resistencia de la<\/span><span data-contrast=\"auto\">s mujeres en diferentes \u00e1mbitos;<\/span><span data-contrast=\"auto\"> se pretende abrir un di\u00e1logo sobre las \u00faltimas tendencias en los <\/span><span data-contrast=\"auto\">procesos formativos de g\u00e9nero <\/span><span data-contrast=\"auto\">e<\/span><span data-contrast=\"auto\"> indagar las posibilidades de <\/span><span data-contrast=\"auto\">trasformaci\u00f3n<\/span><span data-contrast=\"auto\"> m\u00e1s jus<\/span><span data-contrast=\"auto\">tas, democr\u00e1ticas y equitativas<\/span><span data-contrast=\"auto\">. <\/span><span data-contrast=\"auto\">Asimismo, f<\/span><span data-contrast=\"auto\">omentaremos <\/span><span data-contrast=\"auto\">futuras colaboraciones c<\/span><span data-contrast=\"auto\">ient\u00edficas interuniversitarias.\u201d<\/span><span data-ccp-props=\"{&quot;335559731&quot;:708}\">\u00a0<\/span><\/p>\n<p><span data-contrast=\"auto\">Toda la informaci\u00f3n relacionada puede obtenerse en: <\/span><a href=\"https:\/\/www.uv.mx\/ecl\"><span data-contrast=\"none\">www.uv.mx\/ecl<\/span><\/a><span data-contrast=\"auto\"> y <\/span><a href=\"https:\/\/www.uv.mx\/ecl\/general\/convocatoria-ecl\/\"><span data-contrast=\"none\">www.uv.mx\/ecl\/general\/convocatoria-ecl\/<\/span><\/a><span data-contrast=\"auto\"> o en los correos <\/span><a href=\"mailto:ecl@ucm.es\"><span data-contrast=\"none\">ecl@ucm.es<\/span><\/a><span data-contrast=\"auto\"> y <\/span><a href=\"mailto:ecl@uv.mx\"><span data-contrast=\"none\">ecl@uv.mx<\/span><\/a><span data-contrast=\"auto\">.<\/span><span data-ccp-props=\"{&quot;335559731&quot;:708}\">\u00a0<\/span><\/p>\n","protected":false},"excerpt":{"rendered":"<p>El tema ser\u00e1 \u201cConstrucci\u00f3n y reproducci\u00f3n de los sistemas de g\u00e9nero; subjetividades y resistencias\u201d <\/p>\n","protected":false},"author":1508,"featured_media":72420,"comment_status":"closed","ping_status":"closed","sticky":false,"template":"","format":"standard","meta":[],"categories":[47],"tags":[],"_links":{"self":[{"href":"https:\/\/www.uv.mx\/prensa\/wp-json\/wp\/v2\/posts\/72496"}],"collection":[{"href":"https:\/\/www.uv.mx\/prensa\/wp-json\/wp\/v2\/posts"}],"about":[{"href":"https:\/\/www.uv.mx\/prensa\/wp-json\/wp\/v2\/types\/post"}],"author":[{"embeddable":true,"href":"https:\/\/www.uv.mx\/prensa\/wp-json\/wp\/v2\/users\/1508"}],"replies":[{"embeddable":true,"href":"https:\/\/www.uv.mx\/prensa\/wp-json\/wp\/v2\/comments?post=72496"}],"version-history":[{"count":0,"href":"https:\/\/www.uv.mx\/prensa\/wp-json\/wp\/v2\/posts\/72496\/revisions"}],"wp:featuredmedia":[{"embeddable":true,"href":"https:\/\/www.uv.mx\/prensa\/wp-json\/wp\/v2\/media\/72420"}],"wp:attachment":[{"href":"https:\/\/www.uv.mx\/prensa\/wp-json\/wp\/v2\/media?parent=72496"}],"wp:term":[{"taxonomy":"category","embeddable":true,"href":"https:\/\/www.uv.mx\/prensa\/wp-json\/wp\/v2\/categories?post=72496"},{"taxonomy":"post_tag","embeddable":true,"href":"https:\/\/www.uv.mx\/prensa\/wp-json\/wp\/v2\/tags?post=72496"}],"curies":[{"name":"wp","href":"https:\/\/api.w.org\/{rel}","templated":true}]}}