{"id":72575,"date":"2019-08-29T15:26:11","date_gmt":"2019-08-29T20:26:11","guid":{"rendered":"https:\/\/www.uv.mx\/prensa\/?p=72575"},"modified":"2019-08-29T15:26:11","modified_gmt":"2019-08-29T20:26:11","slug":"alfredo-avila-sugiere-replantear-ensenanza-de-la-historia-en-las-ies","status":"publish","type":"post","link":"https:\/\/www.uv.mx\/prensa\/general\/alfredo-avila-sugiere-replantear-ensenanza-de-la-historia-en-las-ies\/","title":{"rendered":"Alfredo \u00c1vila sugiere replantear ense\u00f1anza de la Historia en las IES"},"content":{"rendered":"<ul>\n<li data-leveltext=\"\uf0b7\" data-font=\"Symbol\" data-listid=\"1\" data-aria-posinset=\"1\" data-aria-level=\"1\"><i><span data-contrast=\"auto\">\u201c\u00bfEsto significa que deber\u00edamos dejar de lado la investigaci\u00f3n y empezar a asumir que solamente unas cuantas personas ocupar\u00e1n puestos de investigaci\u00f3n?<\/span><\/i><span data-contrast=\"auto\"> No<\/span><span data-contrast=\"auto\">\u201d,<\/span><i><span data-contrast=\"auto\"> destac\u00f3<\/span><\/i><span data-contrast=\"auto\">\u00a0<\/span><span data-ccp-props=\"{&quot;134233279&quot;:true,&quot;201341983&quot;:0,&quot;335559739&quot;:160,&quot;335559740&quot;:240}\">\u00a0<\/span><\/li>\n<li data-leveltext=\"\uf0b7\" data-font=\"Symbol\" data-listid=\"1\" data-aria-posinset=\"2\" data-aria-level=\"1\"><i><span data-contrast=\"auto\">Consider\u00f3 que la movilidad es fundamental para formar nuevos historiadores<\/span><\/i><\/li>\n<\/ul>\n<p>&nbsp;<\/p>\n<div id='gallery-1' class='gallery galleryid-72575 gallery-columns-2 gallery-size-full'><dl class='gallery-item'>\n\t\t\t<dt class='gallery-icon landscape'>\n\t\t\t\t<a href='https:\/\/www.uv.mx\/prensa\/files\/2019\/08\/280819-Alfredo-Avila-1.jpg'><img width=\"722\" height=\"481\" src=\"https:\/\/www.uv.mx\/prensa\/files\/2019\/08\/280819-Alfredo-Avila-1.jpg\" class=\"attachment-full size-full\" alt=\"\" decoding=\"async\" loading=\"lazy\" aria-describedby=\"gallery-1-72543\" srcset=\"https:\/\/www.uv.mx\/prensa\/files\/2019\/08\/280819-Alfredo-Avila-1.jpg 722w, https:\/\/www.uv.mx\/prensa\/files\/2019\/08\/280819-Alfredo-Avila-1-300x200.jpg 300w\" sizes=\"(max-width: 722px) 100vw, 722px\" \/><\/a>\n\t\t\t<\/dt>\n\t\t\t\t<dd class='wp-caption-text gallery-caption' id='gallery-1-72543'>\n\t\t\t\tAlfredo \u00c1vila\n\t\t\t\t<\/dd><\/dl><dl class='gallery-item'>\n\t\t\t<dt class='gallery-icon landscape'>\n\t\t\t\t<a href='https:\/\/www.uv.mx\/prensa\/files\/2019\/08\/280819-Alfredo-Avila-2.jpg'><img width=\"722\" height=\"481\" src=\"https:\/\/www.uv.mx\/prensa\/files\/2019\/08\/280819-Alfredo-Avila-2.jpg\" class=\"attachment-full size-full\" alt=\"\" decoding=\"async\" loading=\"lazy\" aria-describedby=\"gallery-1-72544\" srcset=\"https:\/\/www.uv.mx\/prensa\/files\/2019\/08\/280819-Alfredo-Avila-2.jpg 722w, https:\/\/www.uv.mx\/prensa\/files\/2019\/08\/280819-Alfredo-Avila-2-300x200.jpg 300w\" sizes=\"(max-width: 722px) 100vw, 722px\" \/><\/a>\n\t\t\t<\/dt>\n\t\t\t\t<dd class='wp-caption-text gallery-caption' id='gallery-1-72544'>\n\t\t\t\tEl p\u00fablico mostr\u00f3 inter\u00e9s por los planteamientos del investigador\n\t\t\t\t<\/dd><\/dl><br style=\"clear: both\" \/>\n\t\t<\/div>\n\n<p>&nbsp;<\/p>\n<p><b><i><span data-contrast=\"auto\">Karina de la Paz Reyes D\u00edaz<\/span><\/i><\/b><span data-ccp-props=\"{&quot;134233279&quot;:true,&quot;201341983&quot;:0,&quot;335559739&quot;:160,&quot;335559740&quot;:240}\">\u00a0<\/span><\/p>\n<p><b><i><span data-contrast=\"auto\">29<\/span><\/i><\/b><b><i><span data-contrast=\"auto\">\/08\/2019, Xalapa, Ver.- <\/span><\/i><\/b><span data-contrast=\"auto\">Alfredo \u00c1vila<\/span><span data-contrast=\"auto\">, de la <\/span><span data-contrast=\"auto\">Universidad Nacional Aut\u00f3noma de M\u00e9xico <\/span><span data-contrast=\"auto\">(UNAM), expuso en la Universidad Veracruzana (UV) que <\/span><span data-contrast=\"auto\">a nivel nacional <\/span><span data-contrast=\"auto\">las instituciones de educaci\u00f3n superior forman muchos h<\/span><span data-contrast=\"auto\">istori\u00f3grafos e investigadores; <\/span><span data-contrast=\"auto\">sin embargo, menos del 10 por ciento de los egresados de licenciatura se dedican a <\/span><span data-contrast=\"auto\">es<\/span><span data-contrast=\"auto\">o.<\/span><span data-ccp-props=\"{&quot;134233279&quot;:true,&quot;201341983&quot;:0,&quot;335559739&quot;:160,&quot;335559740&quot;:240}\">\u00a0<\/span><\/p>\n<p><span data-contrast=\"auto\">\u201cEstamos formando muchos histori\u00f3grafos y muchos investigadores y qu\u00e9 sucede cuando<\/span><span data-contrast=\"auto\"> salimos a la parte profesional,<\/span> <span data-contrast=\"auto\">r<\/span><span data-contrast=\"auto\">esulta que menos del 10 por ciento de los j\u00f3venes que egresan de una carrera de Historia se dedicar\u00e1n a hacer investigaci\u00f3n<\/span><span data-contrast=\"auto\">.<\/span><span data-contrast=\"auto\"> \u00bfA qu\u00e9 se dedican el grueso d<\/span><span data-contrast=\"auto\">e los egresados? <\/span><span data-contrast=\"auto\">C<\/span><span data-contrast=\"auto\">erca del 50 por ciento<\/span> <span data-contrast=\"auto\">a<\/span><span data-contrast=\"auto\"> la docencia<\/span><span data-contrast=\"auto\">.<\/span><span data-contrast=\"auto\">\u201d<\/span><span data-ccp-props=\"{&quot;134233279&quot;:true,&quot;201341983&quot;:0,&quot;335559739&quot;:160,&quot;335559740&quot;:240}\">\u00a0<\/span><\/p>\n<p><span data-contrast=\"auto\">Alfredo \u00c1vila<\/span><span data-contrast=\"auto\"> fue el primer conferencista magistral <\/span><span data-contrast=\"auto\">del XIV Encuentro de la Red Nacional de Licenciaturas en Historia y sus Cuerpos Acad\u00e9micos (<\/span><i><span data-contrast=\"auto\">Renalhica<\/span><\/i><span data-contrast=\"auto\">) y del VIII Encuentro Iberoamericano de Licenciaturas en Histo<\/span><span data-contrast=\"auto\">ria, los cuales se desarroll<\/span><span data-contrast=\"auto\">a<\/span><span data-contrast=\"auto\">n<\/span> <span data-contrast=\"auto\">entre <\/span><span data-contrast=\"auto\">el 28 <\/span><span data-contrast=\"auto\">y<\/span> <span data-contrast=\"auto\">el <\/span><span data-contrast=\"auto\">31 de agosto<\/span><span data-contrast=\"auto\"> en la Facultad de Historia de la UV.<\/span><span data-ccp-props=\"{&quot;134233279&quot;:true,&quot;201341983&quot;:0,&quot;335559739&quot;:160,&quot;335559740&quot;:240}\">\u00a0<\/span><\/p>\n<p><span data-contrast=\"auto\">Como parte de sus planteamientos, coment\u00f3 <\/span><span data-contrast=\"auto\">que<\/span><span data-contrast=\"auto\">,<\/span><span data-contrast=\"auto\"> pese a que la mitad de los egresados <\/span><span data-contrast=\"auto\">de Historia <\/span><span data-contrast=\"auto\">se dedicar\u00e1<\/span><span data-contrast=\"auto\">n<\/span><span data-contrast=\"auto\"> a la docencia, hay instituciones cuy<\/span><span data-contrast=\"auto\">o<\/span><span data-contrast=\"auto\"> programa contempla m\u00ednimamente <\/span><span data-contrast=\"auto\">asignaturas dedicadas a la did\u00e1ctica de la historia o de m\u00e9todos pedag\u00f3gicos pa<\/span><span data-contrast=\"auto\">ra <\/span><span data-contrast=\"auto\">su<\/span><span data-contrast=\"auto\"> ense\u00f1anza.<\/span><span data-ccp-props=\"{&quot;134233279&quot;:true,&quot;201341983&quot;:0,&quot;335559739&quot;:160,&quot;335559740&quot;:240}\">\u00a0<\/span><\/p>\n<p><span data-contrast=\"auto\">Precis\u00f3<\/span><span data-contrast=\"auto\"> que alrededor de<\/span><span data-contrast=\"auto\">l <\/span><span data-contrast=\"auto\">20 por ciento de egresados <\/span><span data-contrast=\"auto\">se insertan a laborar en museos y<\/span><span data-contrast=\"auto\"> casas de cultura, <\/span><span data-contrast=\"auto\">con lo que se aprecia la importancia<\/span><span data-contrast=\"auto\"> de replantearse las expectativas y las posibilidades reales para que los j\u00f3venes se formen.<\/span><span data-ccp-props=\"{&quot;134233279&quot;:true,&quot;201341983&quot;:0,&quot;335559739&quot;:160,&quot;335559740&quot;:240}\">\u00a0<\/span><\/p>\n<p><span data-contrast=\"auto\">\u201c\u00bfEsto significa que deber\u00edamos dejar de lado la investigaci\u00f3n y empezar a asumir que solamente unas cuantas personas ocupar\u00e1n puestos de investigaci\u00f3n? No. Pero s\u00ed creo que es importante reforzar las otras salidas profesionales<\/span><span data-contrast=\"auto\">\u201d, dijo.<\/span><span data-ccp-props=\"{&quot;134233279&quot;:true,&quot;201341983&quot;:0,&quot;335559739&quot;:160,&quot;335559740&quot;:240}\">\u00a0<\/span><\/p>\n<p><span data-contrast=\"auto\">Para <\/span><span data-contrast=\"auto\">\u00e9l, un caso interesante que puede<\/span><span data-contrast=\"auto\"> analizarse es el del Instituto<\/span><span data-contrast=\"auto\"> de Investigaciones \u201cDr. Jos\u00e9 Mar\u00eda Luis<\/span><span data-contrast=\"auto\"> Mora<\/span><span data-contrast=\"auto\">\u201d<\/span><span data-contrast=\"auto\">,<\/span><span data-contrast=\"auto\"> que abri\u00f3 una <\/span><span data-contrast=\"auto\">carrera tanto de licenciatura como de posgrado en la cual se ense\u00f1a historia y no hay \u00e9nfasis en la investigaci\u00f3n, sino en la divulgaci\u00f3n y<\/span><span data-contrast=\"auto\"> en la ense\u00f1anza de la historia, l<\/span><span data-contrast=\"auto\">o cual no significa que se dej\u00f3 de lado la investigaci\u00f3n, aclar\u00f3, pues al revisar <\/span><span data-contrast=\"auto\">el curr\u00edculo<\/span><span data-contrast=\"auto\"> se aprecia que hay suficiente s<\/span><span data-contrast=\"auto\">obre \u00e9sta y la apuesta es que si<\/span><span data-contrast=\"auto\"> se quiere formar a buenos divulgadores, muse\u00f3grafos y profesores de historia<\/span><span data-contrast=\"auto\">,<\/span><span data-contrast=\"auto\"> tienen<\/span><span data-contrast=\"auto\"> que saber hacer investigaci\u00f3n.<\/span><span data-ccp-props=\"{&quot;134233279&quot;:true,&quot;201341983&quot;:0,&quot;335559739&quot;:160,&quot;335559740&quot;:240}\">\u00a0<\/span><\/p>\n<p><span data-contrast=\"auto\">Tambi\u00e9n <\/span><span data-contrast=\"auto\">habl\u00f3 del <\/span><span data-contrast=\"auto\">Doctorado en Historia Aplicada<\/span><span data-contrast=\"auto\"> del <\/span><span data-contrast=\"auto\">Centro de Investigaci\u00f3n y Docencia Econ\u00f3micas, A.C. (CIDE)<\/span><span data-contrast=\"auto\">.<\/span><span data-contrast=\"auto\"> \u201c<\/span><span data-contrast=\"auto\">S<\/span><span data-contrast=\"auto\">ignifica ponerle mayor atenci\u00f3n a las salidas de la investigaci\u00f3n hist\u00f3rica; no es solamente aprender a investigar<\/span><span data-contrast=\"auto\">,<\/span><span data-contrast=\"auto\"> sino <\/span><span data-contrast=\"auto\">tambi\u00e9n a <\/span><span data-contrast=\"auto\">organizar<\/span><span data-contrast=\"auto\"> y<\/span><span data-contrast=\"auto\"> divulgar\u201d.<\/span><span data-ccp-props=\"{&quot;134233279&quot;:true,&quot;201341983&quot;:0,&quot;335559739&quot;:160,&quot;335559740&quot;:240}\">\u00a0<\/span><\/p>\n<p><span data-contrast=\"auto\">Otro<\/span> <span data-contrast=\"auto\">aspecto<\/span><span data-contrast=\"auto\"> en el que abund\u00f3 es el de <\/span><span data-contrast=\"auto\">los archivos<\/span><span data-contrast=\"auto\">, pues muchos de los egresados de Historia logran insertarse en ese rubro, m\u00e1s a\u00fan si se considera la nueva <\/span><span data-contrast=\"auto\">Ley General de Archivos<\/span><span data-contrast=\"auto\">, que exige<\/span><span data-contrast=\"auto\"> la participaci\u00f3n de especialistas en las transferencias documentales y organ<\/span><span data-contrast=\"auto\">izaci\u00f3n de archivos hist\u00f3ricos.<\/span><span data-ccp-props=\"{&quot;134233279&quot;:true,&quot;201341983&quot;:0,&quot;335559731&quot;:708,&quot;335559739&quot;:160,&quot;335559740&quot;:240}\">\u00a0<\/span><\/p>\n<p><span data-contrast=\"auto\">\u201cSe est\u00e1 exigiendo que todas las dependencias y sujetos obligados \u2013no solamente los federales<\/span><span data-contrast=\"auto\">, sino estales, municipales y en general todos aquellos, incluso <\/span><span data-contrast=\"auto\">privados que recibe<\/span><span data-contrast=\"auto\">n financiamiento p\u00fablico<\/span><span data-contrast=\"auto\">\u2013 <\/span><span data-contrast=\"auto\">deben<\/span><span data-contrast=\"auto\"> tener un archivo hist\u00f3rico y protocolos de transferencia documental del archivo de concentraci\u00f3n al archivo hist\u00f3rico. Ah\u00ed hay un campo de trabajo que no hemos sabido explotar.\u201d<\/span><span data-ccp-props=\"{&quot;134233279&quot;:true,&quot;201341983&quot;:0,&quot;335559731&quot;:708,&quot;335559739&quot;:160,&quot;335559740&quot;:240}\">\u00a0<\/span><\/p>\n<p><span data-ccp-props=\"{&quot;134233279&quot;:true,&quot;201341983&quot;:0,&quot;335559739&quot;:160,&quot;335559740&quot;:240}\">\u00a0<\/span><\/p>\n<p><b><span data-contrast=\"auto\">Evitar la endogamia<\/span><\/b><span data-ccp-props=\"{&quot;134233279&quot;:true,&quot;201341983&quot;:0,&quot;335559739&quot;:160,&quot;335559740&quot;:240}\">\u00a0<\/span><\/p>\n<p><span data-contrast=\"auto\">Alfredo \u00c1vila <\/span><span data-contrast=\"auto\">profundiz\u00f3 <\/span><span data-contrast=\"auto\">en <\/span><span data-contrast=\"auto\">la importancia de fo<\/span><span data-contrast=\"auto\">mentar el intercambio acad\u00e9mico<\/span><span data-contrast=\"auto\">, \u201cevitar que los j\u00f3venes que hacen la carrera de Historia en la <\/span><span data-contrast=\"auto\">U<\/span><span data-contrast=\"auto\">V<\/span> <span data-contrast=\"auto\">o en la UNAM hagan el po<\/span><span data-contrast=\"auto\">sgrado en la misma instituci\u00f3n<\/span><span data-contrast=\"auto\">, el intercambio es fundamental para formar nuevos historiadores<\/span><span data-contrast=\"auto\">,<\/span><span data-contrast=\"auto\"> pero para eso se requieren recursos y <\/span><span data-contrast=\"auto\">\u00e9stos son<\/span><span data-contrast=\"auto\"> cada vez m\u00e1s limitados\u201d.<\/span><span data-ccp-props=\"{&quot;134233279&quot;:true,&quot;201341983&quot;:0,&quot;335559739&quot;:160,&quot;335559740&quot;:240}\">\u00a0<\/span><\/p>\n<p><span data-contrast=\"auto\">Un <\/span><span data-contrast=\"auto\">aspecto que va en el mismo sentid<\/span><span data-contrast=\"auto\">o<\/span> <span data-contrast=\"auto\">es que en la mayor\u00eda de las l<\/span><span data-contrast=\"auto\">icenciaturas en Historia lo que se ense\u00f1a es <\/span><span data-contrast=\"auto\">h<\/span><span data-contrast=\"auto\">istoria de M\u00e9xico y se vuelven especialistas de \u00e9sta, cuando la tendencia es la historia global.<\/span><span data-ccp-props=\"{&quot;134233279&quot;:true,&quot;201341983&quot;:0,&quot;335559739&quot;:160,&quot;335559740&quot;:240}\">\u00a0<\/span><\/p>\n<p><span data-contrast=\"auto\">\u201cMe parece que la tendencia m\u00e1s signi<\/span><span data-contrast=\"auto\">ficativa \u2013ustedes saben que en h<\/span><span data-contrast=\"auto\">istoria hay modas\u2013 y que a M\u00e9xico todav\u00eda no llega fuerte<\/span><span data-contrast=\"auto\">,<\/span><span data-contrast=\"auto\"> aunque ya hay trabajos importantes, es la historia global; que no significa historia del mundo, significa historia con una perspectiva global.\u201d<\/span><span data-ccp-props=\"{&quot;134233279&quot;:true,&quot;201341983&quot;:0,&quot;335559739&quot;:160,&quot;335559740&quot;:240}\">\u00a0<\/span><\/p>\n<p><span data-contrast=\"auto\">Remarc\u00f3 que no se trata de volver al enciclopedismo y a<\/span><span data-contrast=\"auto\"> manera de ejemplo cit\u00f3 <\/span><span data-contrast=\"auto\">la obra <\/span><i><span data-contrast=\"auto\">Tierra adentro, mar en fuera. El puerto de <\/span><\/i><i><span data-contrast=\"auto\">Veracruz y su litoral a Sotavento, 1519-1821<\/span><\/i><span data-contrast=\"auto\">, de <\/span><span data-contrast=\"auto\">Antonio <\/span><span data-contrast=\"auto\">Garc\u00eda de Le\u00f3n<\/span><span data-contrast=\"auto\">. \u201cEs una historia del puerto de Veracruz, pero tambi\u00e9n es una historia global; \u00e9sas son las tendencias\u201d.<\/span><span data-ccp-props=\"{&quot;134233279&quot;:true,&quot;201341983&quot;:0,&quot;335559739&quot;:160,&quot;335559740&quot;:240}\">\u00a0<\/span><\/p>\n<p><span data-contrast=\"auto\">Para \u00e9<\/span><span data-contrast=\"auto\">l, un egresado de Historia con <\/span><span data-contrast=\"auto\">visi\u00f3n global tiene m\u00e1s posibilidades de i<\/span><span data-contrast=\"auto\">nsertarse en el \u00e1mbito laboral.<\/span><span data-ccp-props=\"{&quot;134233279&quot;:true,&quot;201341983&quot;:0,&quot;335559739&quot;:160,&quot;335559740&quot;:240}\">\u00a0<\/span><\/p>\n<p><span data-contrast=\"auto\">Una tendencia m\u00e1s es la historia contempor\u00e1nea, <\/span><span data-contrast=\"auto\">lo <\/span><span data-contrast=\"auto\">cual en <\/span><span data-contrast=\"auto\">su <\/span><span data-contrast=\"auto\">opini\u00f3n conlleva una serie de peligros,<\/span><span data-contrast=\"auto\"> \u201cel m\u00e1s importante tiene que ver con la<\/span><span data-contrast=\"auto\"> confusi\u00f3n cada vez m\u00e1s latente<\/span><span data-contrast=\"auto\"> entre historia<\/span><span data-contrast=\"auto\"> y periodismo; estamos viendo c\u00f3<\/span><span data-contrast=\"auto\">mo al llegar a estos temas los periodistas nos comen el mercado\u201d.<\/span><span data-ccp-props=\"{&quot;134233279&quot;:true,&quot;201341983&quot;:0,&quot;335559739&quot;:160,&quot;335559740&quot;:240}\">\u00a0<\/span><\/p>\n<p><span data-contrast=\"auto\">En ese sentido<\/span><span data-contrast=\"auto\">,<\/span><span data-contrast=\"auto\"> dej\u00f3 en claro que un historiador no investiga para dar a conocer, sino para explicar, <\/span><span data-contrast=\"auto\">y lo hace al considerar<\/span><span data-contrast=\"auto\"> temporadas espaciales y temporales.<\/span><span data-ccp-props=\"{&quot;134233279&quot;:true,&quot;201341983&quot;:0,&quot;335559739&quot;:160,&quot;335559740&quot;:240}\">\u00a0<\/span><\/p>\n<p><span data-contrast=\"auto\">Finalmente, \u00c1vila destac\u00f3 la divulgaci\u00f3n de la histor<\/span><span data-contrast=\"auto\">ia en espacios como la radio, lo<\/span><span data-contrast=\"auto\">s medios electr\u00f3nicos<\/span><span data-contrast=\"auto\"> y redes sociales, cuyo problema <\/span><span data-contrast=\"auto\">es que <\/span><span data-contrast=\"auto\">en la actualidad lo hacen quienes no son profesionales de la historia.<\/span><span data-contrast=\"auto\"> En ese caso, <\/span><span data-contrast=\"auto\">\u201c<\/span><span data-contrast=\"auto\">e<\/span><span data-contrast=\"auto\">l tema es que n<\/span><span data-contrast=\"auto\">os est\u00e1n comiendo el mercado, pues<\/span> <span data-contrast=\"auto\">l<\/span><span data-contrast=\"auto\">os j\u00f3venes y la gente cuando lee de historia lee a <\/span><span data-contrast=\"auto\">Francisco Mart\u00edn Moreno<\/span><span data-contrast=\"auto\">\u201d.<\/span><span data-ccp-props=\"{&quot;134233279&quot;:true,&quot;201341983&quot;:0,&quot;335559739&quot;:160,&quot;335559740&quot;:240}\">\u00a0<\/span><\/p>\n<p><span data-contrast=\"auto\">La conferencia fue moderada por el director de la Facultad de Historia de la UV, <\/span><span data-contrast=\"auto\">Ra\u00fal Romero Ram\u00edrez<\/span><span data-contrast=\"auto\">, <\/span><span data-contrast=\"auto\">y se desarroll\u00f3 en el Sal\u00f3n Az<\/span><span data-contrast=\"auto\">ul de la Unidad de Humanidades.<\/span><\/p>\n","protected":false},"excerpt":{"rendered":"<p>Particip\u00f3 en el VIII Encuentro Iberoamericano de Licenciaturas en Historia, el cual se desarrolla en la Facultad de Historia de la UV desde el 28 y hasta el 31 de agosto<\/p>\n","protected":false},"author":1508,"featured_media":72543,"comment_status":"closed","ping_status":"closed","sticky":false,"template":"","format":"standard","meta":[],"categories":[1],"tags":[],"_links":{"self":[{"href":"https:\/\/www.uv.mx\/prensa\/wp-json\/wp\/v2\/posts\/72575"}],"collection":[{"href":"https:\/\/www.uv.mx\/prensa\/wp-json\/wp\/v2\/posts"}],"about":[{"href":"https:\/\/www.uv.mx\/prensa\/wp-json\/wp\/v2\/types\/post"}],"author":[{"embeddable":true,"href":"https:\/\/www.uv.mx\/prensa\/wp-json\/wp\/v2\/users\/1508"}],"replies":[{"embeddable":true,"href":"https:\/\/www.uv.mx\/prensa\/wp-json\/wp\/v2\/comments?post=72575"}],"version-history":[{"count":0,"href":"https:\/\/www.uv.mx\/prensa\/wp-json\/wp\/v2\/posts\/72575\/revisions"}],"wp:featuredmedia":[{"embeddable":true,"href":"https:\/\/www.uv.mx\/prensa\/wp-json\/wp\/v2\/media\/72543"}],"wp:attachment":[{"href":"https:\/\/www.uv.mx\/prensa\/wp-json\/wp\/v2\/media?parent=72575"}],"wp:term":[{"taxonomy":"category","embeddable":true,"href":"https:\/\/www.uv.mx\/prensa\/wp-json\/wp\/v2\/categories?post=72575"},{"taxonomy":"post_tag","embeddable":true,"href":"https:\/\/www.uv.mx\/prensa\/wp-json\/wp\/v2\/tags?post=72575"}],"curies":[{"name":"wp","href":"https:\/\/api.w.org\/{rel}","templated":true}]}}