{"id":72626,"date":"2019-08-31T08:00:45","date_gmt":"2019-08-31T13:00:45","guid":{"rendered":"https:\/\/www.uv.mx\/prensa\/?p=72626"},"modified":"2019-08-30T17:17:44","modified_gmt":"2019-08-30T22:17:44","slug":"capitulo-estudiantil-de-la-fime-poza-rica-recibio-premio-globo-de-oro","status":"publish","type":"post","link":"https:\/\/www.uv.mx\/prensa\/regiones\/poza-rica\/capitulo-estudiantil-de-la-fime-poza-rica-recibio-premio-globo-de-oro\/","title":{"rendered":"Cap\u00edtulo Estudiantil de la FIME-Poza Rica recibi\u00f3 Premio Globo de Oro"},"content":{"rendered":"<ul>\n<li data-leveltext=\"\uf0b7\" data-font=\"Symbol\" data-listid=\"1\" data-aria-posinset=\"1\" data-aria-level=\"1\"><i><span data-contrast=\"none\">El Cap\u00edtulo Estudiantil 653<\/span><\/i> <i><span data-contrast=\"none\">II<\/span><\/i><i><span data-contrast=\"none\">SE<\/span><\/i> <i><span data-contrast=\"none\">UV obtuvo el reconocimiento por sus logros en la gesti\u00f3n 2018-2019<\/span><\/i><span data-ccp-props=\"{&quot;134233279&quot;:true,&quot;201341983&quot;:0,&quot;335559739&quot;:160,&quot;335559740&quot;:240}\">\u00a0<\/span><\/li>\n<li data-leveltext=\"\uf0b7\" data-font=\"Symbol\" data-listid=\"1\" data-aria-posinset=\"2\" data-aria-level=\"1\"><i><span data-contrast=\"none\">Es reflejo del esfuerzo de estudiantes, maestros y au<\/span><\/i><i><span data-contrast=\"none\">toridades universitarias, se\u00f1al\u00f3<\/span><\/i> <i><span data-contrast=\"none\">Yaznay<\/span><\/i><i><span data-contrast=\"none\"> V\u00e1zquez Gonz\u00e1lez<\/span><\/i><i><span data-contrast=\"none\">,<\/span><\/i><i><span data-contrast=\"none\"> presidenta del <\/span><\/i><i><span data-contrast=\"none\">organismo<\/span><\/i><span data-ccp-props=\"{&quot;134233279&quot;:true,&quot;201341983&quot;:0,&quot;335559739&quot;:160,&quot;335559740&quot;:240}\">\u00a0<\/span><\/li>\n<\/ul>\n<p>&nbsp;<\/p>\n<div id=\"attachment_72482\" style=\"width: 732px\" class=\"wp-caption aligncenter\"><a href=\"https:\/\/www.uv.mx\/prensa\/files\/2019\/08\/270819-PR-FIME-COPA-DE-ORO.jpg\"><img aria-describedby=\"caption-attachment-72482\" decoding=\"async\" loading=\"lazy\" class=\"size-full wp-image-72482\" src=\"https:\/\/www.uv.mx\/prensa\/files\/2019\/08\/270819-PR-FIME-COPA-DE-ORO.jpg\" alt=\"\" width=\"722\" height=\"481\" srcset=\"https:\/\/www.uv.mx\/prensa\/files\/2019\/08\/270819-PR-FIME-COPA-DE-ORO.jpg 722w, https:\/\/www.uv.mx\/prensa\/files\/2019\/08\/270819-PR-FIME-COPA-DE-ORO-300x200.jpg 300w\" sizes=\"(max-width: 722px) 100vw, 722px\" \/><\/a><p id=\"caption-attachment-72482\" class=\"wp-caption-text\">Estudiantes comprometidos con su instituci\u00f3n con una visi\u00f3n de excelencia<\/p><\/div>\n<p>&nbsp;<\/p>\n<p><b><i><span data-contrast=\"auto\">Alma Celia San Mart\u00edn Cruz<\/span><\/i><\/b><span data-ccp-props=\"{&quot;201341983&quot;:0,&quot;335559739&quot;:160,&quot;335559740&quot;:240}\">\u00a0<\/span><\/p>\n<p><b><i><span data-contrast=\"auto\">31\/08\/2019, <\/span><\/i><\/b><b><i><span data-contrast=\"auto\">Poza Rica,<\/span><\/i><\/b> <b><i><span data-contrast=\"auto\">Ver.-<\/span><\/i><\/b> <span data-contrast=\"auto\">La Facultad de Ingenier\u00eda Me<\/span><span data-contrast=\"auto\">c\u00e1nica El\u00e9ctrica <\/span><span data-contrast=\"auto\">(FIME) <\/span><span data-contrast=\"auto\">de la <\/span><span data-contrast=\"auto\">Universidad Veracruzana<\/span><span data-contrast=\"auto\"> (<\/span><span data-contrast=\"auto\">UV), f<\/span><span data-contrast=\"auto\">ue <\/span><span data-contrast=\"auto\">galardonada con el P<\/span><span data-contrast=\"auto\">remio <\/span><span data-contrast=\"auto\">Globo de Oro<\/span><span data-contrast=\"auto\"> por parte <\/span><span data-contrast=\"auto\">del Instituto de Ingenieros <\/span><span data-contrast=\"auto\">Industrial<\/span><span data-contrast=\"auto\">es<\/span> <span data-contrast=\"auto\">y de <\/span><span data-contrast=\"auto\">S<\/span><span data-contrast=\"auto\">i<\/span><span data-contrast=\"auto\">stem<\/span><span data-contrast=\"auto\">a<\/span><span data-contrast=\"auto\">s<\/span> <span data-contrast=\"auto\">(IISE, por sus siglas en ingl\u00e9s) <\/span><span data-contrast=\"auto\">en reconocimiento a las mejoras, el progreso y los logros generales del <\/span><span data-contrast=\"auto\">Cap\u00ed<\/span><span data-contrast=\"auto\">tulo Estudiantil 653<\/span> <span data-contrast=\"auto\">IISE<\/span> <span data-contrast=\"auto\">UV <\/span><span data-contrast=\"auto\">en la gesti\u00f3n 2018-2019.<\/span><span data-ccp-props=\"{&quot;201341983&quot;:0,&quot;335559739&quot;:160,&quot;335559740&quot;:240}\">\u00a0<\/span><\/p>\n<p><span data-contrast=\"auto\">Fundada en 1948, IISE es la \u00fanica sociedad profesional internacional, sin fines de lucro, dedicada a promover la excelencia t\u00e9cnica y de gesti\u00f3n <\/span><span data-contrast=\"auto\">de los ingenieros industriales. <\/span><span data-contrast=\"auto\">El <\/span><span data-contrast=\"auto\">i<\/span><span data-contrast=\"auto\">nstituto se compromete a proporcionar <\/span><span data-contrast=\"auto\">a sus miembros<\/span> <span data-contrast=\"auto\">informaci\u00f3n oportuna sobre la profesi\u00f3n, <\/span><span data-contrast=\"auto\">comparte<\/span><span data-contrast=\"auto\"> inquietudes de ingenier\u00eda industrial<\/span><span data-contrast=\"auto\"> y de<\/span><span data-contrast=\"auto\"> negocios<\/span><span data-contrast=\"auto\">, as\u00ed como de<\/span><span data-contrast=\"auto\"> industrias que <\/span><span data-contrast=\"auto\">emplean ingenieros industriales.<\/span><span data-ccp-props=\"{&quot;201341983&quot;:0,&quot;335559731&quot;:708,&quot;335559739&quot;:160,&quot;335559740&quot;:240}\">\u00a0<\/span><\/p>\n<p><span data-contrast=\"auto\">E<\/span><span data-contrast=\"auto\">l <\/span><span data-contrast=\"auto\">C<\/span><span data-contrast=\"auto\">ap\u00edtulo <\/span><span data-contrast=\"auto\">Estudiantil desarroll\u00f3<\/span><span data-contrast=\"auto\"> y\/o particip\u00f3 en las siguientes acciones: <\/span><span data-contrast=\"auto\">l<\/span><span data-contrast=\"auto\">abores altruistas, actividades de sustentabilidad ecol\u00f3gica, actividades en pro de la comunidad estudiantil, Se<\/span><span data-contrast=\"auto\">mana de Ingenier\u00eda Industrial, <\/span><i><span data-contrast=\"auto\">r<\/span><\/i><i><span data-contrast=\"auto\">ally<\/span><\/i> <span data-contrast=\"auto\">d<\/span><span data-contrast=\"auto\">eportivo, <\/span><span data-contrast=\"auto\">talleres (TPM, <\/span><span data-contrast=\"auto\">n<\/span><span data-contrast=\"auto\">eum\u00e1tica <\/span><span data-contrast=\"auto\">b<\/span><span data-contrast=\"auto\">\u00e1sica, <\/span><span data-contrast=\"auto\">A<\/span><span data-contrast=\"auto\">utoCAD 2D y 3D, Matlab, Plan Maestro de Producci\u00f3n), ciclo de conferencias, visitas industriales, asistencia a la Semana Nacional del Emprendedor, visita indust<\/span><span data-contrast=\"auto\">rial a <\/span><span data-contrast=\"auto\">Petstar<\/span><span data-contrast=\"auto\">, Nestl\u00e9 y GAYA, s<\/span><span data-contrast=\"auto\">emana de <\/span><span data-contrast=\"auto\">i<\/span><span data-contrast=\"auto\">ntegraci\u00f3n alumnos de nuevo <\/span><span data-contrast=\"auto\">i<\/span><span data-contrast=\"auto\">ngreso de Ingenier\u00eda Industrial, celebraci\u00f3n del <\/span><span data-contrast=\"auto\">D\u00eda<\/span><span data-contrast=\"auto\"> de Muertos, curso de AutoCAD B\u00e1sico, entre otras.<\/span><span data-ccp-props=\"{&quot;201341983&quot;:0,&quot;335559731&quot;:708,&quot;335559739&quot;:160,&quot;335559740&quot;:240}\">\u00a0<\/span><\/p>\n<p><span data-contrast=\"auto\">Juan Rodrigo Laguna Camacho, <\/span><span data-contrast=\"auto\">d<\/span><span data-contrast=\"auto\">irector de la FIME<\/span><span data-contrast=\"auto\">,<\/span><span data-contrast=\"auto\"> se\u00f1al\u00f3<\/span><span data-contrast=\"auto\"> que tanto alumnos como maestros de la Facultad<\/span> <span data-contrast=\"auto\">mantuvieron de manera entusiasta el liderazgo, perseverancia y disciplina para que el <\/span><span data-contrast=\"auto\">Cap\u00ed<\/span><span data-contrast=\"auto\">tulo Estudiantil 653<\/span> <span data-contrast=\"auto\">IISE<\/span> <span data-contrast=\"auto\">UV <\/span><span data-contrast=\"auto\">pud<\/span><span data-contrast=\"auto\">ier<\/span><span data-contrast=\"auto\">a ser reconocido y premiado p\u00fablicamente por mantener la tendencia de la mejora y el progreso de las actividades acad\u00e9micas, profesionales, cul<\/span><span data-contrast=\"auto\">turales, deportivas y sociales.<\/span><span data-ccp-props=\"{&quot;201341983&quot;:0,&quot;335559731&quot;:708,&quot;335559739&quot;:160,&quot;335559740&quot;:240}\">\u00a0<\/span><\/p>\n<p><span data-contrast=\"auto\">Por su pa<\/span><span data-contrast=\"auto\">rte<\/span><span data-contrast=\"auto\">,<\/span><span data-contrast=\"auto\"> la presidenta del <\/span><span data-contrast=\"auto\">Cap\u00ed<\/span><span data-contrast=\"auto\">tulo Estudiantil 653<\/span> <span data-contrast=\"auto\">IISE<\/span> <span data-contrast=\"auto\">UV<\/span><span data-contrast=\"auto\">,<\/span> <span data-contrast=\"auto\">Yaznay<\/span><span data-contrast=\"auto\"> V\u00e1zquez Gonz\u00e1lez<\/span><span data-contrast=\"auto\">,<\/span><span data-contrast=\"auto\"> dijo que gracias al esfuerzo de sus compa\u00f1eros de <\/span><span data-contrast=\"auto\">la<\/span><span data-contrast=\"auto\"> mesa directiva que representa y la pasada <\/span><span data-contrast=\"auto\">\u2013<\/span><span data-contrast=\"auto\">que fue presidida por Isaac Mancha Maya<\/span><span data-contrast=\"auto\">\u2013<\/span><span data-contrast=\"auto\">, adem\u00e1s del apoyo de las autoridades universitarias y acad\u00e9micos<\/span><span data-contrast=\"auto\">,<\/span><span data-contrast=\"auto\"> se obtuvo este importante reconocimiento que pone en alto el nombre de la U<\/span><span data-contrast=\"auto\">V <\/span><span data-contrast=\"auto\">y de <\/span><span data-contrast=\"auto\">FIME<\/span><span data-contrast=\"auto\">.<\/span><span data-ccp-props=\"{&quot;201341983&quot;:0,&quot;335559731&quot;:708,&quot;335559739&quot;:160,&quot;335559740&quot;:240}\">\u00a0<\/span><\/p>\n<p><span data-contrast=\"auto\">\u201cEste reconocimiento representa un incentivo muy importante por el trabajo que la comunidad universitaria de esta Facultad ha realizado desde que se cre\u00f3 el Cap\u00edtulo Estudiantil, el cual ha recibido todo el apoyo por parte del vicerrector Jos\u00e9 Luis Alan\u00eds M\u00e9ndez, quien junto a nuestro director Juan Rodrigo Laguna nos han impulsado en tod<\/span><span data-contrast=\"auto\">a<\/span><span data-contrast=\"auto\">s las tareas que hemos emprendido.\u201d<\/span><span data-ccp-props=\"{&quot;201341983&quot;:0,&quot;335559731&quot;:708,&quot;335559739&quot;:160,&quot;335559740&quot;:240}\">\u00a0<\/span><\/p>\n<p><span data-contrast=\"auto\">Este reconocimiento<\/span><span data-contrast=\"auto\">,<\/span> <span data-contrast=\"auto\">admiti\u00f3, <\/span><span data-contrast=\"auto\">les motiva a continuar trabajando como hasta ahora.<\/span><\/p>\n","protected":false},"excerpt":{"rendered":"<p>\u201cEs un incentivo muy importante por el trabajo que la comunidad universitaria de esta Facultad ha realizado desde que se cre\u00f3 el Cap\u00edtulo Estudiantil\u201d: Yaznay V\u00e1zquez Gonz\u00e1lez <\/p>\n","protected":false},"author":1508,"featured_media":72627,"comment_status":"closed","ping_status":"closed","sticky":false,"template":"","format":"standard","meta":[],"categories":[54,61],"tags":[],"_links":{"self":[{"href":"https:\/\/www.uv.mx\/prensa\/wp-json\/wp\/v2\/posts\/72626"}],"collection":[{"href":"https:\/\/www.uv.mx\/prensa\/wp-json\/wp\/v2\/posts"}],"about":[{"href":"https:\/\/www.uv.mx\/prensa\/wp-json\/wp\/v2\/types\/post"}],"author":[{"embeddable":true,"href":"https:\/\/www.uv.mx\/prensa\/wp-json\/wp\/v2\/users\/1508"}],"replies":[{"embeddable":true,"href":"https:\/\/www.uv.mx\/prensa\/wp-json\/wp\/v2\/comments?post=72626"}],"version-history":[{"count":0,"href":"https:\/\/www.uv.mx\/prensa\/wp-json\/wp\/v2\/posts\/72626\/revisions"}],"wp:featuredmedia":[{"embeddable":true,"href":"https:\/\/www.uv.mx\/prensa\/wp-json\/wp\/v2\/media\/72627"}],"wp:attachment":[{"href":"https:\/\/www.uv.mx\/prensa\/wp-json\/wp\/v2\/media?parent=72626"}],"wp:term":[{"taxonomy":"category","embeddable":true,"href":"https:\/\/www.uv.mx\/prensa\/wp-json\/wp\/v2\/categories?post=72626"},{"taxonomy":"post_tag","embeddable":true,"href":"https:\/\/www.uv.mx\/prensa\/wp-json\/wp\/v2\/tags?post=72626"}],"curies":[{"name":"wp","href":"https:\/\/api.w.org\/{rel}","templated":true}]}}