{"id":72638,"date":"2019-09-01T08:00:49","date_gmt":"2019-09-01T13:00:49","guid":{"rendered":"https:\/\/www.uv.mx\/prensa\/?p=72638"},"modified":"2019-08-30T19:25:14","modified_gmt":"2019-08-31T00:25:14","slug":"egresada-uv-participo-en-concurso-de-sociedad-de-ingenieros-del-petroleo","status":"publish","type":"post","link":"https:\/\/www.uv.mx\/prensa\/banner\/egresada-uv-participo-en-concurso-de-sociedad-de-ingenieros-del-petroleo\/","title":{"rendered":"Egresada UV particip\u00f3 en concurso de Sociedad de Ingenieros del Petr\u00f3leo"},"content":{"rendered":"<ul>\n<li data-leveltext=\"\uf0b7\" data-font=\"Symbol\" data-listid=\"1\" data-aria-posinset=\"1\" data-aria-level=\"1\"><i><span data-contrast=\"auto\">Mar\u00eda Jos\u00e9 Cruz Tun particip\u00f3 con tesis de licenciatura que desarroll\u00f3 durante su servicio social en el Instituto Mexicano del Petr\u00f3leo<\/span><\/i><span data-ccp-props=\"{&quot;134233279&quot;:true}\">\u00a0<\/span><\/li>\n<\/ul>\n<p>&nbsp;<\/p>\n<div id=\"attachment_72479\" style=\"width: 732px\" class=\"wp-caption aligncenter\"><a href=\"https:\/\/www.uv.mx\/prensa\/files\/2019\/08\/260819-Maria-Jose-Cruz-1.jpg\"><img aria-describedby=\"caption-attachment-72479\" decoding=\"async\" loading=\"lazy\" class=\"size-full wp-image-72479\" src=\"https:\/\/www.uv.mx\/prensa\/files\/2019\/08\/260819-Maria-Jose-Cruz-1.jpg\" alt=\"\" width=\"722\" height=\"481\" srcset=\"https:\/\/www.uv.mx\/prensa\/files\/2019\/08\/260819-Maria-Jose-Cruz-1.jpg 722w, https:\/\/www.uv.mx\/prensa\/files\/2019\/08\/260819-Maria-Jose-Cruz-1-300x200.jpg 300w\" sizes=\"(max-width: 722px) 100vw, 722px\" \/><\/a><p id=\"caption-attachment-72479\" class=\"wp-caption-text\">Mar\u00eda Jos\u00e9 Cruz particip\u00f3 en evento organizado por The Society of Petroleum Engineers<\/p><\/div>\n<p>&nbsp;<\/p>\n<p><b><i><span data-contrast=\"auto\">Paola Cort\u00e9s P\u00e9rez<\/span><\/i><\/b><span data-ccp-props=\"{}\">\u00a0<\/span><\/p>\n<p><b><i><span data-contrast=\"auto\">01<\/span><\/i><\/b><b><i><span data-contrast=\"auto\">\/09\/2019, Xalapa, <\/span><\/i><\/b><b><i><span data-contrast=\"auto\">Ver.-<\/span><\/i><\/b> <span data-contrast=\"auto\">Mar\u00eda Jos\u00e9 Cruz Tun, egresada del programa educativo (PE) Ingenier\u00eda Petrolera de <\/span><span data-contrast=\"auto\">la Universidad Veracruzan<\/span><span data-contrast=\"auto\">a (UV), particip\u00f3 en el <\/span><span data-contrast=\"auto\">Gulf<\/span> <span data-contrast=\"auto\">Coast<\/span><span data-contrast=\"auto\"> Regional <\/span><span data-contrast=\"auto\">Student<\/span> <span data-contrast=\"auto\">Paper<\/span> <span data-contrast=\"auto\">Contest<\/span><span data-contrast=\"auto\"> 2019, organizado por <\/span><span data-contrast=\"auto\">la<\/span><span data-contrast=\"auto\"> Socie<\/span><span data-contrast=\"auto\">dad de Ingenieros del<\/span> <span data-contrast=\"auto\">Petr<\/span><span data-contrast=\"auto\">\u00f3leo<\/span> <span data-contrast=\"auto\">(SPE<\/span><span data-contrast=\"auto\">, por sus siglas en ingl\u00e9s<\/span><span data-contrast=\"auto\">)<\/span><span data-contrast=\"auto\"> y llevado a cabo el pasado <\/span><span data-contrast=\"auto\">6 de abril<\/span><span data-contrast=\"auto\">.<\/span><span data-ccp-props=\"{}\">\u00a0<\/span><\/p>\n<p><span data-contrast=\"auto\">En entrevista, Mar\u00eda Jos\u00e9 <\/span><span data-contrast=\"auto\">explic\u00f3<\/span><span data-contrast=\"auto\"> que<\/span> <span data-contrast=\"auto\">se<\/span> <span data-contrast=\"auto\">trata de un<\/span><span data-contrast=\"auto\"> concurso<\/span><span data-contrast=\"auto\"> de art\u00edculos t\u00e9cnicos estudiantiles organizado anualmente por la SPE<\/span><span data-contrast=\"auto\">, <\/span><span data-contrast=\"auto\">organismo que coordina 14 concursos regionales de trabajos estudiantiles de nivel licenciatura, maestr\u00eda y doctorado.<\/span><span data-ccp-props=\"{&quot;335559731&quot;:708}\">\u00a0<\/span><\/p>\n<p><span data-contrast=\"auto\">Detall\u00f3 que los estudiantes compiten contra otros estudiantes <\/span><span data-contrast=\"auto\">en su regi\u00f3n, para avanzar al concurso internacional <\/span><span data-contrast=\"auto\">Annual<\/span> <span data-contrast=\"auto\">Technical<\/span> <span data-contrast=\"auto\">Conference<\/span><span data-contrast=\"auto\"> and <\/span><span data-contrast=\"auto\">Exhibition<\/span><span data-contrast=\"auto\"> (ATCE) de la SPE<\/span><span data-contrast=\"auto\">.<\/span><span data-ccp-props=\"{&quot;335559731&quot;:708}\">\u00a0<\/span><\/p>\n<p><span data-contrast=\"auto\">Este a\u00f1o<\/span><span data-contrast=\"auto\"> el evento acad\u00e9mico se <\/span><span data-contrast=\"auto\">realiz\u00f3<\/span><span data-contrast=\"auto\"> en las instalaciones de la Universidad de Houston, Texas, Estados Unidos, y <\/span><span data-contrast=\"auto\">ella <\/span><span data-contrast=\"auto\">particip\u00f3 con su tesis de licenciatura intitulada \u201c<\/span><span data-contrast=\"auto\">Methodological<\/span> <span data-contrast=\"auto\">Analysis<\/span> <span data-contrast=\"auto\">for<\/span> <span data-contrast=\"auto\">the<\/span> <span data-contrast=\"auto\">Configuration<\/span><span data-contrast=\"auto\"> of <\/span><span data-contrast=\"auto\">Onshore<\/span> <span data-contrast=\"auto\">Flowlines<\/span> <span data-contrast=\"auto\">Through<\/span> <span data-contrast=\"auto\">the<\/span> <span data-contrast=\"auto\">Implementation<\/span><span data-contrast=\"auto\"> of <\/span><span data-contrast=\"auto\">Unbonded<\/span><span data-contrast=\"auto\"> Flexible Pipe<\/span><span data-contrast=\"auto\">\u201d, siendo la \u00fanic<\/span><span data-contrast=\"auto\">a<\/span><span data-contrast=\"auto\"> mexicana.<\/span><span data-ccp-props=\"{&quot;335559731&quot;:708}\">\u00a0<\/span><\/p>\n<p><span data-contrast=\"auto\">Mar\u00eda Jos\u00e9 es originaria de Isla Mujeres, Quintana Roo, y realiz\u00f3 sus estudios profesionales en la UV por l<\/span><span data-contrast=\"auto\">a cercan\u00eda a su familia paterna, adem\u00e1s de <\/span><span data-contrast=\"auto\">que <\/span><span data-contrast=\"auto\">una prima estudi\u00f3 el mismo PE <\/span><span data-contrast=\"auto\">y le platic\u00f3 sobre la F<\/span><span data-contrast=\"auto\">acultad y las pr\u00e1cticas de campo, \u201ctodo esto me llam\u00f3 la atenci\u00f3n, por eso decid\u00ed estudiar aqu\u00ed\u201d.<\/span><span data-ccp-props=\"{&quot;335559731&quot;:708}\">\u00a0<\/span><\/p>\n<p><span data-contrast=\"auto\">Agreg\u00f3 que fue complicado estudiar <\/span><span data-contrast=\"auto\">en la regi\u00f3n Poza Rica-Tuxpan<\/span><span data-contrast=\"auto\">, sobre todo por estar pr\u00e1cticamente sola en un lugar nuevo; \u201cesta experiencia me permiti\u00f3 desarrollar habilidades de inteligencia emocional y aprender a administrar los recursos que uno tiene\u201d.<\/span><span data-ccp-props=\"{&quot;335559731&quot;:708}\">\u00a0<\/span><\/p>\n<p><span data-contrast=\"auto\">Dijo que elegir a la UV como su alma m\u00e1ter fue la mejor decisi\u00f3n que pudo tomar, le ha brindado todas las herramientas necesarias para culminar y destacar en sus estudios, por <\/span><span data-contrast=\"auto\">ejemplo<\/span><span data-contrast=\"auto\">,<\/span><span data-contrast=\"auto\"> haber sido parte de la tercera generaci\u00f3n del Programa J\u00f3venes de Excelencia <\/span><i><span data-contrast=\"auto\">CitiBanamex<\/span><\/i><span data-contrast=\"auto\">, realizar movilidad semestral en la Universidad Nacional Aut\u00f3noma de M\u00e9xico (UNAM) y formar parte de la Mesa Directiva del Cap\u00edtulo Estudiantil SPE-UV Poza Rica.<\/span><span data-ccp-props=\"{&quot;335559731&quot;:708}\">\u00a0<\/span><\/p>\n<p><span data-contrast=\"auto\">\u201cDurante mi estancia en la Universidad tuve excelentes profesores que con mucho gusto compartieron sus conocimientos te\u00f3ricos y t\u00e9cnicos<\/span><span data-contrast=\"auto\">,<\/span><span data-contrast=\"auto\"> nos facilitaban las visitas en campo, <\/span><span data-contrast=\"auto\">por lo que mi formaci\u00f3n acad\u00e9mica fue muy completa.\u201d<\/span><span data-ccp-props=\"{&quot;335559731&quot;:708}\">\u00a0<\/span><\/p>\n<p><span data-contrast=\"auto\">Concluy\u00f3 sus es<\/span><span data-contrast=\"auto\">tudios en febrero de este a\u00f1o y<\/span><span data-contrast=\"auto\"> actualmente es becaria en Petr\u00f3leos Mexicanos (<\/span><i><span data-contrast=\"auto\">Pemex<\/span><\/i><span data-contrast=\"auto\">), por parte de SPE, en Villahermosa, Tabasco. \u201cMis planes son ingresar a la compa\u00f1\u00eda al terminar la estancia\u201d.<\/span><span data-ccp-props=\"{&quot;335559731&quot;:708}\">\u00a0<\/span><\/p>\n<p><span data-ccp-props=\"{}\">\u00a0<\/span><\/p>\n<p><b><span data-contrast=\"auto\">Gulf<\/span><\/b> <b><span data-contrast=\"auto\">Coast<\/span><\/b><b><span data-contrast=\"auto\"> Regional <\/span><\/b><b><span data-contrast=\"auto\">Student<\/span><\/b> <b><span data-contrast=\"auto\">Paper<\/span><\/b> <b><span data-contrast=\"auto\">Contest<\/span><\/b><b><span data-contrast=\"auto\"> 2019<\/span><\/b><span data-ccp-props=\"{}\">\u00a0<\/span><\/p>\n<p><span data-contrast=\"auto\">Mar\u00eda Jos\u00e9 Cruz fue integrante de la Mesa Directiva y miembro<\/span> <span data-contrast=\"auto\">del Cap\u00edtulo Estudiantil SPE-UV<\/span> <span data-contrast=\"auto\">Poza Rica<\/span><span data-contrast=\"auto\">, <\/span><span data-contrast=\"auto\">lo cual <\/span><span data-contrast=\"auto\">le dio la oportunidad de participar en diversos t<\/span><span data-contrast=\"auto\">ipos de eventos internacionales, uno de ellos el <\/span><span data-contrast=\"auto\">Gulf<\/span> <span data-contrast=\"auto\">Coast<\/span><span data-contrast=\"auto\"> Regional <\/span><span data-contrast=\"auto\">Student<\/span> <span data-contrast=\"auto\">Paper<\/span> <span data-contrast=\"auto\">Contest<\/span><span data-contrast=\"auto\"> 2019<\/span><span data-contrast=\"auto\">.<\/span><span data-ccp-props=\"{}\">\u00a0<\/span><\/p>\n<p><span data-contrast=\"auto\">Para <\/span><span data-contrast=\"auto\">entrar<\/span><span data-contrast=\"auto\"> en el evento acad\u00e9mico, explic\u00f3, estuvo atenta a la publicaci\u00f3n de la convocatoria en los medios de comunicaci\u00f3n para enviar el resumen de su trabajo. Posteriormente, recibi\u00f3 su carta de aceptaci\u00f3n de la SPE Secci\u00f3n M\u00e9xico, la cual cubri\u00f3 los gastos de su participaci\u00f3n.<\/span><span data-ccp-props=\"{&quot;335559731&quot;:708}\">\u00a0<\/span><\/p>\n<p><span data-contrast=\"auto\">\u201cCuando recib\u00ed el correo de aceptaci\u00f3n sent\u00ed una gran satisfacci\u00f3n y felicidad, las horas de estudio ten\u00edan su recompensa. Pens\u00e9 estar muy bien preparada para representar a la Universidad y hacer un buen papel en el evento.\u201d<\/span><span data-ccp-props=\"{&quot;335559731&quot;:708}\">\u00a0<\/span><\/p>\n<p><span data-contrast=\"auto\">Dijo que competir con estudiantes de universidades de Texas, Estados Unidos, fue una gran experiencia y dej\u00f3 en claro que los estudiantes mexicanos tienen la capacidad de desarrollar temas de investigaci\u00f3n de gran impacto para la industria petrolera, por ello consider\u00f3 que debe motivarse y apoyar a m\u00e1s estudiantes para competir en este evento.<\/span><span data-ccp-props=\"{&quot;335559731&quot;:708}\">\u00a0<\/span><\/p>\n<p><span data-contrast=\"auto\">Con relaci\u00f3n a su trabajo de investigaci\u00f3n, <\/span><span data-contrast=\"auto\">refiri\u00f3<\/span><span data-contrast=\"auto\"> que lo desarroll\u00f3 durante su servicio social en el Instituto Mexicano del Petr\u00f3leo, con la asesor\u00eda de Juan Clavel L\u00f3pez y Flavio Lagos Galv\u00e1n, adem\u00e1s de Fernando Flores \u00c1vila de <\/span><i><span data-contrast=\"auto\">Pemex<\/span><\/i><span data-contrast=\"auto\">, quienes le plantearon la problem\u00e1tica que existe en el transporte superficial de hidrocarburos, y c\u00f3mo el uso de la tecnolog\u00eda tuber\u00eda flexible puede ser una alternativa de soluci\u00f3n.<\/span><span data-ccp-props=\"{&quot;335559731&quot;:708}\">\u00a0<\/span><\/p>\n<p><span data-contrast=\"auto\">Mencion\u00f3 que en<\/span><span data-contrast=\"auto\"> los pr\u00f3ximos a\u00f1os la industria petrolera en M\u00e9xico requerir\u00e1 el dise\u00f1o, rehabilitaci\u00f3n y sustituci\u00f3n de una gran cantidad de l\u00edneas de recolecci\u00f3n que se encuentran <\/span><span data-contrast=\"auto\">cerca de su l\u00edmite de vida \u00fatil, situaci\u00f3n que puede solucionarse con nuevas tecnolog\u00edas para el transporte de hidrocarburos, como la tuber\u00eda flexible no integrada.<\/span><span data-ccp-props=\"{&quot;335559731&quot;:708}\">\u00a0<\/span><\/p>\n<p><span data-contrast=\"auto\">\u201cLa metodolog\u00eda se aplica mediante <\/span><span data-contrast=\"auto\">un<\/span><span data-contrast=\"auto\">a<\/span><span data-contrast=\"auto\"> t\u00e9cnica experimental<\/span><span data-contrast=\"auto\"> que imita el comportamiento t\u00edpico de un campo petrolero en el pa\u00eds, para comparar las diferentes configuraciones posibles en la red de transporte, mediante simulaciones en <\/span><i><span data-contrast=\"auto\">software<\/span><\/i><span data-contrast=\"auto\"> comercial.\u201d<\/span><span data-ccp-props=\"{&quot;335559731&quot;:708}\">\u00a0<\/span><\/p>\n<p><span data-contrast=\"auto\">Por \u00faltimo, agradeci\u00f3 a esta casa de estudios por la formaci\u00f3n acad\u00e9mica que le brind\u00f3, as\u00ed como a sus profesores<\/span><span data-contrast=\"auto\">.<\/span><span data-ccp-props=\"{&quot;335559731&quot;:708}\">\u00a0<\/span><\/p>\n<p>&nbsp;<\/p>\n<div id=\"attachment_72478\" style=\"width: 732px\" class=\"wp-caption aligncenter\"><a href=\"https:\/\/www.uv.mx\/prensa\/files\/2019\/08\/260819-Maria-Jose-Cruz-2.jpg\"><img aria-describedby=\"caption-attachment-72478\" decoding=\"async\" loading=\"lazy\" class=\"size-full wp-image-72478\" src=\"https:\/\/www.uv.mx\/prensa\/files\/2019\/08\/260819-Maria-Jose-Cruz-2.jpg\" alt=\"\" width=\"722\" height=\"481\" srcset=\"https:\/\/www.uv.mx\/prensa\/files\/2019\/08\/260819-Maria-Jose-Cruz-2.jpg 722w, https:\/\/www.uv.mx\/prensa\/files\/2019\/08\/260819-Maria-Jose-Cruz-2-300x200.jpg 300w\" sizes=\"(max-width: 722px) 100vw, 722px\" \/><\/a><p id=\"caption-attachment-72478\" class=\"wp-caption-text\">Mar\u00eda Jos\u00e9, al centro, convivi\u00f3 con sus pares de otros pa\u00edses<\/p><\/div>\n","protected":false},"excerpt":{"rendered":"<p>Mar\u00eda Jos\u00e9 Cruz Tun particip\u00f3 con la tesis que desarroll\u00f3 durante su servicio social en el Instituto Mexicano del Petr\u00f3leo <\/p>\n","protected":false},"author":1508,"featured_media":72639,"comment_status":"closed","ping_status":"closed","sticky":false,"template":"","format":"standard","meta":[],"categories":[61],"tags":[],"_links":{"self":[{"href":"https:\/\/www.uv.mx\/prensa\/wp-json\/wp\/v2\/posts\/72638"}],"collection":[{"href":"https:\/\/www.uv.mx\/prensa\/wp-json\/wp\/v2\/posts"}],"about":[{"href":"https:\/\/www.uv.mx\/prensa\/wp-json\/wp\/v2\/types\/post"}],"author":[{"embeddable":true,"href":"https:\/\/www.uv.mx\/prensa\/wp-json\/wp\/v2\/users\/1508"}],"replies":[{"embeddable":true,"href":"https:\/\/www.uv.mx\/prensa\/wp-json\/wp\/v2\/comments?post=72638"}],"version-history":[{"count":0,"href":"https:\/\/www.uv.mx\/prensa\/wp-json\/wp\/v2\/posts\/72638\/revisions"}],"wp:featuredmedia":[{"embeddable":true,"href":"https:\/\/www.uv.mx\/prensa\/wp-json\/wp\/v2\/media\/72639"}],"wp:attachment":[{"href":"https:\/\/www.uv.mx\/prensa\/wp-json\/wp\/v2\/media?parent=72638"}],"wp:term":[{"taxonomy":"category","embeddable":true,"href":"https:\/\/www.uv.mx\/prensa\/wp-json\/wp\/v2\/categories?post=72638"},{"taxonomy":"post_tag","embeddable":true,"href":"https:\/\/www.uv.mx\/prensa\/wp-json\/wp\/v2\/tags?post=72638"}],"curies":[{"name":"wp","href":"https:\/\/api.w.org\/{rel}","templated":true}]}}