{"id":72668,"date":"2019-09-02T08:00:36","date_gmt":"2019-09-02T13:00:36","guid":{"rendered":"https:\/\/www.uv.mx\/prensa\/?p=72668"},"modified":"2019-08-30T20:29:55","modified_gmt":"2019-08-31T01:29:55","slug":"uv-y-ecl-impartiran-curso-sobre-sistema-penal-acusatorio","status":"publish","type":"post","link":"https:\/\/www.uv.mx\/prensa\/banner\/uv-y-ecl-impartiran-curso-sobre-sistema-penal-acusatorio\/","title":{"rendered":"UV y ECL impartir\u00e1n curso sobre sistema penal acusatorio"},"content":{"rendered":"<ul>\n<li data-leveltext=\"\uf0b7\" data-font=\"Symbol\" data-listid=\"1\" data-aria-posinset=\"1\" data-aria-level=\"1\"><i><span data-contrast=\"auto\">En el marco de la Escuela Complutense Latinoamericana<\/span><\/i><i><span data-contrast=\"auto\">,<\/span><\/i> <i><span data-contrast=\"auto\">la UV ser\u00e1 sede <\/span><\/i><i><span data-contrast=\"auto\">de este evento, <\/span><\/i><i><span data-contrast=\"auto\">del 14 al 25 de octubre<\/span><\/i><span data-ccp-props=\"{&quot;134233279&quot;:true,&quot;201341983&quot;:0,&quot;335559739&quot;:160,&quot;335559740&quot;:240}\">\u00a0<\/span><\/li>\n<li data-leveltext=\"\uf0b7\" data-font=\"Symbol\" data-listid=\"1\" data-aria-posinset=\"2\" data-aria-level=\"1\"><i><span data-contrast=\"auto\">La capacitaci\u00f3n es presencial y va dirigida<\/span><\/i><i><span data-contrast=\"auto\"> a estudiantes<\/span><\/i><i><span data-contrast=\"auto\"> de licenciatura, posgrado y <\/span><\/i><i><span data-contrast=\"auto\">profesores<\/span><\/i><span data-ccp-props=\"{&quot;134233279&quot;:true,&quot;201341983&quot;:0,&quot;335559739&quot;:160,&quot;335559740&quot;:240}\">\u00a0<\/span><\/li>\n<li data-leveltext=\"\uf0b7\" data-font=\"Symbol\" data-listid=\"1\" data-aria-posinset=\"3\" data-aria-level=\"1\"><i><span data-contrast=\"auto\">Al <\/span><\/i><i><span data-contrast=\"auto\">t\u00e9rmino<\/span><\/i><i><span data-contrast=\"auto\">, se emitir\u00e1 constancia por parte de ambas universidades<\/span><\/i><span data-ccp-props=\"{&quot;134233279&quot;:true,&quot;201341983&quot;:0,&quot;335559739&quot;:160,&quot;335559740&quot;:240}\">\u00a0<\/span><\/li>\n<\/ul>\n<p>&nbsp;<\/p>\n<div id=\"attachment_72373\" style=\"width: 732px\" class=\"wp-caption aligncenter\"><a href=\"https:\/\/www.uv.mx\/prensa\/files\/2019\/08\/230819-SISTEMA-ACUSATORIO-1.jpg\"><img aria-describedby=\"caption-attachment-72373\" decoding=\"async\" loading=\"lazy\" class=\"size-full wp-image-72373\" src=\"https:\/\/www.uv.mx\/prensa\/files\/2019\/08\/230819-SISTEMA-ACUSATORIO-1.jpg\" alt=\"\" width=\"722\" height=\"480\" srcset=\"https:\/\/www.uv.mx\/prensa\/files\/2019\/08\/230819-SISTEMA-ACUSATORIO-1.jpg 722w, https:\/\/www.uv.mx\/prensa\/files\/2019\/08\/230819-SISTEMA-ACUSATORIO-1-300x199.jpg 300w\" sizes=\"(max-width: 722px) 100vw, 722px\" \/><\/a><p id=\"caption-attachment-72373\" class=\"wp-caption-text\">Rebeca Elizabeth Contreras L\u00f3pez dio a conocer el desarrollo de un curso orientado hacia el nuevo sistema penal acusatorio<\/p><\/div>\n<p>&nbsp;<\/p>\n<p><b><i><span data-contrast=\"auto\">Claudia Peralta V\u00e1zquez<\/span><\/i><\/b><span data-ccp-props=\"{&quot;201341983&quot;:0,&quot;335559739&quot;:160,&quot;335559740&quot;:240}\">\u00a0<\/span><\/p>\n<p><b><i><span data-contrast=\"auto\">02<\/span><\/i><\/b><b><i><span data-contrast=\"auto\">\/<\/span><\/i><\/b><b><i><span data-contrast=\"auto\">09<\/span><\/i><\/b><b><i><span data-contrast=\"auto\">\/<\/span><\/i><\/b><b><i><span data-contrast=\"auto\">20<\/span><\/i><\/b><b><i><span data-contrast=\"auto\">19, Xalapa, Ver.-<\/span><\/i><\/b> <span data-contrast=\"auto\">La Universidad Veracruzana <\/span><span data-contrast=\"auto\">(UV) ser\u00e1 sede de la Escuela Complutense Latinoamericana<\/span><span data-contrast=\"auto\"> (ECL)<\/span><span data-contrast=\"auto\">, del 14 al 25 de octubre, dentro de la cual se oferta el curso \u201cLos derechos humanos en la aplicaci\u00f3n del nuevo sistema penal acusatorio <\/span><span data-contrast=\"auto\">adversarial<\/span><span data-contrast=\"auto\">\u201d,<\/span><span data-contrast=\"auto\"> que<\/span><span data-contrast=\"auto\"> ser\u00e1 impartido por acad\u00e9micos de <\/span><span data-contrast=\"auto\">esta casa de estudios<\/span><span data-contrast=\"auto\"> y de la Universidad Complutense de Madrid (UCM).<\/span><span data-ccp-props=\"{&quot;201341983&quot;:0,&quot;335559739&quot;:160,&quot;335559740&quot;:240}\">\u00a0<\/span><\/p>\n<p><span data-contrast=\"auto\">Rebeca Elizabeth Contreras L\u00f3pez, acad\u00e9mica adscrita al Centro de Estudios sobre Derecho, Globalizaci\u00f3n y Seguridad <\/span><span data-contrast=\"auto\">(<\/span><i><span data-contrast=\"auto\">Cedegs<\/span><\/i><span data-contrast=\"auto\">) <\/span><span data-contrast=\"auto\">de la UV, dio a conocer que la <\/span><span data-contrast=\"auto\">ECL<\/span><span data-contrast=\"auto\"> o<\/span><span data-contrast=\"auto\">frece <\/span><span data-contrast=\"auto\">durante este periodo un total de 11 cursos relacionados con distintas \u00e1reas de estudio que pueden consultarse en la p\u00e1gina <\/span><a href=\"http:\/\/www.ucm.es\"><span data-contrast=\"none\">www.u<\/span><span data-contrast=\"none\">c<\/span><span data-contrast=\"none\">m.es<\/span><\/a><span data-ccp-props=\"{&quot;201341983&quot;:0,&quot;335559739&quot;:160,&quot;335559740&quot;:240}\">\u00a0<\/span><\/p>\n<p><span data-contrast=\"auto\">Sin embargo, el <\/span><span data-contrast=\"auto\">del<\/span><span data-contrast=\"auto\"> sistema de justicia penal acusatorio es el \u00fanico en el \u00e1mbito del derecho, y ser\u00e1 impartido por: Jes\u00fas Mar\u00eda Gonz\u00e1lez Garc\u00eda y Jos\u00e9 Manuel Chozas Alonso, de la UCM; Austria Paola Barradas Hern\u00e1ndez, acad\u00e9mica de la Facultad de Derecho UV<\/span><span data-contrast=\"auto\">,<\/span><span data-contrast=\"auto\"> y Contreras L\u00f3pez, quien coment\u00f3 que al t\u00e9rmino se otorgar\u00e1 una constancia por parte de ambas universidades.<\/span><span data-ccp-props=\"{&quot;201341983&quot;:0,&quot;335559739&quot;:160,&quot;335559740&quot;:240}\">\u00a0<\/span><\/p>\n<p><span data-contrast=\"auto\">La capacitaci\u00f3n<\/span><span data-contrast=\"auto\">, con una duraci\u00f3n de 60 horas (50 lectivas y <\/span><span data-contrast=\"auto\">10<\/span><span data-contrast=\"auto\"> de trabajo personal) est\u00e1 dirigid<\/span><span data-contrast=\"auto\">a<\/span><span data-contrast=\"auto\"> a estudia<\/span><span data-contrast=\"auto\">ntes de licenciatura, posgrado <\/span><span data-contrast=\"auto\">y profesores que tengan inter\u00e9s por adquirir conocimientos sobre este nuevo sistema.<\/span><span data-ccp-props=\"{&quot;201341983&quot;:0,&quot;335559739&quot;:160,&quot;335559740&quot;:240}\">\u00a0<\/span><\/p>\n<p><span data-contrast=\"auto\">Durante esas dos semanas<\/span><span data-contrast=\"auto\"> se expondr\u00e1 a los asistentes una <\/span><span data-contrast=\"auto\">s<\/span><span data-contrast=\"auto\">erie de elementos vinculados al <\/span><span data-contrast=\"auto\">proceso penal espa\u00f1ol y otros relacionados con el mexicano, aunque el procedimiento es similar.<\/span><span data-ccp-props=\"{&quot;201341983&quot;:0,&quot;335559739&quot;:160,&quot;335559740&quot;:240}\">\u00a0<\/span><\/p>\n<p><span data-contrast=\"auto\">Rebeca Elizabeth Contreras <\/span><span data-contrast=\"auto\">opin\u00f3<\/span><span data-contrast=\"auto\"> que se trata de una tem\u00e1tica importante para nuestro pa\u00eds, pues a pesar de que la reforma fue <\/span><span data-contrast=\"auto\">articulada en 2008, apenas se empieza a <\/span><span data-contrast=\"auto\">conoc<\/span><span data-contrast=\"auto\">er, <\/span><span data-contrast=\"auto\">opera<\/span><span data-contrast=\"auto\">r<\/span><span data-contrast=\"auto\"> y<\/span> <span data-contrast=\"auto\">ejecut<\/span><span data-contrast=\"auto\">ar <\/span><span data-contrast=\"auto\">desde el enfoque de los derechos humanos.<\/span><span data-ccp-props=\"{&quot;201341983&quot;:0,&quot;335559731&quot;:708,&quot;335559739&quot;:160,&quot;335559740&quot;:240}\">\u00a0<\/span><\/p>\n<p><span data-contrast=\"auto\">En este sentido, el trabajo de las <\/span><span data-contrast=\"auto\">universidades se hab\u00eda quedado muy rezagado<\/span><span data-contrast=\"auto\">,<\/span> <span data-contrast=\"auto\">por lo que desde hace dos generaciones se<\/span><span data-contrast=\"auto\"> ha impulsado la<\/span><span data-contrast=\"auto\"> capacitaci\u00f3n en esta materia.<\/span><span data-ccp-props=\"{&quot;201341983&quot;:0,&quot;335559731&quot;:708,&quot;335559739&quot;:160,&quot;335559740&quot;:240}\">\u00a0<\/span><\/p>\n<p><span data-contrast=\"auto\">\u201cS<\/span><span data-contrast=\"auto\">i bien protege los derechos humanos, en M\u00e9xico no ha funcionado de manera adecuada porque a\u00fan falta toda la preparaci\u00f3n previa para llevar a cabo los juicios<\/span><span data-contrast=\"auto\">.<\/span><span data-contrast=\"auto\">\u201d<\/span><span data-ccp-props=\"{&quot;201341983&quot;:0,&quot;335559731&quot;:708,&quot;335559739&quot;:160,&quot;335559740&quot;:240}\">\u00a0<\/span><\/p>\n<p><span data-contrast=\"auto\">Asimismo, se analizar\u00e1n los problemas nucleares de la justicia criminal desde el punto de vista de los derechos humano<\/span><span data-contrast=\"auto\">s<\/span><span data-contrast=\"auto\">, a la luz de la implantaci\u00f3n del proceso penal <\/span><span data-contrast=\"auto\">adversarial<\/span><span data-contrast=\"auto\"> en Latinoam\u00e9rica y los intentos frustrados de reforma acometidos en el derecho espa\u00f1ol.<\/span><span data-ccp-props=\"{&quot;201341983&quot;:0,&quot;335559731&quot;:708,&quot;335559739&quot;:160,&quot;335559740&quot;:240}\">\u00a0<\/span><\/p>\n<p><span data-contrast=\"auto\">En conclusi\u00f3n, se abordar\u00e1n los nuevos retos compartidos de la justicia penal: <\/span><span data-contrast=\"auto\">L<\/span><span data-contrast=\"auto\">ucha contra la criminalidad y crisis de Estado<\/span><span data-contrast=\"auto\">; Inter\u00e9s p\u00fablico y privatizaci\u00f3n de la tutela penal; Acusaci\u00f3n y enjuiciamiento: nueva distribuci\u00f3n de roles entre jueces y fiscales en el ejercicio de la acusaci\u00f3n e investigaci\u00f3n.<\/span><span data-ccp-props=\"{&quot;201341983&quot;:0,&quot;335559731&quot;:708,&quot;335559739&quot;:160,&quot;335559740&quot;:240}\">\u00a0<\/span><\/p>\n<p><span data-contrast=\"auto\">Tambi\u00e9n, sobresale el juego de los medios alternativos a la justicia penal; el papel de la v\u00edctima como parte acusadora; garant\u00edas del ciudadano y adopci\u00f3n de medidas cautelares restrictivas de la libertad; la pr\u00e1ctica de diligencias de investigaci\u00f3n restrictivas de derechos y garant\u00edas constitucionales; legalidad y oportunidad; y la revisi\u00f3n de la condena penal.<\/span><span data-ccp-props=\"{&quot;201341983&quot;:0,&quot;335559731&quot;:708,&quot;335559739&quot;:160,&quot;335559740&quot;:240}\">\u00a0<\/span><\/p>\n<p><span data-contrast=\"auto\">A\u00f1adi\u00f3 que las sesiones presenciales ser\u00e1n de <\/span><span data-contrast=\"auto\">9:00 a 14:00<\/span><span data-contrast=\"auto\"> horas, en la <\/span><span data-contrast=\"auto\">Facultad de<\/span><span data-contrast=\"auto\"> Ciencias Agr\u00edcolas;<\/span><span data-contrast=\"auto\"> el cupo<\/span><span data-contrast=\"auto\"> ser\u00e1 limitado para 30 personas <\/span><span data-contrast=\"auto\">y las<\/span> <span data-contrast=\"auto\">inscri<\/span><span data-contrast=\"auto\">pciones cierran <\/span><span data-contrast=\"auto\">el viernes 11 de octubre.<\/span><span data-ccp-props=\"{&quot;201341983&quot;:0,&quot;335559731&quot;:708,&quot;335559739&quot;:160,&quot;335559740&quot;:240}\">\u00a0<\/span><\/p>\n<p><span data-contrast=\"auto\">El costo es de <\/span><span data-contrast=\"auto\">100<\/span><span data-contrast=\"auto\"> euros para <\/span><span data-contrast=\"auto\">profesores y alumnos de la UV<\/span><span data-contrast=\"auto\">; y para p\u00fablico en general <\/span><span data-contrast=\"auto\">var\u00eda entre los<\/span><span data-contrast=\"auto\"> 140 y<\/span><span data-contrast=\"auto\"> 200 euros.<\/span><span data-ccp-props=\"{&quot;201341983&quot;:0,&quot;335559731&quot;:708,&quot;335559739&quot;:160,&quot;335559740&quot;:240}\">\u00a0<\/span><\/p>\n<p><span data-contrast=\"auto\">Los interesados pueden solicitar informes al correo: <\/span><a href=\"mailto:rcontreras@uv.mx\"><span data-contrast=\"none\">rcontreras@uv.mx<\/span><\/a><span data-contrast=\"auto\">,<\/span> <span data-contrast=\"auto\">o consultar el programa completo en: <\/span><a href=\"http:\/\/www.ucm.es\/ecl\"><span data-contrast=\"none\">www.uc<\/span><span data-contrast=\"none\">m<\/span><span data-contrast=\"none\">.es\/ecl<\/span><\/a><span data-contrast=\"auto\"> y <\/span><a href=\"https:\/\/www.uv.mx\/ecl\"><span data-contrast=\"none\">www.<\/span><span data-contrast=\"none\">u<\/span><span data-contrast=\"none\">v.mx\/ecl<\/span><\/a><span data-contrast=\"auto\">.<\/span><span data-ccp-props=\"{&quot;201341983&quot;:0,&quot;335559739&quot;:160,&quot;335559740&quot;:240}\">\u00a0<\/span><\/p>\n","protected":false},"excerpt":{"rendered":"<p>En este tema, el trabajo de las universidades se hab\u00eda quedado muy rezagado, por lo que desde hace dos generaciones se ha impulsado la capacitaci\u00f3n en esta materia<\/p>\n","protected":false},"author":1508,"featured_media":72669,"comment_status":"closed","ping_status":"closed","sticky":false,"template":"","format":"standard","meta":[],"categories":[61],"tags":[],"_links":{"self":[{"href":"https:\/\/www.uv.mx\/prensa\/wp-json\/wp\/v2\/posts\/72668"}],"collection":[{"href":"https:\/\/www.uv.mx\/prensa\/wp-json\/wp\/v2\/posts"}],"about":[{"href":"https:\/\/www.uv.mx\/prensa\/wp-json\/wp\/v2\/types\/post"}],"author":[{"embeddable":true,"href":"https:\/\/www.uv.mx\/prensa\/wp-json\/wp\/v2\/users\/1508"}],"replies":[{"embeddable":true,"href":"https:\/\/www.uv.mx\/prensa\/wp-json\/wp\/v2\/comments?post=72668"}],"version-history":[{"count":0,"href":"https:\/\/www.uv.mx\/prensa\/wp-json\/wp\/v2\/posts\/72668\/revisions"}],"wp:featuredmedia":[{"embeddable":true,"href":"https:\/\/www.uv.mx\/prensa\/wp-json\/wp\/v2\/media\/72669"}],"wp:attachment":[{"href":"https:\/\/www.uv.mx\/prensa\/wp-json\/wp\/v2\/media?parent=72668"}],"wp:term":[{"taxonomy":"category","embeddable":true,"href":"https:\/\/www.uv.mx\/prensa\/wp-json\/wp\/v2\/categories?post=72668"},{"taxonomy":"post_tag","embeddable":true,"href":"https:\/\/www.uv.mx\/prensa\/wp-json\/wp\/v2\/tags?post=72668"}],"curies":[{"name":"wp","href":"https:\/\/api.w.org\/{rel}","templated":true}]}}