{"id":72682,"date":"2019-09-02T08:00:01","date_gmt":"2019-09-02T13:00:01","guid":{"rendered":"https:\/\/www.uv.mx\/prensa\/?p=72682"},"modified":"2019-08-30T20:45:33","modified_gmt":"2019-08-31T01:45:33","slug":"estudiantes-uv-crearon-sistema-de-enfermeria-empresarial","status":"publish","type":"post","link":"https:\/\/www.uv.mx\/prensa\/general\/estudiantes-uv-crearon-sistema-de-enfermeria-empresarial\/","title":{"rendered":"Estudiantes UV crearon Sistema de Enfermer\u00eda Empresarial"},"content":{"rendered":"<p>&nbsp;<\/p>\n<div id=\"attachment_72475\" style=\"width: 732px\" class=\"wp-caption aligncenter\"><a href=\"https:\/\/www.uv.mx\/prensa\/files\/2019\/08\/270819-Enfermeria-1.jpg\"><img aria-describedby=\"caption-attachment-72475\" decoding=\"async\" loading=\"lazy\" class=\"size-full wp-image-72475\" src=\"https:\/\/www.uv.mx\/prensa\/files\/2019\/08\/270819-Enfermeria-1.jpg\" alt=\"\" width=\"722\" height=\"481\" srcset=\"https:\/\/www.uv.mx\/prensa\/files\/2019\/08\/270819-Enfermeria-1.jpg 722w, https:\/\/www.uv.mx\/prensa\/files\/2019\/08\/270819-Enfermeria-1-300x200.jpg 300w\" sizes=\"(max-width: 722px) 100vw, 722px\" \/><\/a><p id=\"caption-attachment-72475\" class=\"wp-caption-text\"><em>Sienem<\/em> est\u00e1 conformada por estudiantes de la Licenciatura en Enfermer\u00eda, con el fin de brindar atenci\u00f3n y promover la salud en toda la poblaci\u00f3n<\/p><\/div>\n<p>&nbsp;<\/p>\n<p><b><i><span data-contrast=\"auto\">02\/09\/2019, Xalapa, Ver.- <\/span><\/i><\/b><span data-contrast=\"auto\">E<\/span><span data-contrast=\"auto\">studiantes de la <\/span><span data-contrast=\"auto\">L<\/span><span data-contrast=\"auto\">icenciatura en Enfermer\u00eda<\/span><span data-contrast=\"auto\"> de la Universidad Veracruzana (UV) crearon la empresa <\/span><i><span data-contrast=\"auto\">Sienem<\/span><\/i><span data-contrast=\"auto\"> (Sistema de Enfermer\u00eda Empresarial), <\/span><span data-contrast=\"auto\">con el fin de brinda<\/span><span data-contrast=\"auto\">r <\/span><span data-contrast=\"auto\">atenci\u00f3n y promo<\/span><span data-contrast=\"auto\">ver <\/span><span data-contrast=\"auto\">la salud<\/span><span data-contrast=\"auto\"> en <\/span><span data-contrast=\"auto\">tod<\/span><span data-contrast=\"auto\">a la poblaci\u00f3n<\/span><span data-contrast=\"auto\">.<\/span><span data-ccp-props=\"{&quot;201341983&quot;:0,&quot;335559739&quot;:160,&quot;335559740&quot;:240}\">\u00a0<\/span><\/p>\n<p><span data-contrast=\"auto\">Los alumnos <\/span><span data-contrast=\"auto\">de la UV<\/span><span data-contrast=\"auto\"> presentar\u00e1n su proyecto<\/span><span data-contrast=\"auto\"> en la competencia Social Business\u202f<\/span><span data-contrast=\"auto\">Creation<\/span><span data-contrast=\"auto\">\u202f2019 (SBC)<\/span><span data-contrast=\"auto\">,<\/span><span data-contrast=\"auto\"> organizada por la HEC Montreal, el pr\u00f3x<\/span><span data-contrast=\"auto\">imo 30 de septiembre en Canad\u00e1.<\/span><span data-ccp-props=\"{&quot;201341983&quot;:0,&quot;335559731&quot;:709,&quot;335559739&quot;:160,&quot;335559740&quot;:240}\">\u00a0<\/span><\/p>\n<p><i><span data-contrast=\"auto\">Sienem<\/span><\/i><span data-contrast=\"auto\"> es una empresa enfocada <\/span><span data-contrast=\"auto\">a<\/span><span data-contrast=\"auto\">l emprendimiento social, con el objetivo de satisfacer las necesidades sociales y abordar \u00e1reas como la salud, la calidad del bienestar y el empleo digno para la poblaci\u00f3n. Asimismo, busca satisfacer aquellas necesidades de salud que la poblaci\u00f3n no tiene en cuenta y para lo cual no busca ayuda, debido a los h\u00e1bitos y la cultura que han realizado durante su vida, causando un deterioro en la calidad de su salud.<\/span><span data-ccp-props=\"{&quot;201341983&quot;:0,&quot;335559731&quot;:708,&quot;335559739&quot;:160,&quot;335559740&quot;:240}\">\u00a0<\/span><\/p>\n<p><span data-contrast=\"auto\">T<\/span><span data-contrast=\"auto\">ambi\u00e9n busca innovar la forma en que la sociedad puede obtener servicios m\u00e9dicos, cambiando la forma en que el personal es contratado y adapt\u00e1ndose a las necesidades de los individuos, lo que beneficiar\u00e1 su calidad de vida al centrarse en un primer nivel de atenci\u00f3n m\u00e9dica.<\/span><span data-ccp-props=\"{&quot;201341983&quot;:0,&quot;335559731&quot;:708,&quot;335559739&quot;:160,&quot;335559740&quot;:240}\">\u00a0<\/span><\/p>\n<p><span data-contrast=\"auto\">Es decir, <\/span><i><span data-contrast=\"auto\">Sienem<\/span><\/i> <span data-contrast=\"auto\">pretende<\/span><span data-contrast=\"auto\"> satisfacer, complementar y mejorar el sistema de salud mexicano con el trabajo de enfermeros<\/span><span data-contrast=\"auto\">;<\/span> <span data-contrast=\"auto\">brindar servicios de atenci\u00f3n de <\/span><span data-contrast=\"auto\">enfermer\u00eda<\/span><span data-contrast=\"auto\"> a precios compet<\/span><span data-contrast=\"auto\">itivos con personal profesional y<\/span><span data-contrast=\"auto\"> certificado<\/span><span data-contrast=\"auto\">,<\/span><span data-contrast=\"auto\"> dando oportunidades de empleo a reci\u00e9n egresados que cumplan con el perfil<\/span><span data-contrast=\"auto\">,<\/span><span data-contrast=\"auto\"> y as<\/span><span data-contrast=\"auto\">imismo atender<\/span><span data-contrast=\"auto\"> a comunidades de escasos recursos y\/o con dif\u00edcil acceso a un servicio de salud.<\/span><span data-ccp-props=\"{&quot;201341983&quot;:0,&quot;335559731&quot;:709,&quot;335559739&quot;:160,&quot;335559740&quot;:240}\">\u00a0<\/span><\/p>\n<p><span data-contrast=\"auto\">Bajo un modelo de negocios que no se esfuerza por maximizar los beneficios, sino m\u00e1s bien atender las necesidades m\u00e1s apremiantes de la humanidad<\/span><span data-contrast=\"auto\">.<\/span> <span data-contrast=\"auto\">L<\/span><span data-contrast=\"auto\">as empresas sociales est\u00e1n dise\u00f1adas para utilizar mecanismos de mercado para resolver desaf\u00edos sociales.<\/span><span data-ccp-props=\"{&quot;201341983&quot;:0,&quot;335559731&quot;:708,&quot;335559739&quot;:160,&quot;335559740&quot;:240}\">\u00a0<\/span><\/p>\n<p><span data-contrast=\"auto\">La <\/span><span data-contrast=\"auto\">SBC<\/span><span data-contrast=\"auto\"> utiliza <\/span><span data-contrast=\"none\">una t\u00e9cnica de aprendizaje <\/span><span data-contrast=\"none\">experiencial <\/span><span data-contrast=\"none\">que traslada la mec\u00e1nica de los juegos al \u00e1mbito educativo-profesional<\/span><span data-contrast=\"none\">,<\/span><span data-contrast=\"none\"> con el fin de conseguir mejores resultados y <\/span><span data-contrast=\"auto\">optimizar<\/span><span data-contrast=\"auto\"> la experiencia de aprendizaje de los estudiantes.<\/span> <span data-contrast=\"auto\">Los participantes aprender\u00e1n <\/span><span data-contrast=\"auto\">a<\/span><span data-contrast=\"auto\"> usar los mecanismos del mercado para enfrentar los desaf\u00edos sociales, <\/span><span data-contrast=\"auto\">aprovechar una mentalidad social colectiva, colaborar con varias partes interesadas y desarrollar su idea<\/span><span data-contrast=\"auto\"> de negocio en un negocio real.<\/span><span data-ccp-props=\"{&quot;201341983&quot;:0,&quot;335559731&quot;:708,&quot;335559739&quot;:160,&quot;335559740&quot;:240}\">\u00a0<\/span><\/p>\n<p><span data-contrast=\"auto\">El <\/span><span data-contrast=\"auto\">trabajo requerido de los participantes es equivalente a <\/span><span data-contrast=\"auto\">un curso de tres cr\u00e9ditos<\/span><span data-contrast=\"auto\">;<\/span> <span data-contrast=\"auto\">p<\/span><span data-contrast=\"auto\">or lo tanto, las universidades pueden integrar este concurso en su plan de estudios y otorgar cr\u00e9ditos a los estudiantes de acuerdo con su pol\u00edtica institucional.<\/span><span data-ccp-props=\"{&quot;201341983&quot;:0,&quot;335559731&quot;:708,&quot;335559739&quot;:160,&quot;335559740&quot;:240}\">\u00a0<\/span><\/p>\n<p><i><span data-contrast=\"auto\">Sienem<\/span><\/i> <span data-contrast=\"auto\">brinda servicio y promociona la salud con j\u00f3venes enfermeros profesionales, de calidad y certificados, brindando servicios de atenci\u00f3n a la madre y al ni\u00f1o, salud sexual y reproductiva, por lo que est\u00e1 encaminada a los Objetivos de Desarrollo Sostenible de la Agenda 2030 de la Organizaci\u00f3n de las Naciones Unidas (ONU).<\/span><span data-ccp-props=\"{&quot;201341983&quot;:0,&quot;335559731&quot;:708,&quot;335559739&quot;:160,&quot;335559740&quot;:240}\">\u00a0<\/span><\/p>\n<p><span data-contrast=\"auto\">Los servicios de <\/span><i><span data-contrast=\"auto\">Sienem<\/span><\/i> <span data-contrast=\"auto\">se brinda<\/span><span data-contrast=\"auto\">n <\/span><span data-contrast=\"auto\">a las personas que buscan una atenci\u00f3n \u00e1gil y personalizada, que se adapte al trabajo y a las actividades rutinarias a trav\u00e9s de una <\/span><i><span data-contrast=\"auto\">web-<\/span><\/i><i><span data-contrast=\"auto\">A<\/span><\/i><i><span data-contrast=\"auto\">pp<\/span><\/i><span data-contrast=\"auto\"> que el cliente podr\u00e1 utilizar para que puedan contactarse directamente con el personal y <\/span><span data-contrast=\"auto\">a trav\u00e9s de<\/span><span data-contrast=\"auto\"> un m\u00e9todo de pago m\u00e1s f\u00e1cil y seguro, todo des<\/span><span data-contrast=\"auto\">de la comodidad de sus hogares.<\/span><span data-ccp-props=\"{&quot;201341983&quot;:0,&quot;335559731&quot;:708,&quot;335559739&quot;:160,&quot;335559740&quot;:240}\">\u00a0<\/span><\/p>\n<p>&nbsp;<\/p>\n<div id=\"attachment_72474\" style=\"width: 732px\" class=\"wp-caption aligncenter\"><a href=\"https:\/\/www.uv.mx\/prensa\/files\/2019\/08\/270819-Enfermeria-2.jpg\"><img aria-describedby=\"caption-attachment-72474\" decoding=\"async\" loading=\"lazy\" class=\"size-full wp-image-72474\" src=\"https:\/\/www.uv.mx\/prensa\/files\/2019\/08\/270819-Enfermeria-2.jpg\" alt=\"\" width=\"722\" height=\"481\" srcset=\"https:\/\/www.uv.mx\/prensa\/files\/2019\/08\/270819-Enfermeria-2.jpg 722w, https:\/\/www.uv.mx\/prensa\/files\/2019\/08\/270819-Enfermeria-2-300x200.jpg 300w\" sizes=\"(max-width: 722px) 100vw, 722px\" \/><\/a><p id=\"caption-attachment-72474\" class=\"wp-caption-text\">Se centra en el primer nivel de atenci\u00f3n m\u00e9dica (prevenci\u00f3n y promoci\u00f3n)<\/p><\/div>\n<p>&nbsp;<\/p>\n<p><span data-contrast=\"auto\">Con esta herramienta, los clientes visualizar\u00e1n la atenci\u00f3n y los paquetes educativos centrados en la reducci\u00f3n de la mortalidad materna, neonatal e infantil; promoci<\/span><span data-contrast=\"auto\">onar\u00e1n los <\/span><span data-contrast=\"auto\">cuidados en caso de epidemias como el SIDA y la tuberculosis<\/span><span data-contrast=\"auto\">, as\u00ed como l<\/span><span data-contrast=\"auto\">a disminuci\u00f3n de las enfermedades no transmisibles y la<\/span><span data-contrast=\"auto\"> asistencia sanitaria neonatal.<\/span> <i><span data-contrast=\"auto\">Sienem<\/span><\/i> <span data-contrast=\"auto\">destinar\u00e1 el 15<\/span> <span data-contrast=\"auto\">por ciento<\/span> <span data-contrast=\"auto\">de sus ingresos netos para <\/span><span data-contrast=\"auto\">atender las anteriores problem\u00e1ticas<\/span><span data-contrast=\"auto\">.<\/span><span data-ccp-props=\"{&quot;201341983&quot;:0,&quot;335559731&quot;:708,&quot;335559739&quot;:160,&quot;335559740&quot;:240}\">\u00a0<\/span><\/p>\n<p><span data-contrast=\"auto\">Hoy en d\u00eda, el 97<\/span> <span data-contrast=\"auto\">por ciento<\/span><span data-contrast=\"auto\"> de la poblaci\u00f3n mexicana tiene acceso a servicios de salud<\/span><span data-contrast=\"auto\">; sin embargo<\/span><span data-contrast=\"auto\">, <\/span><span data-contrast=\"auto\">las<\/span><span data-contrast=\"auto\"> estad\u00edsticas <\/span><span data-contrast=\"auto\">de la Organizaci\u00f3n Panamericana de la Salud<\/span> <span data-contrast=\"auto\">(OPS) <\/span><span data-contrast=\"auto\">la<\/span><span data-contrast=\"auto\"> posicionan en los primeros lugares de morbilidad, lo<\/span> <span data-contrast=\"auto\">que genera un gasto masivo en salud en el tratamiento de estos pacientes y, adem\u00e1s, <\/span><span data-contrast=\"auto\">i<\/span><span data-contrast=\"auto\">nflu<\/span><span data-contrast=\"auto\">ye <\/span><span data-contrast=\"auto\">en el desarrollo de su vida diaria con repercusiones en su entorno social, econ\u00f3mico y laboral. <\/span><span data-contrast=\"auto\">E<\/span><span data-contrast=\"auto\">stos problemas pueden tratarse y evitarse en la etapa de prevenci\u00f3n y brindar a las personas la orientaci\u00f3n <\/span><span data-contrast=\"auto\">necesaria<\/span><span data-contrast=\"auto\">.<\/span><span data-ccp-props=\"{&quot;201341983&quot;:0,&quot;335559731&quot;:708,&quot;335559739&quot;:160,&quot;335559740&quot;:240}\">\u00a0<\/span><\/p>\n<p><i><span data-contrast=\"auto\">Sienem<\/span><\/i> <span data-contrast=\"auto\">reconoce la problem\u00e1tica a la que se enfrenta la poblaci\u00f3n cuando se<\/span><span data-contrast=\"auto\"> trata de la salud y el trabajo; en este sentido, <\/span><span data-contrast=\"auto\">tiene las bases heur\u00edsticas para ofrecer soluciones viables a cualquier problema de salud, centr\u00e1ndose en el primer nivel de atenci\u00f3n <\/span><span data-contrast=\"auto\">m\u00e9dica (prevenci\u00f3n y promoci\u00f3n<\/span><span data-contrast=\"auto\">), que es la forma comprobada en que la salud de toda la poblaci\u00f3n puede mejorar y centrarse en su propio cuidado al cambiar sus actividades diarias y las creencias o costumbres de la sociedad. <\/span><span data-contrast=\"auto\">Esto se logra <\/span><span data-contrast=\"auto\">con las habilidades en los ejes heur\u00edstico, axiol\u00f3gico y te\u00f3rico, basadas en las nuevas tecnolog\u00edas a las que una gran parte de la poblaci\u00f3n tiene acceso<\/span><span data-contrast=\"auto\">.<\/span><span data-ccp-props=\"{&quot;201341983&quot;:0,&quot;335559731&quot;:708,&quot;335559739&quot;:160,&quot;335559740&quot;:240}\">\u00a0<\/span><\/p>\n<p><span data-contrast=\"auto\">El cambio en<\/span><span data-contrast=\"auto\"> el esquema tradicional del sistema de salud donde las personas asis<\/span><span data-contrast=\"auto\">ten a citas m\u00e9dicas programadas<\/span><span data-contrast=\"auto\"> no ha tenido \u00e9xito, <\/span><span data-contrast=\"auto\">causando la saturaci\u00f3n<\/span><span data-contrast=\"auto\">. <\/span><i><span data-contrast=\"auto\">Sienem<\/span><\/i> <span data-contrast=\"auto\">permitir\u00e1 adquirir un servicio \u00e1gil, accesible y personalizado, evitando el tiempo de espera en las instituciones de salud<\/span><span data-contrast=\"auto\">; asimismo,<\/span><span data-contrast=\"auto\"> ofrec<\/span><span data-contrast=\"auto\">e<\/span> <span data-contrast=\"auto\">un cat\u00e1logo de paquetes atractivos para la poblaci\u00f3n con temas trascendentales para el desarrollo de una vida saludable <\/span><span data-contrast=\"auto\">del<\/span><span data-contrast=\"auto\"> cliente y su familia, adapt\u00e1ndose a las necesidades, el tiempo y el lugar.<\/span><span data-ccp-props=\"{&quot;201341983&quot;:0,&quot;335559731&quot;:708,&quot;335559739&quot;:160,&quot;335559740&quot;:240}\">\u00a0<\/span><\/p>\n<p><span data-contrast=\"auto\">De la misma manera, proporcionar\u00e1 empleos decentes a la poblaci\u00f3n joven, <\/span><span data-contrast=\"auto\">atendiendo<\/span><span data-contrast=\"auto\"> la igualdad <\/span><span data-contrast=\"auto\">de <\/span><span data-contrast=\"auto\">g\u00e9nero, fomentando una competencia sana y profesional.<\/span><span data-ccp-props=\"{&quot;201341983&quot;:0,&quot;335559731&quot;:708,&quot;335559739&quot;:160,&quot;335559740&quot;:240}\">\u00a0<\/span><\/p>\n<p><span data-contrast=\"auto\">A <\/span><span data-contrast=\"auto\">trav\u00e9s de <\/span><span data-contrast=\"auto\">las redes sociales y los dispositivos de comunicaci\u00f3n m\u00f3vil, <\/span><span data-contrast=\"auto\">mediante<\/span><span data-contrast=\"auto\"> un sitio <\/span><i><span data-contrast=\"auto\">web<\/span><\/i> <span data-contrast=\"auto\">se podr\u00e1<\/span><span data-contrast=\"auto\"> contrata<\/span><span data-contrast=\"auto\">r <\/span><span data-contrast=\"auto\">servicios de salud de una manera r\u00e1pida, segura y confiable, <\/span><span data-contrast=\"auto\">atendiendo<\/span><span data-contrast=\"auto\"> las gu\u00edas de pr\u00e1ctica cl\u00ednica y las Normas Oficiales Mexicanas (NOM).<\/span> <span data-contrast=\"auto\">De esta manera, <\/span><span data-contrast=\"auto\">se simplifica<\/span><span data-contrast=\"auto\"> la contrataci\u00f3n de servicios, <\/span><span data-contrast=\"auto\">y<\/span><span data-contrast=\"auto\"> los clientes ob<\/span><span data-contrast=\"auto\">tienen<\/span><span data-contrast=\"auto\"> informaci\u00f3n <\/span><span data-contrast=\"auto\">segura<\/span><span data-contrast=\"auto\">, vigilancia, recomendaciones, m\u00e9todos de pago y facturas<\/span><span data-contrast=\"auto\">.<\/span><span data-ccp-props=\"{&quot;201341983&quot;:0,&quot;335559731&quot;:708,&quot;335559739&quot;:160,&quot;335559740&quot;:240}\">\u00a0<\/span><\/p>\n","protected":false},"excerpt":{"rendered":"<p>Se enfoca en el emprendimiento social, con el objetivo de satisfacer las necesidades sociales y abordar \u00e1reas como la salud, la calidad del bienestar y el empleo digno para la poblaci\u00f3n<\/p>\n","protected":false},"author":1508,"featured_media":72475,"comment_status":"closed","ping_status":"closed","sticky":false,"template":"","format":"standard","meta":[],"categories":[1],"tags":[],"_links":{"self":[{"href":"https:\/\/www.uv.mx\/prensa\/wp-json\/wp\/v2\/posts\/72682"}],"collection":[{"href":"https:\/\/www.uv.mx\/prensa\/wp-json\/wp\/v2\/posts"}],"about":[{"href":"https:\/\/www.uv.mx\/prensa\/wp-json\/wp\/v2\/types\/post"}],"author":[{"embeddable":true,"href":"https:\/\/www.uv.mx\/prensa\/wp-json\/wp\/v2\/users\/1508"}],"replies":[{"embeddable":true,"href":"https:\/\/www.uv.mx\/prensa\/wp-json\/wp\/v2\/comments?post=72682"}],"version-history":[{"count":0,"href":"https:\/\/www.uv.mx\/prensa\/wp-json\/wp\/v2\/posts\/72682\/revisions"}],"wp:featuredmedia":[{"embeddable":true,"href":"https:\/\/www.uv.mx\/prensa\/wp-json\/wp\/v2\/media\/72475"}],"wp:attachment":[{"href":"https:\/\/www.uv.mx\/prensa\/wp-json\/wp\/v2\/media?parent=72682"}],"wp:term":[{"taxonomy":"category","embeddable":true,"href":"https:\/\/www.uv.mx\/prensa\/wp-json\/wp\/v2\/categories?post=72682"},{"taxonomy":"post_tag","embeddable":true,"href":"https:\/\/www.uv.mx\/prensa\/wp-json\/wp\/v2\/tags?post=72682"}],"curies":[{"name":"wp","href":"https:\/\/api.w.org\/{rel}","templated":true}]}}