{"id":72751,"date":"2019-09-03T08:00:03","date_gmt":"2019-09-03T13:00:03","guid":{"rendered":"https:\/\/www.uv.mx\/prensa\/?p=72751"},"modified":"2019-09-02T17:57:54","modified_gmt":"2019-09-02T22:57:54","slug":"estudiantes-cubanos-realizan-estancia-en-jazzuv-y-facultad-de-teatro","status":"publish","type":"post","link":"https:\/\/www.uv.mx\/prensa\/banner\/estudiantes-cubanos-realizan-estancia-en-jazzuv-y-facultad-de-teatro\/","title":{"rendered":"Estudiantes cubanos realizan estancia en Jazzuv y Facultad de Teatro"},"content":{"rendered":"<ul>\n<li data-leveltext=\"\uf0b7\" data-font=\"Symbol\" data-listid=\"1\" data-aria-posinset=\"1\" data-aria-level=\"1\"><i><span data-contrast=\"auto\">Ariel Enrique Cabrera <\/span><\/i><i><span data-contrast=\"auto\">Valois<\/span><\/i><i><span data-contrast=\"auto\"> y Jos\u00e9 Antonio Garc\u00eda<\/span><\/i> <i><span data-contrast=\"auto\">p<\/span><\/i><i><span data-contrast=\"auto\">rovienen del Instituto Superior de Arte (ISA)<\/span><\/i><i><span data-contrast=\"auto\"> de La Habana, Cuba<\/span><\/i><span data-ccp-props=\"{&quot;134233279&quot;:true,&quot;201341983&quot;:0,&quot;335559739&quot;:160,&quot;335559740&quot;:240}\">\u00a0<\/span><\/li>\n<li data-leveltext=\"\uf0b7\" data-font=\"Symbol\" data-listid=\"1\" data-aria-posinset=\"2\" data-aria-level=\"1\"><i><span data-contrast=\"auto\">Agradecieron a la UV el apoyo recibido para cursar esta experi<\/span><\/i><i><span data-contrast=\"auto\">encia art\u00edstica<\/span><\/i><span data-ccp-props=\"{&quot;134233279&quot;:true,&quot;201341983&quot;:0,&quot;335559739&quot;:160,&quot;335559740&quot;:240}\">\u00a0<\/span><\/li>\n<\/ul>\n<p>&nbsp;<\/p>\n<div id=\"attachment_72753\" style=\"width: 732px\" class=\"wp-caption aligncenter\"><a href=\"https:\/\/www.uv.mx\/prensa\/files\/2019\/09\/300819-Estancias-Jazzuv-y-Teatro.jpg\"><img aria-describedby=\"caption-attachment-72753\" decoding=\"async\" loading=\"lazy\" class=\"size-full wp-image-72753\" src=\"https:\/\/www.uv.mx\/prensa\/files\/2019\/09\/300819-Estancias-Jazzuv-y-Teatro.jpg\" alt=\"\" width=\"722\" height=\"482\" srcset=\"https:\/\/www.uv.mx\/prensa\/files\/2019\/09\/300819-Estancias-Jazzuv-y-Teatro.jpg 722w, https:\/\/www.uv.mx\/prensa\/files\/2019\/09\/300819-Estancias-Jazzuv-y-Teatro-300x200.jpg 300w\" sizes=\"(max-width: 722px) 100vw, 722px\" \/><\/a><p id=\"caption-attachment-72753\" class=\"wp-caption-text\">Jos\u00e9 Antonio Garc\u00eda y Ariel Enrique Cabrera Valois realizan una estancia en la Facultad de Teatro y en Jazzuv<\/p><\/div>\n<p>&nbsp;<\/p>\n<p><b><i><span data-contrast=\"auto\">Claudia Peralta V\u00e1zquez<\/span><\/i><\/b><span data-ccp-props=\"{&quot;201341983&quot;:0,&quot;335559739&quot;:160,&quot;335559740&quot;:240}\">\u00a0<\/span><\/p>\n<p><b><i><span data-contrast=\"auto\">03\/<\/span><\/i><\/b><b><i><span data-contrast=\"auto\">09<\/span><\/i><\/b><b><i><span data-contrast=\"auto\">\/<\/span><\/i><\/b><b><i><span data-contrast=\"auto\">20<\/span><\/i><\/b><b><i><span data-contrast=\"auto\">19, Xalapa, Ver<\/span><\/i><\/b><b><i><span data-contrast=\"auto\">.- <\/span><\/i><\/b><span data-contrast=\"auto\">Ariel Enrique Cabrera <\/span><span data-contrast=\"auto\">Valois<\/span><span data-contrast=\"auto\"> y<\/span> <span data-contrast=\"auto\">Jos\u00e9 Antonio Garc\u00eda, estudiantes del Instituto Superior de Arte (ISA) <\/span><span data-contrast=\"auto\">de <\/span><span data-contrast=\"auto\">La Habana<\/span><span data-contrast=\"auto\">, Cuba, <\/span><span data-contrast=\"auto\">realizan una estancia semestral <\/span><span data-contrast=\"auto\">en el Centro de Estudios de Jazz (<\/span><i><span data-contrast=\"auto\">Jazzuv<\/span><\/i><span data-contrast=\"auto\">)<\/span><span data-contrast=\"auto\"> y en la Facultad de Teatro de <\/span><span data-contrast=\"auto\">la Universidad Veracruzana (UV), respectivamente.<\/span><span data-ccp-props=\"{&quot;201341983&quot;:0,&quot;335559739&quot;:160,&quot;335559740&quot;:240}\">\u00a0<\/span><\/p>\n<p><span data-contrast=\"auto\">Esta acci\u00f3n<\/span><span data-contrast=\"auto\"> es resultado de la vinculaci\u00f3n que existe entre ambas instituciones desde 2014, dio a conocer Miguel Flores Covarrubias, director general del \u00c1rea Acad\u00e9mic<\/span><span data-contrast=\"auto\">a de Artes, durante el<\/span><span data-contrast=\"auto\"> II <\/span><span data-contrast=\"auto\">Seminario de Par<\/span><span data-contrast=\"auto\">es entre Cuba y la UV, efectuado del 21 al 23 de agosto en <\/span><span data-contrast=\"auto\">la capital del estado<\/span><span data-contrast=\"auto\">.<\/span><span data-ccp-props=\"{&quot;201341983&quot;:0,&quot;335559739&quot;:160,&quot;335559740&quot;:240}\">\u00a0<\/span><\/p>\n<p><span data-contrast=\"auto\">El funcionario manifest\u00f3 que la relaci\u00f3n con el ISA ha sido en dos importantes rubros que son<\/span><span data-contrast=\"auto\">:<\/span><span data-contrast=\"auto\"> la gesti\u00f3n y el intercambio acad\u00e9<\/span><span data-contrast=\"auto\">mico.<\/span><span data-ccp-props=\"{&quot;201341983&quot;:0,&quot;335559731&quot;:708,&quot;335559739&quot;:160,&quot;335559740&quot;:240}\">\u00a0<\/span><\/p>\n<p><span data-contrast=\"auto\">Con respecto al<\/span><span data-contrast=\"auto\"> primero, mencion\u00f3 la formaci\u00f3n de una <\/span><span data-contrast=\"auto\">r<\/span><span data-contrast=\"auto\">ed <\/span><span data-contrast=\"auto\">u<\/span><span data-contrast=\"auto\">niversitaria conformada por distintas universidades a nivel mundial con \u00e9nfasis en la formaci\u00f3n art\u00edstica.<\/span> <span data-contrast=\"auto\">Al referirse al<\/span> <span data-contrast=\"auto\">\u00e1mbito <\/span><span data-contrast=\"auto\">acad\u00e9mico, subray\u00f3 el intercambio estudiantil entre la UV y el ISA,<\/span><span data-contrast=\"auto\"> principalmente en <\/span><span data-contrast=\"auto\">las artes esc\u00e9nicas y musicales.<\/span><span data-ccp-props=\"{&quot;201341983&quot;:0,&quot;335559731&quot;:708,&quot;335559739&quot;:160,&quot;335559740&quot;:240}\">\u00a0<\/span><\/p>\n<p><span data-contrast=\"auto\">Ariel Enrique Cabrera expres\u00f3 su benepl\u00e1cito por la existencia de estos convenios que<\/span> <span data-contrast=\"auto\">le permiten <\/span><span data-contrast=\"auto\">concretar <\/span><span data-contrast=\"auto\">esta estancia en el <\/span><i><span data-contrast=\"auto\">Jazzuv<\/span><\/i><i><span data-contrast=\"auto\">.<\/span><\/i><span data-ccp-props=\"{&quot;201341983&quot;:0,&quot;335559731&quot;:708,&quot;335559739&quot;:160,&quot;335559740&quot;:240}\">\u00a0<\/span><\/p>\n<p><span data-contrast=\"auto\">Al agradecer el respaldo de la UV por el apoyo recibido para esta actividad, dijo que varios de sus compatriotas han hecho este intercambio en a\u00f1os anteriores con resultados satisfactorios.<\/span><span data-ccp-props=\"{&quot;201341983&quot;:0,&quot;335559731&quot;:708,&quot;335559739&quot;:160,&quot;335559740&quot;:240}\">\u00a0<\/span><\/p>\n<p><span data-contrast=\"auto\">A pesar de que existen grandes diferencias entre los planes de estudio<\/span> <span data-contrast=\"auto\">de ambas instituciones, para \u00e9l resulta conveniente y complementario recibir esta formaci\u00f3n en un g\u00e9nero de gran inter\u00e9s personal.<\/span><span data-ccp-props=\"{&quot;201341983&quot;:0,&quot;335559731&quot;:708,&quot;335559739&quot;:160,&quot;335559740&quot;:240}\">\u00a0<\/span><\/p>\n<p><span data-contrast=\"auto\">\u201cDesde hace mucho tiempo me <\/span><span data-contrast=\"auto\">interesa<\/span><span data-contrast=\"auto\"> el <\/span><span data-contrast=\"auto\">j<\/span><span data-contrast=\"auto\">azz<\/span><span data-contrast=\"auto\"> y en Cuba<\/span><span data-contrast=\"auto\"> a\u00fan<\/span><span data-contrast=\"auto\"> no se imparte d<\/span><span data-contrast=\"auto\">e forma acad\u00e9mica<\/span><span data-contrast=\"auto\">,<\/span><span data-contrast=\"auto\"> pero s\u00ed est\u00e1 en<\/span><span data-contrast=\"auto\">tre los planes de ense\u00f1anza.\u201d<\/span><span data-ccp-props=\"{&quot;201341983&quot;:0,&quot;335559731&quot;:708,&quot;335559739&quot;:160,&quot;335559740&quot;:240}\">\u00a0<\/span><\/p>\n<p><span data-contrast=\"auto\">Por su parte, <\/span><span data-contrast=\"auto\">Jos\u00e9 Antonio Garc\u00eda destac\u00f3 el intercambio masivo que ha habido entre estudiantes del ISA y de la Facultad de Teatro de la UV.<\/span><span data-ccp-props=\"{&quot;201341983&quot;:0,&quot;335559731&quot;:708,&quot;335559739&quot;:160,&quot;335559740&quot;:240}\">\u00a0<\/span><\/p>\n<p><span data-contrast=\"auto\">\u201cEl teatro es una expresi\u00f3n art\u00edstica que se presta tambi\u00e9n para el intercambio cultural\u201d, dijo el <\/span><span data-contrast=\"auto\">joven cubano<\/span><span data-contrast=\"auto\"> quien busca reunir nuevas experiencias en el terreno actoral.<\/span><span data-ccp-props=\"{&quot;201341983&quot;:0,&quot;335559731&quot;:708,&quot;335559739&quot;:160,&quot;335559740&quot;:240}\">\u00a0<\/span><\/p>\n<p>&nbsp;<\/p>\n","protected":false},"excerpt":{"rendered":"<p>Jos\u00e9 Antonio Garc\u00eda y Ariel Enrique Cabrera y provienen del Instituto Superior de Arte de La Habana, con el que la UV tiene vinculaci\u00f3n desde 2014<\/p>\n","protected":false},"author":1508,"featured_media":72752,"comment_status":"closed","ping_status":"closed","sticky":false,"template":"","format":"standard","meta":[],"categories":[61],"tags":[],"_links":{"self":[{"href":"https:\/\/www.uv.mx\/prensa\/wp-json\/wp\/v2\/posts\/72751"}],"collection":[{"href":"https:\/\/www.uv.mx\/prensa\/wp-json\/wp\/v2\/posts"}],"about":[{"href":"https:\/\/www.uv.mx\/prensa\/wp-json\/wp\/v2\/types\/post"}],"author":[{"embeddable":true,"href":"https:\/\/www.uv.mx\/prensa\/wp-json\/wp\/v2\/users\/1508"}],"replies":[{"embeddable":true,"href":"https:\/\/www.uv.mx\/prensa\/wp-json\/wp\/v2\/comments?post=72751"}],"version-history":[{"count":0,"href":"https:\/\/www.uv.mx\/prensa\/wp-json\/wp\/v2\/posts\/72751\/revisions"}],"wp:featuredmedia":[{"embeddable":true,"href":"https:\/\/www.uv.mx\/prensa\/wp-json\/wp\/v2\/media\/72752"}],"wp:attachment":[{"href":"https:\/\/www.uv.mx\/prensa\/wp-json\/wp\/v2\/media?parent=72751"}],"wp:term":[{"taxonomy":"category","embeddable":true,"href":"https:\/\/www.uv.mx\/prensa\/wp-json\/wp\/v2\/categories?post=72751"},{"taxonomy":"post_tag","embeddable":true,"href":"https:\/\/www.uv.mx\/prensa\/wp-json\/wp\/v2\/tags?post=72751"}],"curies":[{"name":"wp","href":"https:\/\/api.w.org\/{rel}","templated":true}]}}