{"id":72815,"date":"2019-09-04T10:58:33","date_gmt":"2019-09-04T15:58:33","guid":{"rendered":"https:\/\/www.uv.mx\/prensa\/?p=72815"},"modified":"2019-09-04T11:27:42","modified_gmt":"2019-09-04T16:27:42","slug":"uv-atendera-19-arboles-de-los-jardines-del-max-para-reducir-riesgos","status":"publish","type":"post","link":"https:\/\/www.uv.mx\/prensa\/general\/uv-atendera-19-arboles-de-los-jardines-del-max-para-reducir-riesgos\/","title":{"rendered":"UV atender\u00e1 19 \u00e1rboles de los jardines del MAX para reducir riesgos"},"content":{"rendered":"<ul>\n<li><em>Personal experto multidisciplinario acredit\u00f3 que el ciclo de vida de estos espec\u00edmenes ha terminado<\/em><\/li>\n<li><em>Durante las pr\u00f3ximas dos semanas, con los permisos correspondientes, llevar\u00e1n a efecto el derribo de los \u00e1rboles muertos<\/em><\/li>\n<\/ul>\n<div id=\"attachment_72816\" style=\"width: 732px\" class=\"wp-caption aligncenter\"><a href=\"https:\/\/www.uv.mx\/prensa\/files\/2019\/09\/arboles-MAX-ok.jpg\"><img aria-describedby=\"caption-attachment-72816\" decoding=\"async\" loading=\"lazy\" class=\"size-full wp-image-72816\" src=\"https:\/\/www.uv.mx\/prensa\/files\/2019\/09\/arboles-MAX-ok.jpg\" alt=\"\" width=\"722\" height=\"481\" srcset=\"https:\/\/www.uv.mx\/prensa\/files\/2019\/09\/arboles-MAX-ok.jpg 722w, https:\/\/www.uv.mx\/prensa\/files\/2019\/09\/arboles-MAX-ok-300x200.jpg 300w\" sizes=\"(max-width: 722px) 100vw, 722px\" \/><\/a><p id=\"caption-attachment-72816\" class=\"wp-caption-text\">Los jardines del MAX son un espacio de encuentro y recreaci\u00f3n (Imagen ilustrativa, no representa los espec\u00edmenes a derribar)<\/p><\/div>\n<p>&nbsp;<\/p>\n<p><em><strong>04\/09\/19, Xalapa, Ver.-<\/strong> <\/em>El programa de manejo integral del arbolado en instalaciones de la Universidad Veracruzana (UV) dar\u00e1 atenci\u00f3n a 19 espec\u00edmenes de los jardines del Museo de Antropolog\u00eda de Xalapa (MAX), luego de que las diferentes \u00e1reas que concurren en esta iniciativa definieron el derribo de ejemplares cuyo ciclo de vida ha terminado.<\/p>\n<p>Personal experto multidisciplinario acredit\u00f3 que 19 \u00e1rboles del MAX representan un riesgo para el personal, los visitantes al museo y las personas que transitan en sus inmediaciones, as\u00ed como para la infraestructura universitaria y la urbana.<\/p>\n<p>En virtud de esto, durante las pr\u00f3ximas dos semanas, y con el permiso correspondiente del Ayuntamiento, se llevar\u00e1 a cabo el derribo de estos \u00e1rboles muertos como parte de las actividades preventivas y la reducci\u00f3n de riesgos. Lo anterior resulta imperativo dada la temporada de lluvias y huracanes en desarrollo, que es cuando ejemplares muertos reblandecen su tronco y ra\u00edces aumentando su potencial de ca\u00edda.<\/p>\n<p>En la UV el manejo sustentable de \u00e1reas verdes es permanente, se encuentra sistematizado y corresponde a un modelo replicable. Es coordinado por el Departamento de Servicios Generales de la Secretar\u00eda de Administraci\u00f3n y Finanzas (SAF), en colaboraci\u00f3n del Sistema Universitario de Gesti\u00f3n Integral del Riesgo (SUGIR), adscrito a la Secretar\u00eda de Desarrollo Institucional, as\u00ed como de la Coordinaci\u00f3n Universitaria para la Sustentabilidad <em>(CoSustenta)<\/em> y la supervisi\u00f3n municipal que, en este caso, corresponde a la Direcci\u00f3n de Medio Ambiente y Sustentabilidad del H. Ayuntamiento de Xalapa.<\/p>\n<p>Adem\u00e1s, se llevar\u00e1n a cabo acciones de restauraci\u00f3n ecol\u00f3gica, las cuales consisten en el dise\u00f1o participativo y reforestaci\u00f3n con especies nativas y\/o \u00fatiles.<\/p>\n<p>Los jardines del MAX son un espacio de encuentro, recreaci\u00f3n, educaci\u00f3n e integraci\u00f3n social y familiar. Los \u00e1rboles en particular mejoran la calidad de nuestro h\u00e1bitat en lo ambiental y social, por ello deben estar en condiciones seguras para las personas.<\/p>\n<p>Para m\u00e1s informaci\u00f3n, comunicarse a la Administraci\u00f3n del Museo de Antropolog\u00eda al tel\u00e9fono (228) 8150920, extensi\u00f3n 103.<\/p>\n","protected":false},"excerpt":{"rendered":"<p>Durante las pr\u00f3ximas dos semanas, con los permisos correspondientes, se derribar\u00e1n los espec\u00edmenes muertos<\/p>\n","protected":false},"author":1809,"featured_media":72816,"comment_status":"closed","ping_status":"closed","sticky":false,"template":"","format":"standard","meta":[],"categories":[1],"tags":[],"_links":{"self":[{"href":"https:\/\/www.uv.mx\/prensa\/wp-json\/wp\/v2\/posts\/72815"}],"collection":[{"href":"https:\/\/www.uv.mx\/prensa\/wp-json\/wp\/v2\/posts"}],"about":[{"href":"https:\/\/www.uv.mx\/prensa\/wp-json\/wp\/v2\/types\/post"}],"author":[{"embeddable":true,"href":"https:\/\/www.uv.mx\/prensa\/wp-json\/wp\/v2\/users\/1809"}],"replies":[{"embeddable":true,"href":"https:\/\/www.uv.mx\/prensa\/wp-json\/wp\/v2\/comments?post=72815"}],"version-history":[{"count":0,"href":"https:\/\/www.uv.mx\/prensa\/wp-json\/wp\/v2\/posts\/72815\/revisions"}],"wp:featuredmedia":[{"embeddable":true,"href":"https:\/\/www.uv.mx\/prensa\/wp-json\/wp\/v2\/media\/72816"}],"wp:attachment":[{"href":"https:\/\/www.uv.mx\/prensa\/wp-json\/wp\/v2\/media?parent=72815"}],"wp:term":[{"taxonomy":"category","embeddable":true,"href":"https:\/\/www.uv.mx\/prensa\/wp-json\/wp\/v2\/categories?post=72815"},{"taxonomy":"post_tag","embeddable":true,"href":"https:\/\/www.uv.mx\/prensa\/wp-json\/wp\/v2\/tags?post=72815"}],"curies":[{"name":"wp","href":"https:\/\/api.w.org\/{rel}","templated":true}]}}