{"id":72881,"date":"2019-09-07T08:00:18","date_gmt":"2019-09-07T13:00:18","guid":{"rendered":"https:\/\/www.uv.mx\/prensa\/?p=72881"},"modified":"2019-09-05T16:57:33","modified_gmt":"2019-09-05T21:57:33","slug":"microna-y-ucm-impartiran-curso-sobre-nanomateriales","status":"publish","type":"post","link":"https:\/\/www.uv.mx\/prensa\/eventos\/microna-y-ucm-impartiran-curso-sobre-nanomateriales\/","title":{"rendered":"<em>Microna<\/em> y UCM impartir\u00e1n curso sobre nanomateriales"},"content":{"rendered":"<ul>\n<li data-leveltext=\"\uf0b7\" data-font=\"Symbol\" data-listid=\"1\" data-aria-posinset=\"1\" data-aria-level=\"1\"><i><span data-contrast=\"auto\">Del 14 al 25 de octubre, en la Facultad de Ciencias Agr\u00edcolas, como parte de los 11 cursos que ofrece la Escuela Complutense Latinoamericana<\/span><\/i><\/li>\n<\/ul>\n<div id=\"attachment_72805\" style=\"width: 732px\" class=\"wp-caption aligncenter\"><a href=\"https:\/\/www.uv.mx\/prensa\/files\/2019\/09\/030919-PAOLA-Curso-Nanomateriales.jpg\"><img aria-describedby=\"caption-attachment-72805\" decoding=\"async\" loading=\"lazy\" class=\"size-full wp-image-72805\" src=\"https:\/\/www.uv.mx\/prensa\/files\/2019\/09\/030919-PAOLA-Curso-Nanomateriales.jpg\" alt=\"Luis Zamora, coordinador del Microna, invita al curso Nanomateriales y sus Aplicaciones \" width=\"722\" height=\"480\" srcset=\"https:\/\/www.uv.mx\/prensa\/files\/2019\/09\/030919-PAOLA-Curso-Nanomateriales.jpg 722w, https:\/\/www.uv.mx\/prensa\/files\/2019\/09\/030919-PAOLA-Curso-Nanomateriales-300x199.jpg 300w\" sizes=\"(max-width: 722px) 100vw, 722px\" \/><\/a><p id=\"caption-attachment-72805\" class=\"wp-caption-text\">Luis Zamora, coordinador del Microna, invita al curso Nanomateriales y sus Aplicaciones<\/p><\/div>\n<p><b><i><span data-contrast=\"auto\">Paola Cort\u00e9s P\u00e9rez<\/span><\/i><\/b><span data-ccp-props=\"{}\">\u00a0<\/span><\/p>\n<p><b><i><span data-contrast=\"auto\">0<\/span><\/i><\/b><b><i><span data-contrast=\"auto\">7<\/span><\/i><\/b><b><i><span data-contrast=\"auto\">\/09\/2019, Xalapa, Ver.-<\/span><\/i><\/b> <span data-contrast=\"auto\">Investigadores de la Universidad Veracruzana (UV) y de la Universidad Complutense de Madrid (UCM<\/span><span data-contrast=\"auto\">), Espa\u00f1a, impartir\u00e1n el curso <\/span><span data-contrast=\"auto\">Nanomateriales<\/span><span data-contrast=\"auto\"> y sus <\/span><span data-contrast=\"auto\">A<\/span><span data-contrast=\"auto\">plicaciones, del 14 al 25 de octubre <\/span><span data-contrast=\"auto\">de 9:00 a 14:00 horas<\/span><span data-contrast=\"auto\">, <\/span><span data-contrast=\"auto\">en la Facultad de <\/span><span data-contrast=\"auto\">Ciencias Agr\u00edcolas<\/span><span data-contrast=\"auto\"> de <\/span><span data-contrast=\"auto\">la m\u00e1xima<\/span><span data-contrast=\"auto\"> casa de estudios<\/span><span data-contrast=\"auto\"> del estado.<\/span><span data-ccp-props=\"{}\">\u00a0<\/span><\/p>\n<p><span data-contrast=\"auto\">Luis Zamora Peredo, coordinador del Centro de Investigaciones de Micro y Nanotecnolog\u00eda<\/span><span data-contrast=\"auto\"> (<\/span><i><span data-contrast=\"auto\">Microna<\/span><\/i><span data-contrast=\"auto\">)<\/span><span data-contrast=\"auto\"> de la UV, <\/span><span data-contrast=\"auto\">coment\u00f3 que este curso es uno de los 11 que ofrecer\u00e1 este a\u00f1o la Escuela Complutense Latinoamericana (ECL), <\/span><span data-contrast=\"auto\">de la que es sede la UV.<\/span><span data-ccp-props=\"{&quot;335559731&quot;:708}\">\u00a0<\/span><\/p>\n<p><span data-contrast=\"auto\">Ser\u00e1 impartido por Ana Isabel <\/span><span data-contrast=\"auto\">Cremades<\/span><span data-contrast=\"auto\"> Rodr\u00edguez y Javier Piqueras de Noriega, de la UCM, en conjunto con Leandro Garc\u00eda Gonz\u00e1lez, Juli\u00e1n Hern\u00e1ndez Torres y Luis Zamora<\/span><span data-contrast=\"auto\">,<\/span><span data-contrast=\"auto\"> del <\/span><i><span data-contrast=\"auto\">Microna<\/span><\/i><span data-contrast=\"auto\"> UV<\/span><span data-contrast=\"auto\">.<\/span><span data-ccp-props=\"{&quot;335559731&quot;:708}\">\u00a0<\/span><\/p>\n<p><span data-contrast=\"auto\">E<\/span><span data-contrast=\"auto\">xplic\u00f3 <\/span><span data-contrast=\"auto\">que a lo largo de dos semanas<\/span> <span data-contrast=\"auto\">se proporcionar\u00e1 <\/span><span data-contrast=\"auto\">informaci\u00f3n y conocimientos detallados sobre las t\u00e9cnicas utilizadas para fabricar <\/span><span data-contrast=\"auto\">los nanomateriales y sobre sus principales <\/span><span data-contrast=\"auto\">propiedades f\u00edsicas y qu\u00edmicas.<\/span><span data-ccp-props=\"{&quot;335559731&quot;:708}\">\u00a0<\/span><\/p>\n<p><span data-contrast=\"auto\">\u201cUn aspecto a destacar es el \u00e9nfasis del curso en t\u00e9cnicas de fabricaci\u00f3n de nanomateriales que no impliquen equipamiento ni procesos costoso<\/span><span data-contrast=\"auto\">s<\/span><span data-contrast=\"auto\">, sino que est\u00e9n al alcance de peque\u00f1os laboratorios de investigaci\u00f3n o industriales que deseen introducirse en dichas t\u00e9cnicas<\/span><span data-contrast=\"auto\">,<\/span><span data-contrast=\"auto\"> as\u00ed como formar investigadores t\u00e9cnicos.\u201d<\/span><span data-ccp-props=\"{&quot;335559731&quot;:708}\">\u00a0<\/span><\/p>\n<p><span data-contrast=\"auto\">Los contenidos que se<\/span> <span data-contrast=\"auto\">aborda<\/span><span data-contrast=\"auto\">r\u00e1n <\/span><span data-contrast=\"auto\">son: Introducci\u00f3n a los nanomateriales; S\u00edntesis de nanomateriales; T\u00e9cnicas de caracterizaci\u00f3n de materiales; Propiedades magn\u00e9ticas de nanomateriales y aplicaciones; Propiedades electr\u00f3nicas y \u00f3pticas de nanomateriales y aplicaciones; Propiedades mec\u00e1nicas de nanomateriales y aplicaciones; Tipos de nanomateriales, y Otras aplicaciones de los nanomateriales.<\/span><span data-ccp-props=\"{&quot;335559731&quot;:708}\">\u00a0<\/span><\/p>\n<p><span data-contrast=\"auto\">El curso est\u00e1<\/span><span data-contrast=\"auto\"> dirigido a estudiantes, egresados <\/span><span data-contrast=\"auto\">y profesionistas <\/span><span data-contrast=\"auto\">de Espa\u00f1a y Latinoam\u00e9rica, <\/span><span data-contrast=\"auto\">que tengan conocimientos de c<\/span><span data-contrast=\"auto\">iencia de <\/span><span data-contrast=\"auto\">m<\/span><span data-contrast=\"auto\">ateriales, <\/span><span data-contrast=\"auto\">i<\/span><span data-contrast=\"auto\">ngenier\u00eda de <\/span><span data-contrast=\"auto\">m<\/span><span data-contrast=\"auto\">ateriales, <\/span><span data-contrast=\"auto\">f<\/span><span data-contrast=\"auto\">\u00edsica o <\/span><span data-contrast=\"auto\">q<\/span><span data-contrast=\"auto\">u\u00edmica, aunque \u201cla nanotecnolog\u00eda es multidisciplinaria, tiene relaci\u00f3n con diversas <\/span><span data-contrast=\"auto\">\u00e1reas del conocimiento\u201d<\/span><span data-contrast=\"auto\">, coment\u00f3 <\/span><span data-contrast=\"auto\">Luis Zamora<\/span><span data-contrast=\"auto\">.<\/span><span data-ccp-props=\"{&quot;335559731&quot;:708}\">\u00a0<\/span><\/p>\n<p><span data-contrast=\"auto\">Subray\u00f3 que la convocatoria estar\u00e1 abierta hasta el 11 de octubre<\/span><span data-contrast=\"auto\">, <\/span><span data-contrast=\"auto\">el cupo es limitado a aproximadamente 30 personas, <\/span><span data-contrast=\"auto\">por lo<\/span><span data-contrast=\"auto\"> que recomend\u00f3 ponerse en comunicaci\u00f3n a trav\u00e9s de los correos <\/span><a href=\"mailto:ecl@ucm.es\"><span data-contrast=\"none\">ecl<\/span><span data-contrast=\"none\">@<\/span><span data-contrast=\"none\">ucm.es<\/span><\/a><span data-contrast=\"auto\"> y <\/span><a href=\"mailto:ecl@uv.mx\"><span data-contrast=\"none\">ecl<\/span><span data-contrast=\"none\">@<\/span><span data-contrast=\"none\">uv.mx<\/span><\/a><span data-ccp-props=\"{&quot;335559731&quot;:708}\">\u00a0<\/span><\/p>\n<p><span data-contrast=\"auto\">Para acceder a la informaci\u00f3n <\/span><span data-contrast=\"auto\">completa de los cursos, la matr\u00ed<\/span><span data-contrast=\"auto\">cula, precios, apoyos econ\u00f3micos y requisitos, puede visitar las p\u00e1ginas <\/span><a href=\"https:\/\/www.uv.mx\/ecl\"><span data-contrast=\"none\">www.uv.<\/span><span data-contrast=\"none\">m<\/span><span data-contrast=\"none\">x\/ecl<\/span><\/a><span data-contrast=\"auto\"> y <\/span><a href=\"http:\/\/www.ucm.es\/ecl\"><span data-contrast=\"none\">www.ucm<\/span><span data-contrast=\"none\">.<\/span><span data-contrast=\"none\">es\/ecl<\/span><\/a><span data-ccp-props=\"{&quot;335559731&quot;:708}\">\u00a0<\/span><\/p>\n","protected":false},"excerpt":{"rendered":"<p>La informaci\u00f3n completa de los cursos, la matr\u00edcula, precios, apoyos econ\u00f3micos y requisitos se encuentra en las p\u00e1ginas www.uv.mx\/ecl y www.ucm.es\/ecl <\/p>\n","protected":false},"author":1775,"featured_media":72805,"comment_status":"closed","ping_status":"closed","sticky":false,"template":"","format":"standard","meta":[],"categories":[47],"tags":[],"_links":{"self":[{"href":"https:\/\/www.uv.mx\/prensa\/wp-json\/wp\/v2\/posts\/72881"}],"collection":[{"href":"https:\/\/www.uv.mx\/prensa\/wp-json\/wp\/v2\/posts"}],"about":[{"href":"https:\/\/www.uv.mx\/prensa\/wp-json\/wp\/v2\/types\/post"}],"author":[{"embeddable":true,"href":"https:\/\/www.uv.mx\/prensa\/wp-json\/wp\/v2\/users\/1775"}],"replies":[{"embeddable":true,"href":"https:\/\/www.uv.mx\/prensa\/wp-json\/wp\/v2\/comments?post=72881"}],"version-history":[{"count":0,"href":"https:\/\/www.uv.mx\/prensa\/wp-json\/wp\/v2\/posts\/72881\/revisions"}],"wp:featuredmedia":[{"embeddable":true,"href":"https:\/\/www.uv.mx\/prensa\/wp-json\/wp\/v2\/media\/72805"}],"wp:attachment":[{"href":"https:\/\/www.uv.mx\/prensa\/wp-json\/wp\/v2\/media?parent=72881"}],"wp:term":[{"taxonomy":"category","embeddable":true,"href":"https:\/\/www.uv.mx\/prensa\/wp-json\/wp\/v2\/categories?post=72881"},{"taxonomy":"post_tag","embeddable":true,"href":"https:\/\/www.uv.mx\/prensa\/wp-json\/wp\/v2\/tags?post=72881"}],"curies":[{"name":"wp","href":"https:\/\/api.w.org\/{rel}","templated":true}]}}