{"id":72912,"date":"2019-09-06T08:00:27","date_gmt":"2019-09-06T13:00:27","guid":{"rendered":"https:\/\/www.uv.mx\/prensa\/?p=72912"},"modified":"2019-09-05T19:15:34","modified_gmt":"2019-09-06T00:15:34","slug":"desde-hace-20-anos-uv-protege-y-conserva-al-manati-en-alvarado","status":"publish","type":"post","link":"https:\/\/www.uv.mx\/prensa\/ciencia\/desde-hace-20-anos-uv-protege-y-conserva-al-manati-en-alvarado\/","title":{"rendered":"Desde hace 20 a\u00f1os, UV protege y conserva al manat\u00ed en Alvarado"},"content":{"rendered":"<ul>\n<li data-leveltext=\"\uf0b7\" data-font=\"Symbol\" data-listid=\"1\" data-aria-posinset=\"1\" data-aria-level=\"1\"><i><span data-contrast=\"auto\">\u201c<\/span><\/i><i><span data-contrast=\"auto\">De la mano de investigadores, pobladores e instancias estatales y federales, se ha log<\/span><\/i><i><span data-contrast=\"auto\">rado frenar la extinci\u00f3n de este mam\u00edfero<\/span><\/i><i><span data-contrast=\"auto\">\u201d: <\/span><\/i><i><span data-contrast=\"auto\">Blanca Elizabeth Cortina Julio<\/span><\/i><span data-ccp-props=\"{&quot;134233279&quot;:true,&quot;201341983&quot;:0,&quot;335559739&quot;:160,&quot;335559740&quot;:240}\">\u00a0<\/span><\/li>\n<li data-leveltext=\"\uf0b7\" data-font=\"Symbol\" data-listid=\"1\" data-aria-posinset=\"2\" data-aria-level=\"1\"><i><span data-contrast=\"auto\">La <\/span><\/i><i><span data-contrast=\"auto\">investigadora <\/span><\/i><i><span data-contrast=\"auto\">universitaria <\/span><\/i><i><span data-contrast=\"auto\">imparti\u00f3 una<\/span><\/i><i><span data-contrast=\"auto\"> pl\u00e1tica a alumnos de Biolog\u00eda<\/span><\/i><i><span data-contrast=\"auto\">, c<\/span><\/i><i><span data-contrast=\"auto\">omo parte del Seminario del IIB y en el marco del D\u00eda Nacional del Manat\u00ed, <\/span><\/i><i><span data-contrast=\"auto\">que se celebra <\/span><\/i><i><span data-contrast=\"auto\">e<\/span><\/i><i><span data-contrast=\"auto\">l <\/span><\/i><i><span data-contrast=\"auto\">7 de septiembre<\/span><\/i><\/li>\n<\/ul>\n<div id=\"attachment_72906\" style=\"width: 732px\" class=\"wp-caption aligncenter\"><a href=\"https:\/\/www.uv.mx\/prensa\/files\/2019\/09\/050919-manati-1-100k.jpg\"><img aria-describedby=\"caption-attachment-72906\" decoding=\"async\" loading=\"lazy\" class=\"size-full wp-image-72906\" src=\"https:\/\/www.uv.mx\/prensa\/files\/2019\/09\/050919-manati-1-100k.jpg\" alt=\"Blanca Elizabeth Cortina Julio dict\u00f3 una pl\u00e1tica sobre el manat\u00ed a estudiantes de Biolog\u00eda \" width=\"722\" height=\"481\" srcset=\"https:\/\/www.uv.mx\/prensa\/files\/2019\/09\/050919-manati-1-100k.jpg 722w, https:\/\/www.uv.mx\/prensa\/files\/2019\/09\/050919-manati-1-100k-300x200.jpg 300w\" sizes=\"(max-width: 722px) 100vw, 722px\" \/><\/a><p id=\"caption-attachment-72906\" class=\"wp-caption-text\">Blanca Elizabeth Cortina Julio dict\u00f3 una pl\u00e1tica sobre el manat\u00ed a estudiantes de Biolog\u00eda<\/p><\/div>\n<p><b><i><span data-contrast=\"auto\">Claudia Peralta V\u00e1zquez<\/span><\/i><\/b><span data-ccp-props=\"{&quot;201341983&quot;:0,&quot;335559739&quot;:160,&quot;335559740&quot;:240}\">\u00a0<\/span><\/p>\n<p><b><i><span data-contrast=\"auto\">0<\/span><\/i><\/b><b><i><span data-contrast=\"auto\">6<\/span><\/i><\/b><b><i><span data-contrast=\"auto\">\/<\/span><\/i><\/b><b><i><span data-contrast=\"auto\">09<\/span><\/i><\/b><b><i><span data-contrast=\"auto\">\/<\/span><\/i><\/b><b><i><span data-contrast=\"auto\">20<\/span><\/i><\/b><b><i><span data-contrast=\"auto\">19, Xalapa, <\/span><\/i><\/b><b><i><span data-contrast=\"auto\">Ver.-<\/span><\/i><\/b> <span data-contrast=\"auto\">A 20 a\u00f1os de haber iniciado las primeras acciones de <\/span><span data-contrast=\"auto\">protecci\u00f3n, <\/span><span data-contrast=\"auto\">conservaci\u00f3n y rescate de<\/span><span data-contrast=\"auto\">l <\/span><span data-contrast=\"auto\">manat\u00ed <\/span><span data-contrast=\"auto\">antillano (<\/span><i><span data-contrast=\"auto\">Trichechus<\/span><\/i> <i><span data-contrast=\"auto\">manatus<\/span><\/i> <i><span data-contrast=\"auto\">manatus<\/span><\/i><span data-contrast=\"auto\">)<\/span> <span data-contrast=\"auto\">en el Sistema Lagunar de Alvarado<\/span><span data-contrast=\"auto\"> (SLA),<\/span><span data-contrast=\"auto\"> Blanca Elizabeth Cortina Julio, investigadora del Instituto de Investigaciones Biol\u00f3gicas<\/span><span data-contrast=\"auto\"> (IIB) de la Universidad Veracruzana (UV)<\/span><span data-contrast=\"auto\">, <\/span><span data-contrast=\"auto\">a\u00fan <\/span><span data-contrast=\"auto\">tiene muchos retos por delante.<\/span><span data-ccp-props=\"{&quot;201341983&quot;:0,&quot;335559739&quot;:160,&quot;335559740&quot;:240}\">\u00a0<\/span><\/p>\n<p><span data-contrast=\"auto\">Uno de ellos es el proyecto de<\/span><span data-contrast=\"auto\"> construcci\u00f3n de<\/span><span data-contrast=\"auto\"> un <\/span><span data-contrast=\"auto\">c<\/span><span data-contrast=\"auto\">entro de <\/span><span data-contrast=\"auto\">r<\/span><span data-contrast=\"auto\">e<\/span><span data-contrast=\"auto\">habilitaci\u00f3n<\/span><span data-contrast=\"auto\"> y <\/span><span data-contrast=\"auto\">r<\/span><span data-contrast=\"auto\">eincorporaci\u00f3n para <\/span><span data-contrast=\"auto\">m<\/span><span data-contrast=\"auto\">anat\u00ed<\/span><span data-contrast=\"auto\">es<\/span><span data-contrast=\"auto\"> en el SLA, <\/span><span data-contrast=\"auto\">tal y como lo tienen otros pa\u00edses, <\/span><span data-contrast=\"auto\">con el prop\u00f3sito de<\/span><span data-contrast=\"auto\"> establecer un programa de rescate, <\/span><span data-contrast=\"auto\">atenci\u00f3n, protecci\u00f3n<\/span><span data-contrast=\"auto\"> y<\/span> <span data-contrast=\"auto\">cuidados que evite <\/span><span data-contrast=\"auto\">su vida en cautiverio<\/span><span data-contrast=\"auto\">,<\/span> <span data-contrast=\"auto\">principalmente <\/span><span data-contrast=\"auto\">de<\/span><span data-contrast=\"auto\"> cr\u00edas hu\u00e9rfanas y animales varados.<\/span><span data-ccp-props=\"{&quot;201341983&quot;:0,&quot;335559731&quot;:708,&quot;335559739&quot;:160,&quot;335559740&quot;:240}\">\u00a0<\/span><\/p>\n<p><span data-contrast=\"auto\">En el marco del D\u00eda Nacional del Manat\u00ed<\/span><span data-contrast=\"auto\">,<\/span><span data-contrast=\"auto\"> que se <\/span><span data-contrast=\"auto\">celebra el 7 de septiembre,<\/span> <span data-contrast=\"auto\">la investigadora imparti\u00f3 una pl\u00e1tica a estudiantes de la Facultad de B<\/span><span data-contrast=\"auto\">iolog\u00eda de la UV, a quienes <\/span><span data-contrast=\"auto\">comparti\u00f3 la importancia de preservar a esta especie en peligro de extinci\u00f3n<\/span><span data-contrast=\"auto\">, as\u00ed como sus experiencias y labor de sensibilizaci\u00f3n con lugare\u00f1os, pescadores y <\/span><span data-contrast=\"auto\">almejeros<\/span><span data-contrast=\"auto\"> del <\/span><span data-contrast=\"auto\">SLA.<\/span><span data-ccp-props=\"{&quot;201341983&quot;:0,&quot;335559739&quot;:160,&quot;335559740&quot;:240}\">\u00a0<\/span><\/p>\n<p><span data-contrast=\"auto\">Al respecto, destac\u00f3 que gracias a la participaci\u00f3n local ha sido posible la conservaci\u00f3n de los recursos naturales de esta zona, pues han colaborado en talleres y pl\u00e1ticas de concien<\/span><span data-contrast=\"auto\">c<\/span><span data-contrast=\"auto\">iaci\u00f3n sobre el cuidado del manat\u00ed.<\/span><span data-ccp-props=\"{&quot;201341983&quot;:0,&quot;335559739&quot;:160,&quot;335559740&quot;:240}\">\u00a0<\/span><\/p>\n<p><span data-contrast=\"auto\">Cabe indicar que <\/span><span data-contrast=\"auto\">el 2 de febrero de 2004 <\/span><span data-contrast=\"auto\">el SLA<\/span><span data-contrast=\"auto\"> fue incluido como un <\/span><span data-contrast=\"auto\">humedal<\/span> <span data-contrast=\"auto\">de im<\/span><span data-contrast=\"auto\">portancia internacional y Sitio <\/span><span data-contrast=\"auto\">Ramsar<\/span><span data-contrast=\"auto\">.<\/span><span data-ccp-props=\"{&quot;201341983&quot;:0,&quot;335559739&quot;:160,&quot;335559740&quot;:240}\">\u00a0<\/span><\/p>\n<p><span data-contrast=\"auto\">E<\/span><span data-contrast=\"auto\">xpres\u00f3<\/span><span data-contrast=\"auto\"> que <\/span><span data-contrast=\"auto\">el bi\u00f3logo Antonio Heriberto <\/span><span data-contrast=\"auto\">Maruri<\/span><span data-contrast=\"auto\"> Garc\u00eda <\/span><span data-contrast=\"auto\">la encauz\u00f3<\/span><span data-contrast=\"auto\"> por<\/span><span data-contrast=\"auto\"> este camino dici\u00e9ndole que no d<\/span><span data-contrast=\"auto\">e<\/span><span data-contrast=\"auto\">b<\/span><span data-contrast=\"auto\">\u00eda irse a otras partes del pa\u00eds para trabajar con mam\u00edferos, <\/span><span data-contrast=\"auto\">pues<\/span><span data-contrast=\"auto\"> en el <\/span><span data-contrast=\"auto\">e<\/span><span data-contrast=\"auto\">stado de Veracruz la necesitaba el manat\u00ed.<\/span> <span data-contrast=\"auto\">Es as\u00ed que en 1999, inici\u00f3 esta acci\u00f3n <\/span><span data-contrast=\"auto\">coordinada por Enrique Portill<\/span><span data-contrast=\"auto\">a Ochoa, otro de los investigadores del IIB enfocado en la conservaci\u00f3n de hu<\/span><span data-contrast=\"auto\">medales y<\/span> <span data-contrast=\"auto\">acaecido hace un mes.<\/span><span data-ccp-props=\"{&quot;201341983&quot;:0,&quot;335559731&quot;:708,&quot;335559739&quot;:160,&quot;335559740&quot;:240}\">\u00a0<\/span><\/p>\n<p><span data-contrast=\"auto\">Cortina Julio <\/span><span data-contrast=\"auto\">dio a conocer que <\/span><span data-contrast=\"auto\">en el mundo existen 126 especies de mam\u00edferos, entre ellas: ballenas, delfines, morsas, marso<\/span><span data-contrast=\"auto\">pas, focas, lobos marinos, nutri<\/span><span data-contrast=\"auto\">as, oso polar y el manat\u00ed.<\/span><span data-ccp-props=\"{&quot;201341983&quot;:0,&quot;335559731&quot;:708,&quot;335559739&quot;:160,&quot;335559740&quot;:240}\">\u00a0<\/span><\/p>\n<p><span data-contrast=\"auto\">Descri<\/span><span data-contrast=\"auto\">bi\u00f3 a<\/span> <span data-contrast=\"auto\">este \u00faltimo <\/span><span data-contrast=\"auto\">como un animal <\/span><span data-contrast=\"auto\">inofensivo, t\u00edmido y sedentario de <\/span><span data-contrast=\"auto\">color gris pardo<\/span><span data-contrast=\"auto\">,<\/span><span data-contrast=\"auto\"> al que se le pegan algas en el lomo, el pelo se esparce<\/span><span data-contrast=\"auto\"> por todo el<\/span><span data-contrast=\"auto\"> cuerpo<\/span><span data-contrast=\"auto\">,<\/span><span data-contrast=\"auto\"> con mayor abundancia en el hocico.<\/span><span data-ccp-props=\"{&quot;201341983&quot;:0,&quot;335559731&quot;:708,&quot;335559739&quot;:160,&quot;335559740&quot;:240}\">\u00a0<\/span><\/p>\n<p><span data-contrast=\"auto\">Su distribuci\u00f3n incluye la vertiente del Golfo de M\u00e9xico, en los sistemas humedales de Tamaulipas, Veracruz, Tabasco, Campeche, Chiapas, Yucat\u00e1n y Quintana Roo.<\/span><span data-ccp-props=\"{&quot;201341983&quot;:0,&quot;335559731&quot;:708,&quot;335559739&quot;:160,&quot;335559740&quot;:240}\">\u00a0<\/span><\/p>\n<p><span data-contrast=\"auto\">Se trata de una especie her<\/span><span data-contrast=\"auto\">b\u00edvora <\/span><span data-contrast=\"auto\">de aguas tropicales y subtropicales poco profundas como<\/span><span data-contrast=\"auto\"> lagunas, estuarios y cenotes.<\/span><\/p>\n<div id=\"attachment_72907\" style=\"width: 732px\" class=\"wp-caption aligncenter\"><a href=\"https:\/\/www.uv.mx\/prensa\/files\/2019\/09\/050919-manati-2-100k.jpg\"><img aria-describedby=\"caption-attachment-72907\" decoding=\"async\" loading=\"lazy\" class=\"size-full wp-image-72907\" src=\"https:\/\/www.uv.mx\/prensa\/files\/2019\/09\/050919-manati-2-100k.jpg\" alt=\"La investigadora del IIB habl\u00f3 sobre las acciones de rescate, conservaci\u00f3n y cuidado a favor de esta especie \" width=\"722\" height=\"481\" srcset=\"https:\/\/www.uv.mx\/prensa\/files\/2019\/09\/050919-manati-2-100k.jpg 722w, https:\/\/www.uv.mx\/prensa\/files\/2019\/09\/050919-manati-2-100k-300x200.jpg 300w\" sizes=\"(max-width: 722px) 100vw, 722px\" \/><\/a><p id=\"caption-attachment-72907\" class=\"wp-caption-text\">La investigadora del IIB habl\u00f3 sobre las acciones de rescate, conservaci\u00f3n y cuidado a favor de esta especie<\/p><\/div>\n<p><span data-contrast=\"auto\">Tiene un peso que va<\/span><span data-contrast=\"auto\"> desde los 500 a los mil kilogramos. Su longitud al nacer es de 90 cent\u00edmetros<\/span><span data-contrast=\"auto\">,<\/span><span data-contrast=\"auto\"> mientras que en la edad adulta llega hasta los <\/span><span data-contrast=\"auto\">tres<\/span><span data-contrast=\"auto\"> metros.<\/span><span data-ccp-props=\"{&quot;201341983&quot;:0,&quot;335559731&quot;:708,&quot;335559739&quot;:160,&quot;335559740&quot;:240}\">\u00a0<\/span><\/p>\n<p><span data-contrast=\"auto\">Son solitarios, pero en temporada de cortejos andan en grupos <\/span><span data-contrast=\"auto\">de<\/span><span data-contrast=\"auto\"> por lo menos<\/span><span data-contrast=\"auto\"> siete animales. A<\/span><span data-contrast=\"auto\">l igual que a los jaguares o \u00e1guilas se les considera especies sombrilla, toda vez que si se les protege se beneficia a muchas otras <\/span><span data-contrast=\"auto\">especies que componen la comunidad de su h\u00e1bitat<\/span><span data-contrast=\"auto\">.<\/span><span data-ccp-props=\"{&quot;201341983&quot;:0,&quot;335559731&quot;:708,&quot;335559739&quot;:160,&quot;335559740&quot;:240}\">\u00a0<\/span><\/p>\n<p><span data-contrast=\"auto\">Hace alg\u00fan tiempo, en M\u00e9xico se les lleg\u00f3 a considerar en peligro de extinci\u00f3n debido a la cacer\u00eda, pues para las personas eran una fuente rica de alimento.<\/span><span data-ccp-props=\"{&quot;201341983&quot;:0,&quot;335559731&quot;:708,&quot;335559739&quot;:160,&quot;335559740&quot;:240}\">\u00a0<\/span><\/p>\n<p><span data-contrast=\"auto\">Su piel gruesa, muy parecida a la de los elefantes<\/span><span data-contrast=\"auto\">,<\/span><span data-contrast=\"auto\"> la ocupaban para cubrir los asientos de las carretas, mientras que con los huesos hac<\/span><span data-contrast=\"auto\">\u00edan harina. Esto, se determin\u00f3 co<\/span><span data-contrast=\"auto\">n base <\/span><span data-contrast=\"auto\">en <\/span><span data-contrast=\"auto\">un trabajo antropol\u00f3gico social.<\/span><span data-ccp-props=\"{&quot;201341983&quot;:0,&quot;335559731&quot;:708,&quot;335559739&quot;:160,&quot;335559740&quot;:240}\">\u00a0<\/span><\/p>\n<p><span data-contrast=\"auto\">Cortina Julio<\/span><span data-contrast=\"auto\"> reiter\u00f3 que gracias a esta campa\u00f1a permanente de conservaci\u00f3n donde se ha sensibilizado a los miembros de las comunidades, el manat\u00ed y su h\u00e1bitat son protegidos por los pobladores<\/span><span data-contrast=\"auto\">,<\/span><span data-contrast=\"auto\"> quienes dan aviso de <\/span><span data-contrast=\"auto\">los avistamientos o varamientos, ya sea a la Procuradur\u00eda Federal de Protecci\u00f3n al Ambiente (<\/span><i><span data-contrast=\"auto\">Profepa<\/span><\/i><span data-contrast=\"auto\">) o a la UV.<\/span><span data-ccp-props=\"{&quot;201341983&quot;:0,&quot;335559731&quot;:708,&quot;335559739&quot;:160,&quot;335559740&quot;:240}\">\u00a0<\/span><\/p>\n<p><span data-contrast=\"auto\">En este sentido, tambi\u00e9n habl\u00f3 de la labor estrecha con el Acuario de Veracruz<\/span><span data-contrast=\"auto\">, lugar a donde tuvo que ser trasladada la beb\u00e9 Dominga, hallada por lugare\u00f1os en estado cr\u00edtico de deshidrataci\u00f3n.<\/span><span data-ccp-props=\"{&quot;201341983&quot;:0,&quot;335559731&quot;:708,&quot;335559739&quot;:160,&quot;335559740&quot;:240}\">\u00a0<\/span><\/p>\n<p><span data-contrast=\"auto\">Tambi\u00e9n hizo menci\u00f3n del caso de Juventino, otro manat\u00ed rescatado, rehabilitado y devuelto a su h\u00e1bitat por los habitantes de la comunidad El <\/span><span data-contrast=\"auto\">Nacaste<\/span><span data-contrast=\"auto\">, municipio de Alvarado.<\/span><span data-ccp-props=\"{&quot;201341983&quot;:0,&quot;335559731&quot;:708,&quot;335559739&quot;:160,&quot;335559740&quot;:240}\">\u00a0<\/span><\/p>\n<p><span data-contrast=\"auto\">Indic\u00f3 que de esta actividad han surgido un total de 11 tesis de licenciatura sobre educaci\u00f3n ambiental; uso y manejo del manat\u00ed; capacitaci\u00f3n y trabajo social; rehabilitaci\u00f3n de cr\u00edas de manat\u00ed; varamientos y avistamientos.<\/span><span data-ccp-props=\"{&quot;201341983&quot;:0,&quot;335559731&quot;:708,&quot;335559739&quot;:160,&quot;335559740&quot;:240}\">\u00a0<\/span><\/p>\n<p><span data-contrast=\"auto\">Asimismo, destacan <\/span><span data-contrast=\"auto\">cinco <\/span><span data-contrast=\"auto\">tesis de maestr\u00eda bajo las tem\u00e1ticas de: h\u00e1bitat del manat\u00ed<\/span><span data-contrast=\"auto\">;<\/span><span data-contrast=\"auto\"> educaci\u00f3n ambiental<\/span><span data-contrast=\"auto\">;<\/span><span data-contrast=\"auto\"> participaci\u00f3n social<\/span><span data-contrast=\"auto\">,<\/span><span data-contrast=\"auto\"> y formaci\u00f3n de promotores.<\/span><span data-ccp-props=\"{&quot;201341983&quot;:0,&quot;335559731&quot;:708,&quot;335559739&quot;:160,&quot;335559740&quot;:240}\">\u00a0<\/span><\/p>\n<p><span data-contrast=\"auto\">La investigadora de la UV junto con estudiantes universitarios, instancias federales, estatales y organismos no gubernamentales, busca continuar con las acciones de conservaci\u00f3n, educaci\u00f3n y difusi\u00f3n, establecer el <\/span><span data-contrast=\"auto\">c<\/span><span data-contrast=\"auto\">entro de <\/span><span data-contrast=\"auto\">r<\/span><span data-contrast=\"auto\">ehabilitaci\u00f3n y <\/span><span data-contrast=\"auto\">r<\/span><span data-contrast=\"auto\">eincorporaci\u00f3n del <\/span><span data-contrast=\"auto\">m<\/span><span data-contrast=\"auto\">anat\u00ed, as\u00ed como el desarrollo de proyectos de investigaci\u00f3n.<\/span><span data-ccp-props=\"{&quot;201341983&quot;:0,&quot;335559731&quot;:708,&quot;335559739&quot;:160,&quot;335559740&quot;:240}\">\u00a0<\/span><\/p>\n","protected":false},"excerpt":{"rendered":"<p>\u201cDe la mano de investigadores, pobladores e instancias estatales y federales, se ha logrado frenar la extinci\u00f3n de este mam\u00edfero\u201d: Blanca Elizabeth Cortina Julio <\/p>\n","protected":false},"author":1775,"featured_media":72913,"comment_status":"closed","ping_status":"closed","sticky":false,"template":"","format":"standard","meta":[],"categories":[45,61],"tags":[],"_links":{"self":[{"href":"https:\/\/www.uv.mx\/prensa\/wp-json\/wp\/v2\/posts\/72912"}],"collection":[{"href":"https:\/\/www.uv.mx\/prensa\/wp-json\/wp\/v2\/posts"}],"about":[{"href":"https:\/\/www.uv.mx\/prensa\/wp-json\/wp\/v2\/types\/post"}],"author":[{"embeddable":true,"href":"https:\/\/www.uv.mx\/prensa\/wp-json\/wp\/v2\/users\/1775"}],"replies":[{"embeddable":true,"href":"https:\/\/www.uv.mx\/prensa\/wp-json\/wp\/v2\/comments?post=72912"}],"version-history":[{"count":0,"href":"https:\/\/www.uv.mx\/prensa\/wp-json\/wp\/v2\/posts\/72912\/revisions"}],"wp:featuredmedia":[{"embeddable":true,"href":"https:\/\/www.uv.mx\/prensa\/wp-json\/wp\/v2\/media\/72913"}],"wp:attachment":[{"href":"https:\/\/www.uv.mx\/prensa\/wp-json\/wp\/v2\/media?parent=72912"}],"wp:term":[{"taxonomy":"category","embeddable":true,"href":"https:\/\/www.uv.mx\/prensa\/wp-json\/wp\/v2\/categories?post=72912"},{"taxonomy":"post_tag","embeddable":true,"href":"https:\/\/www.uv.mx\/prensa\/wp-json\/wp\/v2\/tags?post=72912"}],"curies":[{"name":"wp","href":"https:\/\/api.w.org\/{rel}","templated":true}]}}