{"id":72923,"date":"2019-09-08T08:00:45","date_gmt":"2019-09-08T13:00:45","guid":{"rendered":"https:\/\/www.uv.mx\/prensa\/?p=72923"},"modified":"2019-09-05T20:11:34","modified_gmt":"2019-09-06T01:11:34","slug":"estudiantes-del-ccc-filmaran-cortometraje-en-mixtla-de-altamirano","status":"publish","type":"post","link":"https:\/\/www.uv.mx\/prensa\/cultura\/estudiantes-del-ccc-filmaran-cortometraje-en-mixtla-de-altamirano\/","title":{"rendered":"Estudiantes del CCC filmar\u00e1n cortometraje en Mixtla de Altamirano"},"content":{"rendered":"<ul>\n<li data-leveltext=\"\uf0b7\" data-font=\"Symbol\" data-listid=\"1\" data-aria-posinset=\"1\" data-aria-level=\"1\"><i><span data-contrast=\"auto\">Tendr\u00e1n el apoyo del cineasta y jefe del Departamento de Cinematograf\u00eda de la DGCU<\/span><\/i> <i><span data-contrast=\"auto\">de la UV, Ricardo Benet<\/span><\/i><span data-ccp-props=\"{&quot;134233279&quot;:true,&quot;201341983&quot;:0,&quot;335559739&quot;:160,&quot;335559740&quot;:240}\">\u00a0<\/span><\/li>\n<\/ul>\n<p>&nbsp;<\/p>\n<div id=\"attachment_72844\" style=\"width: 732px\" class=\"wp-caption aligncenter\"><a href=\"https:\/\/www.uv.mx\/prensa\/files\/2019\/09\/040919-KARINA-Ricardo-Benet-100k.jpg\"><img aria-describedby=\"caption-attachment-72844\" decoding=\"async\" loading=\"lazy\" class=\"size-full wp-image-72844\" src=\"https:\/\/www.uv.mx\/prensa\/files\/2019\/09\/040919-KARINA-Ricardo-Benet-100k.jpg\" alt=\"\" width=\"722\" height=\"481\" srcset=\"https:\/\/www.uv.mx\/prensa\/files\/2019\/09\/040919-KARINA-Ricardo-Benet-100k.jpg 722w, https:\/\/www.uv.mx\/prensa\/files\/2019\/09\/040919-KARINA-Ricardo-Benet-100k-300x200.jpg 300w\" sizes=\"(max-width: 722px) 100vw, 722px\" \/><\/a><p id=\"caption-attachment-72844\" class=\"wp-caption-text\">Directores, productora y Ricardo Benet en rueda de prensa<\/p><\/div>\n<p>&nbsp;<\/p>\n<p><b><i><span data-contrast=\"auto\">Karina de la Paz Reyes D\u00edaz<\/span><\/i><\/b><span data-ccp-props=\"{&quot;134233279&quot;:true,&quot;201341983&quot;:0,&quot;335559739&quot;:160,&quot;335559740&quot;:240}\">\u00a0<\/span><\/p>\n<p><b><i><span data-contrast=\"auto\">08\/09\/2019, Xalapa, Ver.- <\/span><\/i><\/b><span data-contrast=\"auto\">Estudiantes del Centro de Capacitaci\u00f3n Cinematogr\u00e1fica (CCC), A.C., filmar\u00e1n <\/span><i><span data-contrast=\"auto\">El brillo de la luci\u00e9rnaga<\/span><\/i><span data-contrast=\"auto\"> en comunidades de <\/span><span data-contrast=\"auto\">Mixtla<\/span><span data-contrast=\"auto\"> de Altamirano, municipio de la sierra de Zongolica<\/span><span data-contrast=\"auto\">, <\/span><span data-contrast=\"auto\">cortometraje <\/span><span data-contrast=\"auto\">que <\/span><span data-contrast=\"auto\">ser\u00e1 hablado en n\u00e1huatl, con actores naturales oriundos de esa regi\u00f3n y <\/span><span data-contrast=\"auto\">que <\/span><span data-contrast=\"auto\">versar\u00e1 sobre el M\u00e9xico ind\u00edgena y la migraci\u00f3n, concretamente \u201cdel regreso de alguien que se fue por mucho tiempo\u201d, adelant\u00f3 su director Augusto C\u00e9sar Reyes \u00c1lvarez.<\/span><span data-ccp-props=\"{&quot;134233279&quot;:true,&quot;201341983&quot;:0,&quot;335559739&quot;:160,&quot;335559740&quot;:240}\">\u00a0<\/span><\/p>\n<p><span data-contrast=\"auto\">En conferencia con medios de comunicaci\u00f3n de <\/span><span data-contrast=\"auto\">la capital veracruzana<\/span><span data-contrast=\"auto\">, los estudiantes reconocieron<\/span><span data-contrast=\"auto\"> y destacaron<\/span><span data-contrast=\"auto\"> la intervenci\u00f3n que en el proyecto tiene el <\/span><span data-contrast=\"auto\">jefe del Departamento de Cinematograf\u00eda de la D<\/span><span data-contrast=\"auto\">irecci\u00f3n <\/span><span data-contrast=\"auto\">G<\/span><span data-contrast=\"auto\">eneral de <\/span><span data-contrast=\"auto\">C<\/span><span data-contrast=\"auto\">omunicaci\u00f3n <\/span><span data-contrast=\"auto\">U<\/span><span data-contrast=\"auto\">niversitaria <\/span><span data-contrast=\"auto\">(CGCU) <\/span><span data-contrast=\"auto\">de la U<\/span><span data-contrast=\"auto\">niversidad <\/span><span data-contrast=\"auto\">V<\/span><span data-contrast=\"auto\">eracruzana (UV)<\/span><span data-contrast=\"auto\">, Ricardo Benet<\/span><span data-contrast=\"auto\">.<\/span><span data-ccp-props=\"{&quot;134233279&quot;:true,&quot;201341983&quot;:0,&quot;335559739&quot;:160,&quot;335559740&quot;:240}\">\u00a0<\/span><\/p>\n<p><span data-contrast=\"auto\">El <\/span><span data-contrast=\"auto\">cineasta<\/span><span data-contrast=\"auto\"> y<\/span><span data-contrast=\"auto\"> fot\u00f3grafo<\/span> <span data-contrast=\"auto\">adelant\u00f3 que como parte de la intervenci\u00f3n que tendr\u00e1 en <\/span><span data-contrast=\"auto\">Mixtla<\/span><span data-contrast=\"auto\"> de Altamirano, impartir\u00e1 talleres de cine a ni\u00f1os de las comunidades donde desarrollar\u00e1n<\/span><span data-contrast=\"auto\"> el rodaje de la pieza f\u00edlmica.<\/span><span data-ccp-props=\"{&quot;134233279&quot;:true,&quot;201341983&quot;:0,&quot;335559739&quot;:160,&quot;335559740&quot;:240}\">\u00a0<\/span><\/p>\n<p><span data-contrast=\"auto\">\u201cLa historia me gusta mucho<\/span><span data-contrast=\"auto\">,<\/span> <span data-contrast=\"auto\">q<\/span><span data-contrast=\"auto\">ue se acerquen <\/span><span data-contrast=\"auto\">a<\/span><span data-contrast=\"auto\"> las comunidades m\u00e1s apartadas, donde de pronto la cultura pasa de largo<\/span><span data-contrast=\"auto\">,<\/span><span data-contrast=\"auto\"> y propongan un rodaje<\/span><span data-contrast=\"auto\"> y<\/span><span data-contrast=\"auto\"> una oferta acad\u00e9mica<\/span><span data-contrast=\"auto\">.<\/span> <span data-contrast=\"auto\">C<\/span><span data-contrast=\"auto\">uando escuch\u00e9 todo esto dije \u2018me gusta la idea, me voy a sumar\u2019 y <\/span><span data-contrast=\"auto\">desde el Departamento de <\/span><span data-contrast=\"auto\">Cinematograf\u00eda <\/span><span data-contrast=\"auto\">estamos proponiendo ampliar esa oferta, ir propiamente a <\/span><span data-contrast=\"auto\">impartir<\/span><span data-contrast=\"auto\"> un taller de tres o cuatro d\u00edas. Algo que yo llamar\u00eda \u2018De la idea a la pantalla\u2019, para <\/span><span data-contrast=\"auto\">que<\/span><span data-contrast=\"auto\">,<\/span><span data-contrast=\"auto\"> con una camarita, muchas ganas y una idea b\u00e1sica puedan llegar a contar algo en im\u00e1genes.\u201d<\/span><span data-ccp-props=\"{&quot;134233279&quot;:true,&quot;201341983&quot;:0,&quot;335559739&quot;:160,&quot;335559740&quot;:240}\">\u00a0<\/span><\/p>\n<p><span data-contrast=\"auto\">Coment\u00f3 que tambi\u00e9n est\u00e1 en la mesa la posibilidad de que la Unidad Acad\u00e9mica de Artes imparta un taller de c\u00e1mara estenopeica a la comunidad infantil de la regi\u00f3n, as\u00ed como la proyecci\u00f3n de una serie de pel\u00edculas en horario nocturno.<\/span><span data-ccp-props=\"{&quot;134233279&quot;:true,&quot;201341983&quot;:0,&quot;335559731&quot;:708,&quot;335559739&quot;:160,&quot;335559740&quot;:240}\">\u00a0<\/span><\/p>\n<p><span data-contrast=\"auto\">El equipo estar\u00e1 conformado por alrede<\/span><span data-contrast=\"auto\">dor de 20<\/span> <span data-contrast=\"auto\">alumnos <\/span><span data-contrast=\"auto\">que del 30 de octubre al 3 de noviembre realizar\u00e1n el rodaje en las <\/span><span data-contrast=\"auto\">comunidades de <\/span><span data-contrast=\"auto\">Xochitla<\/span><span data-contrast=\"auto\"> y Barrio Cuarto<\/span><span data-contrast=\"auto\">,<\/span><span data-contrast=\"auto\"> pertenecientes al municipio de <\/span><span data-contrast=\"auto\">Mixtla<\/span><span data-contrast=\"auto\"> de Altamirano<\/span><span data-contrast=\"auto\">. <\/span><span data-contrast=\"auto\">De ellos, Augusto C\u00e9sar es el director, Circe Arreola Rodr\u00edguez la productora, as\u00ed como Hiram Contreras V\u00e1zquez<\/span><span data-contrast=\"auto\"> y <\/span><span data-contrast=\"auto\">Pablo Cervantes <\/span><span data-contrast=\"auto\">Xochicale<\/span><span data-contrast=\"auto\"> los<\/span><span data-contrast=\"auto\"> productor<\/span><span data-contrast=\"auto\">es<\/span><span data-contrast=\"auto\"> en <\/span><span data-contrast=\"auto\">Zongolica<\/span><span data-contrast=\"auto\">.<\/span><span data-ccp-props=\"{&quot;134233279&quot;:true,&quot;201341983&quot;:0,&quot;335559739&quot;:160,&quot;335559740&quot;:240}\">\u00a0<\/span><\/p>\n<p><span data-contrast=\"auto\">El cortometraje se desarrolla sin fines de lucro y cuenta con financiamiento del CCC<\/span><span data-contrast=\"auto\">,<\/span><span data-contrast=\"auto\"> A.C., entidad que depende de la Secretar\u00eda d<\/span><span data-contrast=\"auto\">e Cultura del Gobierno Federal.<\/span><span data-ccp-props=\"{&quot;134233279&quot;:true,&quot;201341983&quot;:0,&quot;335559739&quot;:160,&quot;335559740&quot;:240}\">\u00a0<\/span><\/p>\n<p><span data-contrast=\"auto\">\u201cLo que estoy por filmar con mi equipo de trabajo se llama Ficci\u00f3n II<\/span><span data-contrast=\"auto\"> (<\/span><span data-contrast=\"auto\">con <\/span><span data-contrast=\"auto\">fondo del Gobierno Federal)<\/span><span data-contrast=\"auto\">, <\/span><span data-contrast=\"auto\">es <\/span><span data-contrast=\"auto\">el primer cortometraje que nosotros los alumnos \u2013somos nueve directores los que estamos en la generaci\u00f3n<\/span><span data-contrast=\"auto\">\u2013<\/span><span data-contrast=\"auto\"> exponemos a nivel nacional o internacional, dependiendo del alcance del trabajo\u201d<\/span><span data-contrast=\"auto\">, explic\u00f3 Augusto C\u00e9sar Reyes<\/span><span data-contrast=\"auto\">.<\/span><span data-ccp-props=\"{&quot;134233279&quot;:true,&quot;201341983&quot;:0,&quot;335559731&quot;:708,&quot;335559739&quot;:160,&quot;335559740&quot;:240}\">\u00a0<\/span><\/p>\n<p><span data-contrast=\"auto\">Si bien tienen financiamiento de su instituci\u00f3n, el <\/span><span data-contrast=\"auto\">49 por ciento de los gastos corren por cuenta del propio equipo; en ese contexto<\/span><span data-contrast=\"auto\">,<\/span><span data-contrast=\"auto\"> aprovecharon la ocasi\u00f3n para expresar que es bienvenido el<\/span> <span data-contrast=\"auto\">apoyo de empresarios<\/span><span data-contrast=\"auto\"> o instituciones de la entidad, ya sea econ\u00f3mico o en especie (para asuntos como transporte, comidas y hospedaje).<\/span><span data-ccp-props=\"{&quot;134233279&quot;:true,&quot;201341983&quot;:0,&quot;335559739&quot;:160,&quot;335559740&quot;:240}\">\u00a0<\/span><\/p>\n<p><span data-contrast=\"auto\">\u201c<\/span><span data-contrast=\"auto\">L<\/span><span data-contrast=\"auto\">amentablemente<\/span><span data-contrast=\"auto\"> n<\/span><span data-contrast=\"auto\">uestras historias est\u00e1n rezagadas <\/span><span data-contrast=\"auto\">por<\/span><span data-contrast=\"auto\">que las exhibidoras muestran m\u00e1s el cine extranjero que el nacional, por <\/span><span data-contrast=\"auto\">eso <\/span><span data-contrast=\"auto\">quiero aprovechar esta oportunidad. <\/span><span data-contrast=\"auto\">E<\/span><span data-contrast=\"auto\">l cine es el<\/span><span data-contrast=\"auto\"> lujo de las artes, es muy caro;<\/span><span data-contrast=\"auto\"> y esta Ficci\u00f3n II, que vamos a filmar en 35 mil\u00edmetros Kodak, es posible gracias a la Escuela.\u201d<\/span><span data-ccp-props=\"{&quot;134233279&quot;:true,&quot;201341983&quot;:0,&quot;335559739&quot;:160,&quot;335559740&quot;:240}\">\u00a0<\/span><\/p>\n<p><span data-contrast=\"auto\">Al hablar de que los actores ser\u00e1n \u201cnaturales\u201d, explic\u00f3 que son \u201cgente que es lo que es, pero no es un documental, sino una ficci\u00f3n\u201d. Adelant\u00f3 que un par de hermanos ser\u00e1n los protagonistas, a quienes les habl\u00f3 del proyecto, mostraron su inter\u00e9s y disposici\u00f3n para participar; son personas que estudiaron s\u00f3lo los primeros <\/span><span data-contrast=\"auto\">grados de<\/span> <span data-contrast=\"auto\">educaci\u00f3n <\/span><span data-contrast=\"auto\">primaria, toda su vida se han dedicado a cultivar la tierra, oficio que alt<\/span><span data-contrast=\"auto\">ernan con el de la alba\u00f1iler\u00eda.<\/span><span data-ccp-props=\"{&quot;134233279&quot;:true,&quot;201341983&quot;:0,&quot;335559739&quot;:160,&quot;335559740&quot;:240}\">\u00a0<\/span><\/p>\n<p><span data-contrast=\"auto\">Augusto C\u00e9sar Reyes<\/span><span data-contrast=\"auto\"> destac\u00f3 su inter\u00e9s por dar a conocer el proyecto, sobre todo a los habitantes de la regi\u00f3n de <\/span><span data-contrast=\"auto\">Zongolica<\/span><span data-contrast=\"auto\">. \u201c<\/span><span data-contrast=\"auto\">S<\/span><span data-contrast=\"auto\">er\u00e1 un trabajo estudiantil, somos estudiantes y todos los derechos patrimoniales de la obra le pe<\/span><span data-contrast=\"auto\">rtenecen al CCC<\/span><span data-contrast=\"auto\">,<\/span><span data-contrast=\"auto\"> A.C.\u201d, subray\u00f3.<\/span><span data-ccp-props=\"{&quot;134233279&quot;:true,&quot;201341983&quot;:0,&quot;335559739&quot;:160,&quot;335559740&quot;:240}\">\u00a0<\/span><\/p>\n<p><span data-contrast=\"auto\">Circe Arreola precis\u00f3 que<\/span><span data-contrast=\"auto\"> el <\/span><span data-contrast=\"auto\">CCC, A.C.,<\/span><span data-contrast=\"auto\"> les proveer\u00e1 del equipo necesario para desarrollar el rodaje<\/span><span data-contrast=\"auto\">, por ello<\/span><span data-contrast=\"auto\"> tienen fechas <\/span><span data-contrast=\"auto\">de<\/span><span data-contrast=\"auto\">terminadas para desarrollarlo, que fueron<\/span><span data-contrast=\"auto\"> designadas por la instituci\u00f3n.<\/span><span data-ccp-props=\"{&quot;134233279&quot;:true,&quot;201341983&quot;:0,&quot;335559731&quot;:708,&quot;335559739&quot;:160,&quot;335559740&quot;:240}\">\u00a0<\/span><\/p>\n<p><span data-contrast=\"auto\">Cabe citar que los talleres para ni\u00f1os se desarrollar\u00e1n d\u00edas antes de la filmaci\u00f3n. Para conocer m\u00e1s de este proyecto consulte en <\/span><i><span data-contrast=\"auto\">Facebook<\/span><\/i><span data-contrast=\"auto\">: <\/span><a href=\"https:\/\/www.facebook.com\/pg\/elbrillodelaluciernagafilm\/posts\/?ref=page_internal\"><span data-contrast=\"none\">elbrillodelaluciernagafilm<\/span><\/a><span data-contrast=\"auto\">.<\/span><\/p>\n","protected":false},"excerpt":{"rendered":"<p>Tendr\u00e1n el apoyo del cineasta y jefe del Departamento de Cinematograf\u00eda de la DGCU de la UV, Ricardo Benet <\/p>\n","protected":false},"author":1508,"featured_media":72922,"comment_status":"closed","ping_status":"closed","sticky":false,"template":"","format":"standard","meta":[],"categories":[11,61],"tags":[],"_links":{"self":[{"href":"https:\/\/www.uv.mx\/prensa\/wp-json\/wp\/v2\/posts\/72923"}],"collection":[{"href":"https:\/\/www.uv.mx\/prensa\/wp-json\/wp\/v2\/posts"}],"about":[{"href":"https:\/\/www.uv.mx\/prensa\/wp-json\/wp\/v2\/types\/post"}],"author":[{"embeddable":true,"href":"https:\/\/www.uv.mx\/prensa\/wp-json\/wp\/v2\/users\/1508"}],"replies":[{"embeddable":true,"href":"https:\/\/www.uv.mx\/prensa\/wp-json\/wp\/v2\/comments?post=72923"}],"version-history":[{"count":0,"href":"https:\/\/www.uv.mx\/prensa\/wp-json\/wp\/v2\/posts\/72923\/revisions"}],"wp:featuredmedia":[{"embeddable":true,"href":"https:\/\/www.uv.mx\/prensa\/wp-json\/wp\/v2\/media\/72922"}],"wp:attachment":[{"href":"https:\/\/www.uv.mx\/prensa\/wp-json\/wp\/v2\/media?parent=72923"}],"wp:term":[{"taxonomy":"category","embeddable":true,"href":"https:\/\/www.uv.mx\/prensa\/wp-json\/wp\/v2\/categories?post=72923"},{"taxonomy":"post_tag","embeddable":true,"href":"https:\/\/www.uv.mx\/prensa\/wp-json\/wp\/v2\/tags?post=72923"}],"curies":[{"name":"wp","href":"https:\/\/api.w.org\/{rel}","templated":true}]}}