{"id":72925,"date":"2019-09-05T08:00:36","date_gmt":"2019-09-05T13:00:36","guid":{"rendered":"https:\/\/www.uv.mx\/prensa\/?p=72925"},"modified":"2019-09-13T18:42:17","modified_gmt":"2019-09-13T23:42:17","slug":"festival-de-mariachi-primer-paso-para-la-integracion-de-un-programa-academico","status":"publish","type":"post","link":"https:\/\/www.uv.mx\/prensa\/eventos\/festival-de-mariachi-primer-paso-para-la-integracion-de-un-programa-academico\/","title":{"rendered":"Festival de Mariachi, primer paso para la integraci\u00f3n de un programa acad\u00e9mico"},"content":{"rendered":"<ul>\n<li data-leveltext=\"\uf0b7\" data-font=\"Symbol\" data-listid=\"1\" data-aria-posinset=\"1\" data-aria-level=\"1\"><i><span data-contrast=\"auto\">Se realizar\u00e1<\/span><\/i><i><span data-contrast=\"auto\"> d<\/span><\/i><i><span data-contrast=\"auto\">el 11 al 13 de septiembre<\/span><\/i><span data-ccp-props=\"{&quot;134233279&quot;:true}\">\u00a0<\/span><\/li>\n<li data-leveltext=\"\uf0b7\" data-font=\"Symbol\" data-listid=\"1\" data-aria-posinset=\"2\" data-aria-level=\"1\"><i><span data-contrast=\"auto\">Rafael Alcal\u00e1 indic\u00f3<\/span><\/i><i><span data-contrast=\"auto\"> que la formaci\u00f3n de m\u00fasicos folkl\u00f3ricos es importante para la U<\/span><\/i><i><span data-contrast=\"auto\">niversidad <\/span><\/i><i><span data-contrast=\"auto\">V<\/span><\/i><i><span data-contrast=\"auto\">eracruzana<\/span><\/i><span data-ccp-props=\"{&quot;134233279&quot;:true}\">\u00a0<\/span><\/li>\n<\/ul>\n<p>&nbsp;<\/p>\n<div id=\"attachment_72788\" style=\"width: 477px\" class=\"wp-caption aligncenter\"><a href=\"https:\/\/www.uv.mx\/prensa\/files\/2019\/09\/030919-Festival-de-Mariachi-1.jpg\"><img aria-describedby=\"caption-attachment-72788\" decoding=\"async\" loading=\"lazy\" class=\"size-full wp-image-72788\" src=\"https:\/\/www.uv.mx\/prensa\/files\/2019\/09\/030919-Festival-de-Mariachi-1.jpg\" alt=\"\" width=\"467\" height=\"722\" srcset=\"https:\/\/www.uv.mx\/prensa\/files\/2019\/09\/030919-Festival-de-Mariachi-1.jpg 467w, https:\/\/www.uv.mx\/prensa\/files\/2019\/09\/030919-Festival-de-Mariachi-1-194x300.jpg 194w\" sizes=\"(max-width: 467px) 100vw, 467px\" \/><\/a><p id=\"caption-attachment-72788\" class=\"wp-caption-text\">La convocatoria est\u00e1 abierta a estudiantes de m\u00fasica, ejecutantes del g\u00e9nero musical, m\u00fasicos profesionales y p\u00fablico en general<\/p><\/div>\n<p>&nbsp;<\/p>\n<p><b><i><span data-contrast=\"auto\">Jorge V\u00e1zquez Pacheco<\/span><\/i><\/b><span data-ccp-props=\"{&quot;134233279&quot;:true,&quot;335559685&quot;:720}\">\u00a0<\/span><\/p>\n<p><span data-ccp-props=\"{}\">\u00a0<\/span><b><i><span data-contrast=\"auto\">07\/09\/2019<\/span><\/i><\/b><b><i><span data-contrast=\"auto\">, <\/span><\/i><\/b><b><i><span data-contrast=\"auto\">Xalapa, <\/span><\/i><\/b><b><i><span data-contrast=\"auto\">Ver<\/span><\/i><\/b><b><i><span data-contrast=\"auto\">.-<\/span><\/i><\/b> <span data-contrast=\"auto\">Rafael Alcal\u00e1<\/span><span data-contrast=\"auto\">,<\/span><span data-contrast=\"auto\"> director general de Difusi\u00f3n Cultural<\/span> <span data-contrast=\"auto\">de la Universidad Veracruzana (UV), <\/span><span data-contrast=\"auto\">coment\u00f3<\/span> <span data-contrast=\"auto\">que<\/span><span data-contrast=\"auto\"> la realizaci\u00f3n del<\/span><span data-contrast=\"auto\"> primer Festival de Mariachi UV <\/span><span data-contrast=\"auto\">es el primer paso para la integraci\u00f3n de un programa acad\u00e9mico que reforzar\u00e1 la formaci\u00f3n de artistas especializados en m\u00fasica y danza popular.<\/span><span data-ccp-props=\"{}\">\u00a0<\/span><\/p>\n<p><span data-contrast=\"auto\">\u201c<\/span><span data-contrast=\"auto\">Para la presente administraci\u00f3n en la Direcci\u00f3n General de Difusi\u00f3n Cultural <\/span><span data-contrast=\"auto\">es <\/span><span data-contrast=\"auto\">una prioridad <\/span><span data-contrast=\"auto\">el fortalecimiento de la cultura regional y de nuestro pa\u00eds<\/span><span data-contrast=\"auto\">\u201d, indic\u00f3 en entrevista.<\/span><span data-ccp-props=\"{&quot;335559731&quot;:708}\">\u00a0<\/span><\/p>\n<p><span data-contrast=\"auto\">E<\/span><span data-contrast=\"auto\">l egresado del Berklee College of Music de Boston con <\/span><span data-contrast=\"auto\">L<\/span><span data-contrast=\"auto\">icenciatura en<\/span><span data-contrast=\"auto\"> Producci\u00f3n, Composici\u00f3n, Arreglo y Ejecuci\u00f3n Instrumental<\/span><span data-contrast=\"auto\">, dijo que <\/span><span data-contrast=\"auto\">\u201c<\/span><span data-contrast=\"auto\">Xalapa y la <\/span><span data-contrast=\"auto\">U<\/span><span data-contrast=\"auto\">niversi<\/span><span data-contrast=\"auto\">dad <\/span><span data-contrast=\"auto\">son un semillero de j\u00f3ven<\/span><span data-contrast=\"auto\">es talentos que desean aprender; los grupos que enfocan su trabajo hacia esta vertiente forman ya<\/span><span data-contrast=\"auto\"> un movimiento bastante fuerte\u201d<\/span><span data-contrast=\"auto\">.\u00a0<\/span><span data-ccp-props=\"{&quot;335559731&quot;:708}\">\u00a0<\/span><\/p>\n<p><span data-contrast=\"auto\">E<\/span><span data-contrast=\"auto\">n atenci\u00f3n a lo mismo, <\/span><span data-contrast=\"auto\">se ha<\/span><span data-contrast=\"auto\">n<\/span><span data-contrast=\"auto\"> lanzado la<\/span><span data-contrast=\"auto\">s<\/span><span data-contrast=\"auto\"> convocatoria<\/span><span data-contrast=\"auto\">s<\/span><span data-contrast=\"auto\"> para <\/span><span data-contrast=\"auto\">los <\/span><span data-contrast=\"auto\">primer<\/span><span data-contrast=\"auto\">os<\/span><span data-contrast=\"auto\"> diploma<\/span><span data-contrast=\"auto\">dos e<\/span><span data-contrast=\"auto\">n M\u00fasica y Danza F<\/span><span data-contrast=\"auto\">olkl\u00f3ricas con valor curricular<\/span><span data-contrast=\"auto\">.<\/span> <span data-contrast=\"auto\">\u201cEn ese mismo tenor es que ha surgido la iniciativa para el primer Festival de Mariachi UV, programado del 11 al 13 de septiembre, liderado por el Mariachi Universitario y que presentar\u00e1 <\/span><span data-contrast=\"auto\">a <\/span><span data-contrast=\"auto\">m\u00fasicos invitados para ofrecer conciertos, conferencias, clases maestras, conversatorios y talleres<\/span><span data-contrast=\"auto\">; todo sobre la misma l\u00ednea educativa y de profesionalizaci\u00f3n mencionadas<\/span><span data-contrast=\"auto\">\u201d, refir<\/span><span data-contrast=\"auto\">i\u00f3.<\/span><span data-ccp-props=\"{&quot;335559731&quot;:708}\">\u00a0<\/span><\/p>\n<p><span data-contrast=\"auto\">Alcal\u00e1 abund<\/span><span data-contrast=\"auto\">\u00f3<\/span><span data-contrast=\"auto\"> en el sentido de que ha sido importante contar con el respaldo de \u00edconos como Jos\u00e9 Hern\u00e1ndez, uno de los m\u00e1s <\/span><span data-contrast=\"auto\">significativos <\/span><span data-contrast=\"auto\">promotores y ense\u00f1antes a nivel internacional<\/span><span data-contrast=\"auto\">, as\u00ed como de <\/span><span data-contrast=\"auto\">Iv\u00e1n Velasco, <\/span><span data-contrast=\"auto\">experimentado m\u00fasico <\/span><span data-contrast=\"auto\">universitario <\/span><span data-contrast=\"auto\">cuyas conexiones profesionales y amistosas le vinculan con aquellas personalidades.<\/span><span data-ccp-props=\"{&quot;335559731&quot;:708}\">\u00a0<\/span><\/p>\n<p><span data-contrast=\"auto\">\u201cHan respondido a <\/span><span data-contrast=\"auto\">la<\/span><span data-contrast=\"auto\"> convocatoria seis entidades de la Rep\u00fablica que enviar\u00e1n <\/span><span data-contrast=\"auto\">sus <\/span><span data-contrast=\"auto\">ensambles <\/span><span data-contrast=\"auto\">amateurs y<\/span><span data-contrast=\"auto\"> profesionales. Recientemente nuestro Mariachi Universitario se hizo presente en la <\/span><span data-contrast=\"auto\">Universidad de Quer\u00e9taro, en un encuentro que nos ha permitido reforzar los lazos vinculantes.\u201d<\/span><span data-ccp-props=\"{&quot;335559731&quot;:708}\">\u00a0<\/span><\/p>\n<p><span data-contrast=\"auto\">Adem\u00e1s, <\/span><span data-contrast=\"auto\">hizo evidente el prop\u00f3sito de que la UV se convierta en l\u00edder para la educaci\u00f3n y formaci\u00f3n de artistas en el rengl\u00f3n correspondiente. \u201c\u00c9ste es apenas el primer paso: tenemos los diplomados con valor curricular y el Festival de Mariachi contendr\u00e1 estructura acad\u00e9mica. Todo va encaminado a la forja e integraci\u00f3n de un programa educativo formal desde la Direcci\u00f3n General de Difusi\u00f3n Cultural. Es una meta que nos hemos planteado desde ahora mismo y hasta 2021\u201d.<\/span><span data-ccp-props=\"{&quot;335559731&quot;:708}\">\u00a0<\/span><\/p>\n<p><span data-contrast=\"auto\">La totalidad de la informaci\u00f3n \u2013convocatoria, maestros participantes, sedes para clases maestras, ficha de inscripci\u00f3n y dem\u00e1s\u2013 se encuentra en la p\u00e1gina <\/span><a href=\"https:\/\/www.uv.mx\/festivalmariachi\/\"><span data-contrast=\"none\">www.uv.mx\/festivalmariachi\/<\/span><\/a><span data-contrast=\"auto\">.<\/span><\/p>\n<p>&nbsp;<\/p>\n<div id=\"attachment_72789\" style=\"width: 732px\" class=\"wp-caption aligncenter\"><a href=\"https:\/\/www.uv.mx\/prensa\/files\/2019\/09\/030919-Rafael-Alcala-Festival-de-Mariachi-2.jpg\"><img aria-describedby=\"caption-attachment-72789\" decoding=\"async\" loading=\"lazy\" class=\"size-full wp-image-72789\" src=\"https:\/\/www.uv.mx\/prensa\/files\/2019\/09\/030919-Rafael-Alcala-Festival-de-Mariachi-2.jpg\" alt=\"\" width=\"722\" height=\"481\" srcset=\"https:\/\/www.uv.mx\/prensa\/files\/2019\/09\/030919-Rafael-Alcala-Festival-de-Mariachi-2.jpg 722w, https:\/\/www.uv.mx\/prensa\/files\/2019\/09\/030919-Rafael-Alcala-Festival-de-Mariachi-2-300x200.jpg 300w\" sizes=\"(max-width: 722px) 100vw, 722px\" \/><\/a><p id=\"caption-attachment-72789\" class=\"wp-caption-text\">Rafael Alcal\u00e1, director general de Difusi\u00f3n Cultural<\/p><\/div>\n","protected":false},"excerpt":{"rendered":"<p>\u201cEn la Direcci\u00f3n General de Difusi\u00f3n Cultural es una prioridad el fortalecimiento de la cultura regional y de nuestro pa\u00eds\u201d: Rafael Alcal\u00e1<\/p>\n","protected":false},"author":1508,"featured_media":72760,"comment_status":"closed","ping_status":"closed","sticky":false,"template":"","format":"standard","meta":[],"categories":[47],"tags":[],"_links":{"self":[{"href":"https:\/\/www.uv.mx\/prensa\/wp-json\/wp\/v2\/posts\/72925"}],"collection":[{"href":"https:\/\/www.uv.mx\/prensa\/wp-json\/wp\/v2\/posts"}],"about":[{"href":"https:\/\/www.uv.mx\/prensa\/wp-json\/wp\/v2\/types\/post"}],"author":[{"embeddable":true,"href":"https:\/\/www.uv.mx\/prensa\/wp-json\/wp\/v2\/users\/1508"}],"replies":[{"embeddable":true,"href":"https:\/\/www.uv.mx\/prensa\/wp-json\/wp\/v2\/comments?post=72925"}],"version-history":[{"count":0,"href":"https:\/\/www.uv.mx\/prensa\/wp-json\/wp\/v2\/posts\/72925\/revisions"}],"wp:featuredmedia":[{"embeddable":true,"href":"https:\/\/www.uv.mx\/prensa\/wp-json\/wp\/v2\/media\/72760"}],"wp:attachment":[{"href":"https:\/\/www.uv.mx\/prensa\/wp-json\/wp\/v2\/media?parent=72925"}],"wp:term":[{"taxonomy":"category","embeddable":true,"href":"https:\/\/www.uv.mx\/prensa\/wp-json\/wp\/v2\/categories?post=72925"},{"taxonomy":"post_tag","embeddable":true,"href":"https:\/\/www.uv.mx\/prensa\/wp-json\/wp\/v2\/tags?post=72925"}],"curies":[{"name":"wp","href":"https:\/\/api.w.org\/{rel}","templated":true}]}}