{"id":72927,"date":"2019-09-08T08:00:42","date_gmt":"2019-09-08T13:00:42","guid":{"rendered":"https:\/\/www.uv.mx\/prensa\/?p=72927"},"modified":"2019-09-05T20:19:53","modified_gmt":"2019-09-06T01:19:53","slug":"necesario-generar-propuestas-de-educacion-musical-academico-del-jazzuv","status":"publish","type":"post","link":"https:\/\/www.uv.mx\/prensa\/cultura\/necesario-generar-propuestas-de-educacion-musical-academico-del-jazzuv\/","title":{"rendered":"Necesario generar propuestas de educaci\u00f3n musical: acad\u00e9mico del <em>Jazzuv<\/em>"},"content":{"rendered":"<ul>\n<li data-leveltext=\"\uf0b7\" data-font=\"Symbol\" data-listid=\"2\" data-aria-posinset=\"1\" data-aria-level=\"1\"><i><span data-contrast=\"auto\">Roberto S\u00e1nchez Picasso <\/span><\/i><i><span data-contrast=\"auto\">r<\/span><\/i><i><span data-contrast=\"auto\">ealiz\u00f3 una estancia e<\/span><\/i><i><span data-contrast=\"auto\">n la Universidad de Costa Rica<\/span><\/i><\/li>\n<\/ul>\n<p>&nbsp;<\/p>\n<div id=\"attachment_72712\" style=\"width: 732px\" class=\"wp-caption aligncenter\"><a href=\"https:\/\/www.uv.mx\/prensa\/files\/2019\/09\/020919-Picasso.jpg\"><img aria-describedby=\"caption-attachment-72712\" decoding=\"async\" loading=\"lazy\" class=\"size-full wp-image-72712\" src=\"https:\/\/www.uv.mx\/prensa\/files\/2019\/09\/020919-Picasso.jpg\" alt=\"\" width=\"722\" height=\"481\" srcset=\"https:\/\/www.uv.mx\/prensa\/files\/2019\/09\/020919-Picasso.jpg 722w, https:\/\/www.uv.mx\/prensa\/files\/2019\/09\/020919-Picasso-300x200.jpg 300w\" sizes=\"(max-width: 722px) 100vw, 722px\" \/><\/a><p id=\"caption-attachment-72712\" class=\"wp-caption-text\">Roberto S\u00e1nchez hizo una estancia acad\u00e9mica con Guillermo Rosabal-Coto de la UCR<\/p><\/div>\n<p>&nbsp;<\/p>\n<p><b><i><span data-contrast=\"auto\">Karina de la Paz Reyes D\u00edaz<\/span><\/i><\/b><span data-ccp-props=\"{&quot;134233279&quot;:true,&quot;201341983&quot;:0,&quot;335559739&quot;:160,&quot;335559740&quot;:240}\">\u00a0<\/span><\/p>\n<p><b><i><span data-contrast=\"auto\">0<\/span><\/i><\/b><b><i><span data-contrast=\"auto\">8<\/span><\/i><\/b><b><i><span data-contrast=\"auto\">\/09\/2019, Xalapa, Ver.-<\/span><\/i><\/b> <span data-contrast=\"auto\">Para <\/span><span data-contrast=\"auto\">Roberto S\u00e1nchez Picasso<\/span><span data-contrast=\"auto\">, guitarrista y a<\/span><span data-contrast=\"auto\">cad\u00e9mico del Centro de Estudios de Jazz de la U<\/span><span data-contrast=\"auto\">niversidad <\/span><span data-contrast=\"auto\">V<\/span><span data-contrast=\"auto\">eracruzana<\/span><span data-contrast=\"auto\"> (<\/span><i><span data-contrast=\"auto\">Jazzuv<\/span><\/i><span data-contrast=\"auto\">)<\/span><span data-contrast=\"auto\">, es necesario que se generen propuestas <\/span><span data-contrast=\"auto\">y m\u00e9todos de educaci\u00f3n del <\/span><span data-contrast=\"auto\">jazz<\/span><span data-contrast=\"auto\"> acorde<\/span><span data-contrast=\"auto\">s<\/span><span data-contrast=\"auto\"> a las distintas realidades<\/span> <span data-contrast=\"auto\">del <\/span><span data-contrast=\"auto\">pa\u00eds<\/span><span data-contrast=\"auto\">.<\/span><span data-ccp-props=\"{&quot;134233279&quot;:true,&quot;201341983&quot;:0,&quot;335559739&quot;:160,&quot;335559740&quot;:240}\">\u00a0<\/span><\/p>\n<p><span data-contrast=\"auto\">Como <\/span><span data-contrast=\"auto\">alumno de la primera generaci\u00f3n<\/span><span data-contrast=\"auto\"> de la Maestr\u00eda en Pedagog\u00eda de las Artes, adscrita a la Facultad de Danza de la UV, <\/span><span data-contrast=\"auto\">S\u00e1nchez Picasso <\/span><span data-contrast=\"auto\">realiz\u00f3 una estancia acad\u00e9mica en la <\/span><span data-contrast=\"auto\">Universidad de Costa Rica<\/span><span data-contrast=\"auto\"> (UCR), resultado de su postulaci\u00f3n en el <\/span><span data-contrast=\"auto\">Programa de Movilidad<\/span><span data-contrast=\"auto\"> edici\u00f3n 2019-1<\/span><span data-contrast=\"auto\"> (concretamente, en<\/span><span data-contrast=\"auto\"> una convocat<\/span><span data-contrast=\"auto\">oria extraordinaria para estudiantes<\/span><span data-contrast=\"auto\"> de posgrado<\/span><span data-contrast=\"auto\">)<\/span><span data-contrast=\"auto\">.<\/span><span data-ccp-props=\"{&quot;134233279&quot;:true,&quot;201341983&quot;:0,&quot;335559731&quot;:708,&quot;335559739&quot;:160,&quot;335559740&quot;:240}\">\u00a0<\/span><\/p>\n<p><span data-contrast=\"auto\">Su <\/span><span data-contrast=\"auto\">propuesta consisti\u00f3 en trabajar con Guillermo <\/span><span data-contrast=\"auto\">Rosabal<\/span><span data-contrast=\"auto\">-Coto, integrante del Instituto de Investigaci\u00f3n en Arte de la UCR, quien fue uno de los profesores invitados en el<\/span> <span data-contrast=\"auto\">I Foro Internacional de Educaci\u00f3n Musical Veracruz 2019, <\/span><span data-contrast=\"auto\">que se desarroll\u00f3 del 30 de enero al 3 de febrero en la Facultad de M\u00fasica de la UV.<\/span><span data-ccp-props=\"{&quot;134233279&quot;:true,&quot;201341983&quot;:0,&quot;335559731&quot;:708,&quot;335559739&quot;:160,&quot;335559740&quot;:240}\">\u00a0<\/span><\/p>\n<p><span data-contrast=\"auto\">\u201cAl estar aqu\u00ed, hizo algunos v\u00ednculos <\/span><span data-contrast=\"auto\">con las instituciones y despu\u00e9s<\/span><span data-contrast=\"auto\"> expres\u00f3 <\/span><span data-contrast=\"auto\">su inter\u00e9s de recibir un alumno de posgrado para apoyarlo en<\/span><span data-contrast=\"auto\"> su proyecto de investigaci\u00f3n. Yo p<\/span><span data-contrast=\"auto\">articip\u00e9 con mi tesis: <\/span><i><span data-contrast=\"auto\">La educaci\u00f3n del jazz en M\u00e9xico. Contextos, teor\u00edas y <\/span><\/i><i><span data-contrast=\"auto\">aplicaciones, una aproximaci\u00f3n pedag\u00f3gica para la contextualizaci\u00f3n y su metodolog\u00eda did\u00e1ctica<\/span><\/i><span data-contrast=\"auto\">\u201d, relat\u00f3 el guitarrista.<\/span><span data-ccp-props=\"{&quot;134233279&quot;:true,&quot;201341983&quot;:0,&quot;335559731&quot;:708,&quot;335559739&quot;:160,&quot;335559740&quot;:240}\">\u00a0<\/span><\/p>\n<p><span data-contrast=\"auto\">La participaci\u00f3n de <\/span><span data-contrast=\"auto\">S\u00e1nchez Picasso<\/span><span data-contrast=\"auto\"> fue alentada por la afinidad de su investigaci\u00f3n de posgrado con el quehacer <\/span><span data-contrast=\"auto\">acad\u00e9mico <\/span><span data-contrast=\"auto\">de <\/span><span data-contrast=\"auto\">Rosabal<\/span><span data-contrast=\"auto\">-Coto<\/span><span data-contrast=\"auto\">, especialista<\/span><span data-contrast=\"auto\"> en<\/span><span data-contrast=\"auto\"> tema<\/span><span data-contrast=\"auto\">s como el<\/span><span data-contrast=\"auto\"> de la descolonizaci\u00f3n de la educaci\u00f3n musical.<\/span><span data-ccp-props=\"{&quot;134233279&quot;:true,&quot;201341983&quot;:0,&quot;335559731&quot;:708,&quot;335559739&quot;:160,&quot;335559740&quot;:240}\">\u00a0<\/span><\/p>\n<p><span data-contrast=\"auto\">\u201cComo se sabe, el <\/span><span data-contrast=\"auto\">jazz<\/span><span data-contrast=\"auto\"> es un g\u00e9nero en cierto modo extranjero y el tema de mi trabajo es precisamente contextualizar nuestra educaci\u00f3n al entorno, al pa\u00eds, a nuestras realidades, a nuestros alumnos y me pare<\/span><span data-contrast=\"auto\">ci\u00f3 interesante la propuesta de<\/span> <span data-contrast=\"auto\">Rosabal<\/span><span data-contrast=\"auto\">-Coto<\/span><span data-contrast=\"auto\">\u201d<\/span><span data-contrast=\"auto\">, expuso el acad\u00e9mico, quien e<\/span><span data-contrast=\"auto\">studi\u00f3 composici\u00f3n en el Conservatorio <\/span><span data-contrast=\"auto\">de las <\/span><span data-contrast=\"auto\">Rosas en Morelia, M\u00e9xico, y la L<\/span><span data-contrast=\"auto\">icenciatura <\/span><span data-contrast=\"auto\">en<\/span><span data-contrast=\"auto\"> M\u00fasica en Jazz Guitar y Producci\u00f3n<\/span><span data-contrast=\"auto\">,<\/span><span data-contrast=\"auto\"> en el Cons<\/span><span data-contrast=\"auto\">ervatorio de Ut<\/span><span data-contrast=\"auto\">recht,<\/span><span data-contrast=\"auto\"> Holanda, donde se gradu\u00f3 con honores.<\/span><span data-ccp-props=\"{&quot;134233279&quot;:true,&quot;201341983&quot;:0,&quot;335559731&quot;:708,&quot;335559739&quot;:160,&quot;335559740&quot;:240}\">\u00a0<\/span><\/p>\n<p><span data-contrast=\"auto\">Cit\u00f3 que al verse favorecido con la movilidad, tambi\u00e9n gestion\u00f3 una estancia como profesor del <\/span><i><span data-contrast=\"auto\">Jazzuv<\/span><\/i><span data-contrast=\"auto\">, lo que le permiti\u00f3 impartir un ciclo<\/span><span data-contrast=\"auto\"> de clases a <\/span><span data-contrast=\"auto\">estudiantes de la Escuel<\/span><span data-contrast=\"auto\">a de Artes Musicales, <\/span><span data-contrast=\"auto\">concretamente a <\/span><span data-contrast=\"auto\">quienes conforman el Colectivo de Jazz de la UCR.<\/span><span data-ccp-props=\"{&quot;134233279&quot;:true,&quot;201341983&quot;:0,&quot;335559731&quot;:708,&quot;335559739&quot;:160,&quot;335559740&quot;:240}\">\u00a0<\/span><\/p>\n<p><span data-contrast=\"auto\">La estancia comprendi\u00f3 del 4 de junio al 3 de julio, tiempo en el <\/span><span data-contrast=\"auto\">que <\/span><span data-contrast=\"auto\">S\u00e1nchez Picasso <\/span><span data-contrast=\"auto\">trabaj\u00f3 con <\/span><span data-contrast=\"auto\">Rosabal<\/span><span data-contrast=\"auto\">-Coto<\/span><span data-contrast=\"auto\"> la metodolog\u00eda de la investigaci\u00f3n en educaci\u00f3n musical; adem\u00e1s, lograron una introducci\u00f3n al \u00e1mbito de la descolonizaci\u00f3n de \u00e9sta.<\/span><span data-ccp-props=\"{&quot;134233279&quot;:true,&quot;201341983&quot;:0,&quot;335559731&quot;:708,&quot;335559739&quot;:160,&quot;335559740&quot;:240}\">\u00a0<\/span><\/p>\n<p><span data-contrast=\"auto\">\u201cPara m\u00ed fue una experiencia muy buena, porque s\u00ed enriqueci\u00f3 much\u00edsimo mi proyecto. Tuve oportunidad de enfocarme al trabajo de investigaci\u00f3n y <\/span><span data-contrast=\"auto\">Rosabal<\/span><span data-contrast=\"auto\">-Coto<\/span><span data-contrast=\"auto\"> me dedic\u00f3 mucho tiempo\u201d, dijo satisfecho.<\/span><span data-ccp-props=\"{&quot;134233279&quot;:true,&quot;201341983&quot;:0,&quot;335559731&quot;:708,&quot;335559739&quot;:160,&quot;335559740&quot;:240}\">\u00a0<\/span><\/p>\n<p><span data-contrast=\"auto\">De acuerdo con<\/span><span data-contrast=\"auto\"> el entrevistado<\/span><span data-contrast=\"auto\">,<\/span><span data-contrast=\"auto\"> es importante<\/span><span data-contrast=\"auto\"> como profesores de <\/span><span data-contrast=\"auto\">jazz<\/span><span data-contrast=\"auto\"> generar<\/span><span data-contrast=\"auto\"> sus propuestas pedag\u00f3gicas, \u201cno solamente hacer <\/span><i><span data-contrast=\"auto\">copy<\/span><\/i><i><span data-contrast=\"auto\">-paste<\/span><\/i><span data-contrast=\"auto\">\u00a0<\/span><span data-contrast=\"auto\"> (copiar-pegar) <\/span><span data-contrast=\"auto\">de las teor\u00edas o propuestas <\/span><span data-contrast=\"auto\">euro<\/span><span data-contrast=\"auto\">centristas<\/span><span data-contrast=\"auto\"> o<\/span><span data-contrast=\"auto\"> norteamericanas, pues gran parte<\/span><span data-contrast=\"auto\"> de la bibliograf\u00eda en el arte <\/span><span data-contrast=\"auto\">son ediciones europeas o norteamericanas\u201d.<\/span><span data-ccp-props=\"{&quot;134233279&quot;:true,&quot;201341983&quot;:0,&quot;335559731&quot;:708,&quot;335559739&quot;:160,&quot;335559740&quot;:240}\">\u00a0<\/span><\/p>\n<p><span data-contrast=\"auto\">Las propuestas pedag\u00f3gicas, dijo, deben considerar <\/span><span data-contrast=\"auto\">las <\/span><span data-contrast=\"auto\">visiones y perspectivas<\/span><span data-contrast=\"auto\"> del pa\u00eds<\/span><span data-contrast=\"auto\">, toda vez que M\u00e9xico tiene una gama de realidades: \u201cEstamos en un momento en que necesitamos tomar la mayor\u00eda de edad y realmente dejar de esperar que nos dicten c\u00f3mo hacerlo, sino m\u00e1s bien mirar adentro, encontrar nuestras realidades y necesidades y buscar innovar<\/span><span data-contrast=\"auto\">;<\/span><span data-contrast=\"auto\"> decir \u2018Presente\u2019 en temas de investigaci\u00f3n, teor\u00edas, bibliograf\u00eda, entre otros \u00e1mbitos\u201d.<\/span><span data-ccp-props=\"{&quot;134233279&quot;:true,&quot;201341983&quot;:0,&quot;335559731&quot;:708,&quot;335559739&quot;:160,&quot;335559740&quot;:240}\">\u00a0<\/span><\/p>\n<p><span data-contrast=\"auto\">Cabe mencionar que como parte de su investigaci\u00f3n, <\/span><span data-contrast=\"auto\">S\u00e1nchez Picasso<\/span> <span data-contrast=\"auto\">desarroll\u00f3 una encuesta con<\/span><span data-contrast=\"auto\"> egresados<\/span><span data-contrast=\"auto\"> y fundadores de la Licenciatura en Jazz en M\u00e9xico (en el pa\u00eds s\u00f3lo tres entidades la imparten: Instituto Nacional de Bellas Artes, Universidad de Ciencias y Artes de Chiapas y la propia UV).<\/span><span data-ccp-props=\"{&quot;134233279&quot;:true,&quot;201341983&quot;:0,&quot;335559731&quot;:708,&quot;335559739&quot;:160,&quot;335559740&quot;:240}\">\u00a0<\/span><\/p>\n<p><span data-contrast=\"auto\">De<\/span><span data-contrast=\"auto\"> ese trabajo de campo lo q<\/span><span data-contrast=\"auto\">ue m\u00e1s <\/span><span data-contrast=\"auto\">destaca <\/span><span data-contrast=\"auto\">es la distancia<\/span><span data-contrast=\"auto\"> entre las expec<\/span><span data-contrast=\"auto\">tativas que hay al ingreso y <\/span><span data-contrast=\"auto\">egr<\/span><span data-contrast=\"auto\">eso de la<\/span> <span data-contrast=\"auto\">l<\/span><span data-contrast=\"auto\">icenciatura<\/span><span data-contrast=\"auto\">: <\/span><span data-contrast=\"auto\">\u201cEn las encuestas los egresados expresaron que su intenci\u00f3n era convertirse en m\u00fasicos de jazz de tiempo completo<\/span><span data-contrast=\"auto\">, <\/span><span data-contrast=\"auto\">era una expectativa muy alta<\/span><span data-contrast=\"auto\">\u201d<\/span><span data-contrast=\"auto\">.<\/span><span data-ccp-props=\"{&quot;134233279&quot;:true,&quot;201341983&quot;:0,&quot;335559731&quot;:708,&quot;335559739&quot;:160,&quot;335559740&quot;:240}\">\u00a0<\/span><\/p>\n<p><span data-contrast=\"auto\">Sin embargo,<\/span><span data-contrast=\"auto\"> ya en la realidad laboral, un gran porcentaje <\/span><span data-contrast=\"auto\">ha logrado<\/span> <span data-contrast=\"auto\">m\u00e1s bien <\/span><span data-contrast=\"auto\">incorpora<\/span><span data-contrast=\"auto\">r <\/span><span data-contrast=\"auto\">los conocimientos a la m\u00fasica popular, <\/span><span data-contrast=\"auto\">dedicarse a <\/span><span data-contrast=\"auto\">la docencia<\/span><span data-contrast=\"auto\">,<\/span><span data-contrast=\"auto\"> y <\/span><span data-contrast=\"auto\">la que era la primera expectativa de ingreso<\/span> <span data-contrast=\"auto\">qued\u00f3 en<\/span><span data-contrast=\"auto\"> un cuarto o quinto lugar<\/span><span data-contrast=\"auto\">. \u201cS<\/span><span data-contrast=\"auto\">\u00f3lo un 30 por ciento <\/span><span data-contrast=\"auto\">(de los entrevistados) ha logrado ser m\u00fasico<\/span><span data-contrast=\"auto\"> de jazz de tiempo completo\u201d, remarc\u00f3.<\/span><span data-ccp-props=\"{&quot;134233279&quot;:true,&quot;201341983&quot;:0,&quot;335559731&quot;:708,&quot;335559739&quot;:160,&quot;335559740&quot;:240}\">\u00a0<\/span><\/p>\n<p><span data-contrast=\"auto\">Para \u00e9l, <\/span><span data-contrast=\"auto\">es un indicador de lo nec<\/span><span data-contrast=\"auto\">esario<\/span><span data-contrast=\"auto\"> que es<\/span><span data-contrast=\"auto\"> atender otras \u00e1rea<\/span><span data-contrast=\"auto\">s de conocimiento<\/span><span data-contrast=\"auto\"> transversalmente<\/span><span data-contrast=\"auto\">, toda vez que los planes de estudio est\u00e1n hechos, pr\u00e1cticamente<\/span><span data-contrast=\"auto\">, para ejecutantes;<\/span> <span data-contrast=\"auto\">sin embargo, la realidad laboral<\/span><span data-contrast=\"auto\"> es m\u00e1s diversa.<\/span><span data-ccp-props=\"{&quot;134233279&quot;:true,&quot;201341983&quot;:0,&quot;335559731&quot;:708,&quot;335559739&quot;:160,&quot;335559740&quot;:240}\">\u00a0<\/span><\/p>\n<p><span data-contrast=\"auto\">\u201cUn m\u00fasi<\/span><span data-contrast=\"auto\">co no necesariamente puede ser<\/span><span data-contrast=\"auto\"> concertista, sino docente, componer m\u00fasica para pel\u00edculas, teatro, videojuegos. <\/span><span data-contrast=\"auto\">Se trata de<\/span><span data-contrast=\"auto\"> cambiar la perspectiva ut\u00f3pica de que el m\u00fasico tiene que tocar como lo<\/span><span data-contrast=\"auto\">s<\/span><span data-contrast=\"auto\"> m\u00e1s virtuosos, porque eso genera un estr\u00e9s muy fuerte en los alumnos.\u201d<\/span><span data-ccp-props=\"{&quot;134233279&quot;:true,&quot;201341983&quot;:0,&quot;335559731&quot;:708,&quot;335559739&quot;:160,&quot;335559740&quot;:240}\">\u00a0<\/span><\/p>\n<p><span data-contrast=\"auto\">En su <\/span><span data-contrast=\"auto\">opini\u00f3n<\/span><span data-contrast=\"auto\">, otras \u00e1reas que es necesario reforzar son la gesti\u00f3n, la investigaci\u00f3n, la docencia, las tecnolog\u00edas de informaci\u00f3n y comunicaci\u00f3n, <\/span><span data-contrast=\"auto\">la producci\u00f3n musical y la <\/span><span data-contrast=\"auto\">composici\u00f3n, por citar algunas.<\/span><span data-ccp-props=\"{&quot;134233279&quot;:true,&quot;201341983&quot;:0,&quot;335559731&quot;:708,&quot;335559739&quot;:160,&quot;335559740&quot;:240}\">\u00a0<\/span><\/p>\n<p><span data-contrast=\"auto\">En ese tenor, regres\u00f3 a su tema de investigaci\u00f3n y lo necesario que es <\/span><span data-contrast=\"auto\">para<\/span><span data-contrast=\"auto\"> el pa\u00eds la generaci\u00f3n de bibliograf\u00eda que enriquezca sobre el asunto. \u201cE<\/span><span data-contrast=\"auto\">sto no es tan dif\u00edcil <\/span><span data-contrast=\"auto\">de <\/span><span data-contrast=\"auto\">revertir<\/span><span data-contrast=\"auto\">, <\/span><span data-contrast=\"auto\">porque realmente todos nuestros profesores lo hacen, pueden escribir sus m\u00e9todos, sus materiales did\u00e1cticos<\/span><span data-contrast=\"auto\">,<\/span><span data-contrast=\"auto\"> quiz\u00e1 haya que gener<\/span><span data-contrast=\"auto\">ar mecanismos para motivarlos\u201d.<\/span><span data-ccp-props=\"{&quot;134233279&quot;:true,&quot;201341983&quot;:0,&quot;335559739&quot;:160,&quot;335559740&quot;:240}\">\u00a0<\/span><\/p>\n","protected":false},"excerpt":{"rendered":"<p>Roberto S\u00e1nchez Picasso realiz\u00f3 una estancia en la Universidad de Costa Rica <\/p>\n","protected":false},"author":1508,"featured_media":72712,"comment_status":"closed","ping_status":"closed","sticky":false,"template":"","format":"standard","meta":[],"categories":[11],"tags":[],"_links":{"self":[{"href":"https:\/\/www.uv.mx\/prensa\/wp-json\/wp\/v2\/posts\/72927"}],"collection":[{"href":"https:\/\/www.uv.mx\/prensa\/wp-json\/wp\/v2\/posts"}],"about":[{"href":"https:\/\/www.uv.mx\/prensa\/wp-json\/wp\/v2\/types\/post"}],"author":[{"embeddable":true,"href":"https:\/\/www.uv.mx\/prensa\/wp-json\/wp\/v2\/users\/1508"}],"replies":[{"embeddable":true,"href":"https:\/\/www.uv.mx\/prensa\/wp-json\/wp\/v2\/comments?post=72927"}],"version-history":[{"count":0,"href":"https:\/\/www.uv.mx\/prensa\/wp-json\/wp\/v2\/posts\/72927\/revisions"}],"wp:featuredmedia":[{"embeddable":true,"href":"https:\/\/www.uv.mx\/prensa\/wp-json\/wp\/v2\/media\/72712"}],"wp:attachment":[{"href":"https:\/\/www.uv.mx\/prensa\/wp-json\/wp\/v2\/media?parent=72927"}],"wp:term":[{"taxonomy":"category","embeddable":true,"href":"https:\/\/www.uv.mx\/prensa\/wp-json\/wp\/v2\/categories?post=72927"},{"taxonomy":"post_tag","embeddable":true,"href":"https:\/\/www.uv.mx\/prensa\/wp-json\/wp\/v2\/tags?post=72927"}],"curies":[{"name":"wp","href":"https:\/\/api.w.org\/{rel}","templated":true}]}}