{"id":72996,"date":"2019-09-05T08:00:55","date_gmt":"2019-09-05T13:00:55","guid":{"rendered":"https:\/\/www.uv.mx\/prensa\/?p=72996"},"modified":"2019-09-13T18:42:01","modified_gmt":"2019-09-13T23:42:01","slug":"academico-y-alumno-uv-presentaran-libro-sobre-estudio-del-suelo","status":"publish","type":"post","link":"https:\/\/www.uv.mx\/prensa\/ciencia\/academico-y-alumno-uv-presentaran-libro-sobre-estudio-del-suelo\/","title":{"rendered":"Acad\u00e9mico y alumno UV presentar\u00e1n libro sobre estudio del suelo"},"content":{"rendered":"<ul>\n<li data-leveltext=\"\uf0b7\" data-font=\"Symbol\" data-listid=\"2\" data-aria-posinset=\"1\" data-aria-level=\"1\"><span data-contrast=\"auto\">Biolog\u00eda del suelo<\/span> <i><span data-contrast=\"auto\">conjuga<\/span><\/i><i><span data-contrast=\"auto\"> la experiencia del<\/span><\/i> <i><span data-contrast=\"auto\">docente<\/span><\/i> <i><span data-contrast=\"auto\">con la juventud, energ\u00eda y din\u00e1mica del estudiante<\/span><\/i><span data-ccp-props=\"{&quot;201341983&quot;:0,&quot;335559739&quot;:0,&quot;335559740&quot;:240}\">\u00a0<\/span><\/li>\n<li data-leveltext=\"\uf0b7\" data-font=\"Symbol\" data-listid=\"2\" data-aria-posinset=\"2\" data-aria-level=\"1\"><i><span data-contrast=\"auto\">El volumen se presentar\u00e1 el mi\u00e9rcoles 11 de septiembre a las 13:00 horas, en el auditorio de la Facultad de Biolog\u00eda<\/span><\/i><span data-ccp-props=\"{&quot;201341983&quot;:0,&quot;335559739&quot;:0,&quot;335559740&quot;:240}\">\u00a0<\/span><\/li>\n<\/ul>\n<p>&nbsp;<\/p>\n<div id='gallery-1' class='gallery galleryid-72996 gallery-columns-2 gallery-size-full'><dl class='gallery-item'>\n\t\t\t<dt class='gallery-icon landscape'>\n\t\t\t\t<a href='https:\/\/www.uv.mx\/prensa\/files\/2019\/09\/060919-Academico-y-alumno-escribieron-libro-1.jpg'><img width=\"722\" height=\"481\" src=\"https:\/\/www.uv.mx\/prensa\/files\/2019\/09\/060919-Academico-y-alumno-escribieron-libro-1.jpg\" class=\"attachment-full size-full\" alt=\"Juan Camilo Fontalvo y Yadeneyro de la Cruz (foto de archivo)\" decoding=\"async\" loading=\"lazy\" aria-describedby=\"gallery-1-72961\" srcset=\"https:\/\/www.uv.mx\/prensa\/files\/2019\/09\/060919-Academico-y-alumno-escribieron-libro-1.jpg 722w, https:\/\/www.uv.mx\/prensa\/files\/2019\/09\/060919-Academico-y-alumno-escribieron-libro-1-300x200.jpg 300w\" sizes=\"(max-width: 722px) 100vw, 722px\" \/><\/a>\n\t\t\t<\/dt>\n\t\t\t\t<dd class='wp-caption-text gallery-caption' id='gallery-1-72961'>\n\t\t\t\tJuan Camilo Fontalvo y Yadeneyro de la Cruz (foto de archivo) \n\t\t\t\t<\/dd><\/dl><dl class='gallery-item'>\n\t\t\t<dt class='gallery-icon landscape'>\n\t\t\t\t<a href='https:\/\/www.uv.mx\/prensa\/files\/2019\/09\/060919-Academico-y-alumno-escribieron-libro-2.jpg'><img width=\"722\" height=\"481\" src=\"https:\/\/www.uv.mx\/prensa\/files\/2019\/09\/060919-Academico-y-alumno-escribieron-libro-2.jpg\" class=\"attachment-full size-full\" alt=\"\" decoding=\"async\" loading=\"lazy\" aria-describedby=\"gallery-1-72962\" srcset=\"https:\/\/www.uv.mx\/prensa\/files\/2019\/09\/060919-Academico-y-alumno-escribieron-libro-2.jpg 722w, https:\/\/www.uv.mx\/prensa\/files\/2019\/09\/060919-Academico-y-alumno-escribieron-libro-2-300x200.jpg 300w\" sizes=\"(max-width: 722px) 100vw, 722px\" \/><\/a>\n\t\t\t<\/dt>\n\t\t\t\t<dd class='wp-caption-text gallery-caption' id='gallery-1-72962'>\n\t\t\t\tBiolog\u00eda del suelo es un libro de consulta con lenguaje accesible para los estudiantes\n\t\t\t\t<\/dd><\/dl><br style=\"clear: both\" \/>\n\t\t<\/div>\n\n<p>&nbsp;<\/p>\n<p><b><i><span data-contrast=\"auto\">Jos\u00e9 Luis <\/span><\/i><\/b><b><i><span data-contrast=\"auto\">Couttolenc<\/span><\/i><\/b><b><i><span data-contrast=\"auto\"> Soto<\/span><\/i><\/b><span data-ccp-props=\"{&quot;201341983&quot;:0,&quot;335559739&quot;:0,&quot;335559740&quot;:240}\">\u00a0<\/span><\/p>\n<p><b><i><span data-contrast=\"auto\">07\/09\/2019, Xalapa, Ver.-<\/span><\/i><\/b> <span data-contrast=\"auto\">Yadeneyro<\/span><span data-contrast=\"auto\"> de la Cruz Elizondo,<\/span> <span data-contrast=\"auto\">acad\u00e9mico de la F<\/span><span data-contrast=\"auto\">acultad de Biolog\u00eda<\/span><span data-contrast=\"auto\">, y <\/span><span data-contrast=\"auto\">Juan Camilo <\/span><span data-contrast=\"auto\">Fontalvo<\/span> <span data-contrast=\"auto\">Buelvas<\/span><span data-contrast=\"auto\">,<\/span> <span data-contrast=\"auto\">alumno de la Maestr\u00eda en Gesti\u00f3n Ambiental para la Sustentabilidad<\/span><span data-contrast=\"auto\">, ambas instituciones de <\/span><span data-contrast=\"auto\">la Universidad Veracruzana (UV)<\/span><span data-contrast=\"auto\">, <\/span><span data-contrast=\"auto\">escribi<\/span><span data-contrast=\"auto\">e<\/span><span data-contrast=\"auto\">r<\/span><span data-contrast=\"auto\">on<\/span><span data-contrast=\"auto\"> el libro <\/span><i><span data-contrast=\"auto\">Biolog\u00eda del suelo<\/span><\/i><span data-contrast=\"auto\">,<\/span> <span data-contrast=\"auto\">a <\/span><span data-contrast=\"auto\">parti<\/span><span data-contrast=\"auto\">r <\/span><span data-contrast=\"auto\">de la necesidad de contar con una publicaci\u00f3n contextualizada, con ejemplos de<\/span><span data-contrast=\"auto\"> la regi\u00f3n y escrito en espa\u00f1ol.<\/span><span data-ccp-props=\"{&quot;201341983&quot;:0,&quot;335559739&quot;:0,&quot;335559740&quot;:240}\">\u00a0<\/span><\/p>\n<p><span data-contrast=\"auto\">A prop\u00f3sito de este <\/span><span data-contrast=\"auto\">volumen<\/span><span data-contrast=\"auto\">,<\/span> <span data-contrast=\"auto\">que <\/span><span data-contrast=\"auto\">se presentar\u00e1 el mi\u00e9rcoles 11 de septiembre a las 13:00 horas, en el auditorio de la Facultad de Biolog<\/span><span data-contrast=\"auto\">\u00eda, e<\/span><span data-contrast=\"auto\">xplicaron que a <\/span><span data-contrast=\"auto\">pesar de la relevancia que tiene el suelo para los ecosistemas, apenas en las \u00faltimas d\u00e9cadas surgi\u00f3 el inter\u00e9s por examinar<\/span><span data-contrast=\"auto\">lo<\/span> <span data-contrast=\"auto\">a <\/span><span data-contrast=\"auto\">profundidad, <\/span><span data-contrast=\"auto\">detectan<\/span><span data-contrast=\"auto\">do una falta de textos accesibles para los estudiantes a fin de cumplir con este cometido<\/span><span data-contrast=\"auto\">.<\/span><span data-ccp-props=\"{&quot;201341983&quot;:0,&quot;335559731&quot;:708,&quot;335559739&quot;:0,&quot;335559740&quot;:240}\">\u00a0<\/span><\/p>\n<p><span data-contrast=\"auto\">El profesor<\/span><span data-contrast=\"auto\">, qu<\/span><span data-contrast=\"auto\">i<\/span><span data-contrast=\"auto\">e<\/span><span data-contrast=\"auto\">n<\/span> <span data-contrast=\"auto\">desde hace<\/span><span data-contrast=\"auto\"> 10 a\u00f1os impart<\/span><span data-contrast=\"auto\">e<\/span><span data-contrast=\"auto\"> la experiencia educativa (EE) Biolog\u00eda del <\/span><span data-contrast=\"auto\">S<\/span><span data-contrast=\"auto\">uelo, <\/span><span data-contrast=\"auto\">coment\u00f3<\/span><span data-contrast=\"auto\"> que <\/span><span data-contrast=\"auto\">el libro contiene<\/span> <span data-contrast=\"auto\">generalidades sobre el <\/span><span data-contrast=\"auto\">mismo<\/span><span data-contrast=\"auto\">, se hace una exposici\u00f3n amplia desde el enfoque <\/span><span data-contrast=\"auto\">ecosist\u00e9mico<\/span><span data-contrast=\"auto\"> retomando la propuesta de estudios por esferas de regulaci\u00f3n;<\/span><span data-contrast=\"auto\"> a<\/span><span data-contrast=\"auto\">dem\u00e1s<\/span><span data-contrast=\"auto\">,<\/span><span data-contrast=\"auto\"> se muestra su amplia biodiversidad, se comparten m\u00e9todos de muestreo y colecta para su biota<\/span><span data-contrast=\"auto\"> (conjunto de organismos vivos)<\/span><span data-contrast=\"auto\"> y se presentan fichas de los principales grupos taxon\u00f3micos, enfatizando su utilidad para el diagn\u00f3stico de la salud y calidad del suelo.<\/span><span data-ccp-props=\"{&quot;201341983&quot;:0,&quot;335559739&quot;:0,&quot;335559740&quot;:240}\">\u00a0<\/span><\/p>\n<p><span data-contrast=\"auto\">E<\/span><span data-contrast=\"auto\">s<\/span><span data-contrast=\"auto\"> una mezcla de contenidos de otros textos, art\u00edculos y material propio que <\/span><span data-contrast=\"auto\">el alumno y el maestro <\/span><span data-contrast=\"auto\">organiza<\/span><span data-contrast=\"auto\">ron de manera <\/span><span data-contrast=\"auto\">coherente<\/span> <span data-contrast=\"auto\">con lo que se aborda en la EE<\/span><span data-contrast=\"auto\">.<\/span><span data-ccp-props=\"{&quot;201341983&quot;:0,&quot;335559739&quot;:0,&quot;335559740&quot;:240}\">\u00a0<\/span><\/p>\n<p><span data-contrast=\"auto\">Yadeneyro<\/span><span data-contrast=\"auto\"> de la Cruz mencion\u00f3 que <\/span><span data-contrast=\"auto\">el<\/span><span data-contrast=\"auto\"> objetivo particular de la publicaci\u00f3n es dar a conocer las nociones esenciales de la biolog\u00eda del suelo, principalmente de las interacciones bi\u00f3ticas y su importancia para las propiedades y procesos del ecosistema, haciendo \u00e9nfasis en el papel de los organismos dentro de las redes tr\u00f3ficas, destacando los servicios <\/span><span data-contrast=\"auto\">ecosist\u00e9micos<\/span><span data-contrast=\"auto\"> y ambientales del suelo.<\/span><span data-ccp-props=\"{&quot;201341983&quot;:0,&quot;335559739&quot;:0,&quot;335559740&quot;:240}\">\u00a0<\/span><\/p>\n<p><span data-contrast=\"auto\">Por su parte<\/span><span data-contrast=\"auto\">, Juan Camilo <\/span><span data-contrast=\"auto\">F<\/span><span data-contrast=\"auto\">ontalvo<\/span><span data-contrast=\"auto\">, quien curs\u00f3 <\/span><span data-contrast=\"auto\">la<\/span> <span data-contrast=\"auto\">L<\/span><span data-contrast=\"auto\">icenciatura en Biolog\u00eda en la Universidad de Sucre, Colombia<\/span><span data-contrast=\"auto\">,<\/span><span data-contrast=\"auto\"> y continu\u00f3 su preparaci\u00f3n acad\u00e9mica en la UV, precis\u00f3 que las fichas t\u00e9cnicas y fotograf\u00edas <\/span><span data-contrast=\"auto\">incluidas <\/span><span data-contrast=\"auto\">en el libro son propiedad de los coautores y reflejan un trabajo de recopilaci\u00f3n de datos e im\u00e1genes de dos a\u00f1os<\/span><span data-contrast=\"auto\">.<\/span><span data-ccp-props=\"{&quot;201341983&quot;:0,&quot;335559739&quot;:0,&quot;335559740&quot;:240}\">\u00a0<\/span><\/p>\n<p><span data-contrast=\"auto\">\u201c<\/span><span data-contrast=\"auto\">L<\/span><span data-contrast=\"auto\">a experiencia que me deja haber participado en este trabajo es grata, ya que es resultado del esfuerzo que se realiza al paso por la universidad, y si se ve materializado en un libro es algo <\/span><span data-contrast=\"auto\">placentero<\/span><span data-contrast=\"auto\"> y enriquecedor\u201d<\/span><span data-contrast=\"auto\">, agreg\u00f3<\/span><span data-contrast=\"auto\">.<\/span><span data-ccp-props=\"{&quot;201341983&quot;:0,&quot;335559731&quot;:708,&quot;335559739&quot;:0,&quot;335559740&quot;:240}\">\u00a0<\/span><\/p>\n<p><span data-contrast=\"auto\">Dijo que como estudiante extranjero encuentra<\/span><span data-contrast=\"auto\"> muy bien la preparaci\u00f3n que ofrece la U<\/span><span data-contrast=\"auto\">V:<\/span> <span data-contrast=\"auto\">\u201cB<\/span><span data-contrast=\"auto\">rinda muchas oportunidades a trav\u00e9s de becas, <\/span><span data-contrast=\"auto\">los<\/span><span data-contrast=\"auto\"> docentes <\/span><span data-contrast=\"auto\">tambi\u00e9n <\/span><span data-contrast=\"auto\">son investigadores, <\/span><span data-contrast=\"auto\">adem\u00e1s <\/span><span data-contrast=\"auto\">tiene una<\/span><span data-contrast=\"auto\"> gran vinculaci\u00f3n universitaria.<\/span> <span data-contrast=\"auto\">T<\/span><span data-contrast=\"auto\">odo este contexto propicia<\/span><span data-contrast=\"auto\"> que los estudiantes puedan desarrollar materiales como este libro\u201d.<\/span><span data-ccp-props=\"{&quot;201341983&quot;:0,&quot;335559739&quot;:0,&quot;335559740&quot;:240}\">\u00a0<\/span><\/p>\n","protected":false},"excerpt":{"rendered":"<p>Juan Camilo Fontalvo Buelvas y Yadeneyro de la Cruz Elizondo son coautores de <em>Biolog\u00eda del suelo<\/em><\/p>\n","protected":false},"author":1508,"featured_media":72962,"comment_status":"closed","ping_status":"closed","sticky":false,"template":"","format":"standard","meta":[],"categories":[45,47],"tags":[],"_links":{"self":[{"href":"https:\/\/www.uv.mx\/prensa\/wp-json\/wp\/v2\/posts\/72996"}],"collection":[{"href":"https:\/\/www.uv.mx\/prensa\/wp-json\/wp\/v2\/posts"}],"about":[{"href":"https:\/\/www.uv.mx\/prensa\/wp-json\/wp\/v2\/types\/post"}],"author":[{"embeddable":true,"href":"https:\/\/www.uv.mx\/prensa\/wp-json\/wp\/v2\/users\/1508"}],"replies":[{"embeddable":true,"href":"https:\/\/www.uv.mx\/prensa\/wp-json\/wp\/v2\/comments?post=72996"}],"version-history":[{"count":0,"href":"https:\/\/www.uv.mx\/prensa\/wp-json\/wp\/v2\/posts\/72996\/revisions"}],"wp:featuredmedia":[{"embeddable":true,"href":"https:\/\/www.uv.mx\/prensa\/wp-json\/wp\/v2\/media\/72962"}],"wp:attachment":[{"href":"https:\/\/www.uv.mx\/prensa\/wp-json\/wp\/v2\/media?parent=72996"}],"wp:term":[{"taxonomy":"category","embeddable":true,"href":"https:\/\/www.uv.mx\/prensa\/wp-json\/wp\/v2\/categories?post=72996"},{"taxonomy":"post_tag","embeddable":true,"href":"https:\/\/www.uv.mx\/prensa\/wp-json\/wp\/v2\/tags?post=72996"}],"curies":[{"name":"wp","href":"https:\/\/api.w.org\/{rel}","templated":true}]}}