{"id":73112,"date":"2019-09-11T20:00:40","date_gmt":"2019-09-12T01:00:40","guid":{"rendered":"https:\/\/www.uv.mx\/prensa\/?p=73112"},"modified":"2019-09-18T13:49:57","modified_gmt":"2019-09-18T18:49:57","slug":"expertos-discutieron-sobre-territorios-sustentabilidad-y-cultura-de-los-espacios","status":"publish","type":"post","link":"https:\/\/www.uv.mx\/prensa\/regiones\/poza-rica\/expertos-discutieron-sobre-territorios-sustentabilidad-y-cultura-de-los-espacios\/","title":{"rendered":"Expertos discutieron sobre territorios, sustentabilidad y cultura de los espacios"},"content":{"rendered":"<ul>\n<li data-leveltext=\"\uf0b7\" data-font=\"Symbol\" data-listid=\"2\" data-aria-posinset=\"1\" data-aria-level=\"1\"><i><span data-contrast=\"auto\">En el m<\/span><\/i><i><span data-contrast=\"auto\">arco del Tercer Seminario Nacional \u201cTerritorios, sustentabilidad, cultu<\/span><\/i><i><span data-contrast=\"auto\">ra y transformaci\u00f3n de espacios<\/span><\/i><i><span data-contrast=\"auto\">\u201d<\/span><\/i><span data-ccp-props=\"{&quot;134233279&quot;:true,&quot;201341983&quot;:0,&quot;335559739&quot;:160,&quot;335559740&quot;:240}\">\u00a0<\/span><\/li>\n<li data-leveltext=\"\uf0b7\" data-font=\"Symbol\" data-listid=\"2\" data-aria-posinset=\"2\" data-aria-level=\"1\"><i><span data-contrast=\"auto\">P<\/span><\/i><i><span data-contrast=\"auto\">articiparon<\/span><\/i> <i><span data-contrast=\"auto\">UV, CIIEMAD-IPN, UNAM<\/span><\/i><i><span data-contrast=\"auto\"> y<\/span><\/i><i><span data-contrast=\"auto\"> Unive<\/span><\/i><i><span data-contrast=\"auto\">rsidad de Chapingo<\/span><\/i><span data-ccp-props=\"{&quot;134233279&quot;:true,&quot;201341983&quot;:0,&quot;335559739&quot;:160,&quot;335559740&quot;:240}\">\u00a0<\/span><\/li>\n<li data-leveltext=\"\uf0b7\" data-font=\"Symbol\" data-listid=\"2\" data-aria-posinset=\"3\" data-aria-level=\"1\"><i><span data-contrast=\"auto\">La UV est\u00e1 comprometida <\/span><\/i><i><span data-contrast=\"auto\">en<\/span><\/i><i><span data-contrast=\"auto\"> desarrollar las condiciones para generar<\/span><\/i> <i><span data-contrast=\"auto\">un desarrollo integral, afirm\u00f3 el vice<\/span><\/i><i><span data-contrast=\"auto\">rrector Jos\u00e9 Luis Alan\u00eds M\u00e9ndez<\/span><\/i><span data-ccp-props=\"{&quot;134233279&quot;:true,&quot;201341983&quot;:0,&quot;335559739&quot;:160,&quot;335559740&quot;:240}\">\u00a0<\/span><\/li>\n<\/ul>\n<p>&nbsp;<\/p>\n<div id=\"attachment_73106\" style=\"width: 732px\" class=\"wp-caption aligncenter\"><a href=\"https:\/\/www.uv.mx\/prensa\/files\/2019\/09\/110919-SEMINARIO-ARQUITECTURA-1.jpg\"><img aria-describedby=\"caption-attachment-73106\" decoding=\"async\" loading=\"lazy\" class=\"size-full wp-image-73106\" src=\"https:\/\/www.uv.mx\/prensa\/files\/2019\/09\/110919-SEMINARIO-ARQUITECTURA-1.jpg\" alt=\"\" width=\"722\" height=\"481\" srcset=\"https:\/\/www.uv.mx\/prensa\/files\/2019\/09\/110919-SEMINARIO-ARQUITECTURA-1.jpg 722w, https:\/\/www.uv.mx\/prensa\/files\/2019\/09\/110919-SEMINARIO-ARQUITECTURA-1-300x200.jpg 300w\" sizes=\"(max-width: 722px) 100vw, 722px\" \/><\/a><p id=\"caption-attachment-73106\" class=\"wp-caption-text\">Inauguraci\u00f3n del Tercer Seminario Nacional \u201cTerritorios, sustentabilidad, cultura y transformaci\u00f3n de espacios\u201d<\/p><\/div>\n<p>&nbsp;<\/p>\n<p><b><i><span data-contrast=\"auto\">Alma Celia San Mart\u00edn <\/span><\/i><\/b><b><i><span data-contrast=\"auto\">Cruz<\/span><\/i><\/b><span data-ccp-props=\"{&quot;201341983&quot;:0,&quot;335559739&quot;:160,&quot;335559740&quot;:240}\">\u00a0<\/span><\/p>\n<p><b><i><span data-contrast=\"auto\">11\/09\/2019, <\/span><\/i><\/b><b><i><span data-contrast=\"auto\">Poza Rica, Ver.- <\/span><\/i><\/b><span data-contrast=\"auto\">Con la participaci\u00f3n de acad\u00e9micos e investigadores de instituciones nacionales e internacionales<\/span><span data-contrast=\"auto\">,<\/span> <span data-contrast=\"auto\">la <a href=\"https:\/\/www.uv.mx\/pozarica\/arquitectura\/\">Facultad de Arquitectura<\/a> de la Un<\/span><span data-contrast=\"auto\">iversidad Veracruzana (UV) <\/span><span data-contrast=\"auto\">realiz<\/span><span data-contrast=\"auto\">\u00f3 el <\/span><span data-contrast=\"auto\">Tercer S<\/span><span data-contrast=\"auto\">eminario Nacional<\/span><span data-contrast=\"auto\"> \u201cTerritorios, sustentabilidad, cultur<\/span><span data-contrast=\"auto\">a y transformaci\u00f3n de espacios\u201d, del 4<\/span><span data-contrast=\"auto\"> al 6 de septiembre en la <\/span><span data-contrast=\"auto\">Unidad de Servicios Bibliotecarios y de Informaci\u00f3n (<\/span><span data-contrast=\"auto\">USBI<\/span><span data-contrast=\"auto\">)<\/span><span data-contrast=\"auto\">.<\/span><span data-ccp-props=\"{&quot;201341983&quot;:0,&quot;335559739&quot;:160,&quot;335559740&quot;:240}\">\u00a0<\/span><\/p>\n<p><span data-contrast=\"auto\">En la<\/span> <span data-contrast=\"auto\">organizaci\u00f3n de este importante evento <\/span><span data-contrast=\"auto\">tambi\u00e9n particip\u00f3 <\/span><span data-contrast=\"auto\">el <\/span><span data-contrast=\"auto\">Centro Interdisciplinario de Investigaciones y Estudios sobre Medio Ambiente y Desarrollo<\/span><span data-contrast=\"auto\"> (<\/span><span data-contrast=\"auto\">CIIEMAD<\/span><span data-contrast=\"auto\">) del Instituto Polit\u00e9cnico Nacional (<\/span><span data-contrast=\"auto\">IPN<\/span><span data-contrast=\"auto\">)<\/span><span data-contrast=\"auto\">.<\/span><span data-ccp-props=\"{&quot;201341983&quot;:0,&quot;335559731&quot;:708,&quot;335559739&quot;:160,&quot;335559740&quot;:240}\">\u00a0<\/span><\/p>\n<p><span data-contrast=\"auto\">Durante tres d\u00edas<\/span><span data-contrast=\"auto\">,<\/span><span data-contrast=\"auto\"> expertos analizaron temas sobre las actuales transformaciones territoriales que afectan a las comunidades, principalmente en sus recursos, flora y fauna, as\u00ed como el cambio en los usos de suelo en las<\/span><span data-contrast=\"auto\"> ciudades<\/span><span data-contrast=\"auto\">, adem\u00e1s<\/span> <span data-contrast=\"auto\">de <\/span><span data-contrast=\"auto\">las respu<\/span><span data-contrast=\"auto\">estas pol\u00edticas y comunitarias <\/span><span data-contrast=\"auto\">en defensa del lugar, de sus culturas y tradiciones.<\/span><span data-ccp-props=\"{&quot;201341983&quot;:0,&quot;335559731&quot;:708,&quot;335559739&quot;:160,&quot;335559740&quot;:240}\">\u00a0<\/span><\/p>\n<p><span data-contrast=\"auto\">En la inauguraci\u00f3n el vicerrector de la regi\u00f3n Poza Rica-Tuxpan, Jos\u00e9 Luis Alan\u00eds M\u00e9ndez, felicit\u00f3 a los organizadores del evento y agradeci\u00f3 el apoyo del director del CIIEMAD, V\u00edctor Florencio <\/span><span data-contrast=\"auto\">Santes<\/span><span data-contrast=\"auto\"> Hern\u00e1ndez, por sumarse a este esfuerzo que hermana<\/span> <span data-contrast=\"auto\">a la UV y al IPN.<\/span><span data-ccp-props=\"{&quot;201341983&quot;:0,&quot;335559731&quot;:708,&quot;335559739&quot;:160,&quot;335559740&quot;:240}\">\u00a0<\/span><\/p>\n<p><span data-contrast=\"auto\">Dijo que la UV est\u00e1 comprometida <\/span><span data-contrast=\"auto\">a <\/span><span data-contrast=\"auto\">desarrollar las condiciones para generar un desarrollo integral que permita a la sociedad evolucionar de manera positiva, por ello es muy importante que diferentes instituciones de educaci\u00f3n superior se sumen a esta importante tarea.<\/span><span data-ccp-props=\"{&quot;201341983&quot;:0,&quot;335559731&quot;:708,&quot;335559739&quot;:160,&quot;335559740&quot;:240}\">\u00a0<\/span><\/p>\n<p><span data-contrast=\"auto\">Por su parte<\/span> <span data-contrast=\"auto\">Oth<\/span><span data-contrast=\"auto\">\u00f3n Flores Consejo,<\/span><span data-contrast=\"auto\"> c<\/span><span data-contrast=\"auto\">oordinador <\/span><span data-contrast=\"auto\">Uni<\/span><span data-contrast=\"auto\">versitario de Observatorios UV<\/span><span data-contrast=\"auto\">,<\/span> <span data-contrast=\"auto\">invit\u00f3 a los presentes a aport<\/span><span data-contrast=\"auto\">ar <\/span><span data-contrast=\"auto\">datos que una ve<\/span><span data-contrast=\"auto\">z sistematizados cuidadosamente<\/span><span data-contrast=\"auto\"> se<\/span><span data-contrast=\"auto\">a<\/span><span data-contrast=\"auto\">n ob<\/span><span data-contrast=\"auto\">jeto de estudio <\/span><span data-contrast=\"auto\">y<\/span> <span data-contrast=\"auto\">permitir\u00e1n <\/span><span data-contrast=\"auto\">construir proyectos de investigaciones <\/span><span data-contrast=\"auto\">para<\/span><span data-contrast=\"auto\"> tener indicadores.<\/span><span data-ccp-props=\"{&quot;201341983&quot;:0,&quot;335559731&quot;:708,&quot;335559739&quot;:160,&quot;335559740&quot;:240}\">\u00a0<\/span><\/p>\n<p><span data-contrast=\"auto\">Asi<\/span><span data-contrast=\"auto\">mismo<\/span><span data-contrast=\"auto\">,<\/span> <span data-contrast=\"auto\">dijo que la UV es la \u00fanica instituci\u00f3n que a nivel nacional cuenta con un Centro de Informaci\u00f3n Estad\u00edstica e Inform\u00e1tica<\/span><span data-contrast=\"auto\"> del estado.<\/span><span data-ccp-props=\"{&quot;201341983&quot;:0,&quot;335559731&quot;:708,&quot;335559739&quot;:160,&quot;335559740&quot;:240}\">\u00a0<\/span><\/p>\n<p><span data-contrast=\"auto\">En su intervenci\u00f3n<\/span><span data-contrast=\"auto\">,<\/span><span data-contrast=\"auto\"> V\u00edctor Florencio <\/span><span data-contrast=\"auto\">Santes<\/span> <span data-contrast=\"auto\">agradeci\u00f3 la apertura en la organizaci\u00f3n de estos eventos<\/span> <span data-contrast=\"auto\">por parte de la Facultad de Arquitectura de la UV<\/span><span data-contrast=\"auto\">. Dijo que como egresado de la Facultad de Ciencias Qu\u00edmicas de esta casa de estudios en la regi\u00f3n Poza Rica<\/span><span data-contrast=\"auto\">-Tuxpan,<\/span><span data-contrast=\"auto\"> hoy se ven cambios importantes y evoluci\u00f3n de la Universidad, es <\/span><span data-contrast=\"auto\">una <\/span><span data-contrast=\"auto\">instituci\u00f3n que se ha transformado de manera positiva<\/span><span data-contrast=\"auto\"> gracias la comunidad universitaria.<\/span><span data-ccp-props=\"{&quot;201341983&quot;:0,&quot;335559731&quot;:708,&quot;335559739&quot;:160,&quot;335559740&quot;:240}\">\u00a0<\/span><\/p>\n<p><span data-contrast=\"auto\">Este evento <\/span><span data-contrast=\"auto\">tuvo como finalidad reflexionar y analizar los territorios, la sustentabilidad, la cultura y la transformaci\u00f3n de los espacios que <\/span><span data-contrast=\"auto\">sin duda llevar\u00e1 a cabo el pa\u00eds.<\/span><span data-ccp-props=\"{&quot;201341983&quot;:0,&quot;335559731&quot;:708,&quot;335559739&quot;:160,&quot;335559740&quot;:240}\">\u00a0<\/span><\/p>\n<p><span data-contrast=\"auto\">El seminario incluy\u00f3 <\/span><span data-contrast=\"auto\">conferencias magistrales a carg<\/span><span data-contrast=\"auto\">o de destacados investigadores <\/span><span data-contrast=\"auto\">del <\/span><span data-contrast=\"auto\">CIIEMAD-IPN<\/span><span data-contrast=\"auto\">,<\/span> <span data-contrast=\"auto\">la Universidad Nacional Aut\u00f3noma de M\u00e9xico (<\/span><span data-contrast=\"auto\">UNAM<\/span><span data-contrast=\"auto\">)<\/span><span data-contrast=\"auto\">, <\/span><span data-contrast=\"auto\">as\u00ed como<\/span><span data-contrast=\"auto\"> investigadores y estudiantes de la Universidad Aut\u00f3noma de <\/span><span data-contrast=\"auto\">Chapingo<\/span> <span data-contrast=\"auto\">que<\/span><span data-contrast=\"auto\"> participaron en mesas de trabajo donde se analizaron diferentes tem\u00e1ticas.<\/span><span data-ccp-props=\"{&quot;201341983&quot;:0,&quot;335559731&quot;:708,&quot;335559739&quot;:160,&quot;335559740&quot;:240}\">\u00a0<\/span><\/p>\n<p>&nbsp;<\/p>\n<div id=\"attachment_73107\" style=\"width: 732px\" class=\"wp-caption aligncenter\"><a href=\"https:\/\/www.uv.mx\/prensa\/files\/2019\/09\/110919-SEMINARIO-ARQUITECTURA-2.jpg\"><img aria-describedby=\"caption-attachment-73107\" decoding=\"async\" loading=\"lazy\" class=\"size-full wp-image-73107\" src=\"https:\/\/www.uv.mx\/prensa\/files\/2019\/09\/110919-SEMINARIO-ARQUITECTURA-2.jpg\" alt=\"\" width=\"722\" height=\"481\" srcset=\"https:\/\/www.uv.mx\/prensa\/files\/2019\/09\/110919-SEMINARIO-ARQUITECTURA-2.jpg 722w, https:\/\/www.uv.mx\/prensa\/files\/2019\/09\/110919-SEMINARIO-ARQUITECTURA-2-300x200.jpg 300w\" sizes=\"(max-width: 722px) 100vw, 722px\" \/><\/a><p id=\"caption-attachment-73107\" class=\"wp-caption-text\">Estudiantes de Arquitectura estuvieron presentes en el seminario<\/p><\/div>\n","protected":false},"excerpt":{"rendered":"<p>Analizaron las transformaciones territoriales que afectan a las comunidades, principalmente en sus recursos, flora y fauna, as\u00ed como el cambio en los usos de suelo en las ciudades<\/p>\n","protected":false},"author":1508,"featured_media":73106,"comment_status":"closed","ping_status":"closed","sticky":false,"template":"","format":"standard","meta":[],"categories":[54],"tags":[],"_links":{"self":[{"href":"https:\/\/www.uv.mx\/prensa\/wp-json\/wp\/v2\/posts\/73112"}],"collection":[{"href":"https:\/\/www.uv.mx\/prensa\/wp-json\/wp\/v2\/posts"}],"about":[{"href":"https:\/\/www.uv.mx\/prensa\/wp-json\/wp\/v2\/types\/post"}],"author":[{"embeddable":true,"href":"https:\/\/www.uv.mx\/prensa\/wp-json\/wp\/v2\/users\/1508"}],"replies":[{"embeddable":true,"href":"https:\/\/www.uv.mx\/prensa\/wp-json\/wp\/v2\/comments?post=73112"}],"version-history":[{"count":0,"href":"https:\/\/www.uv.mx\/prensa\/wp-json\/wp\/v2\/posts\/73112\/revisions"}],"wp:featuredmedia":[{"embeddable":true,"href":"https:\/\/www.uv.mx\/prensa\/wp-json\/wp\/v2\/media\/73106"}],"wp:attachment":[{"href":"https:\/\/www.uv.mx\/prensa\/wp-json\/wp\/v2\/media?parent=73112"}],"wp:term":[{"taxonomy":"category","embeddable":true,"href":"https:\/\/www.uv.mx\/prensa\/wp-json\/wp\/v2\/categories?post=73112"},{"taxonomy":"post_tag","embeddable":true,"href":"https:\/\/www.uv.mx\/prensa\/wp-json\/wp\/v2\/tags?post=73112"}],"curies":[{"name":"wp","href":"https:\/\/api.w.org\/{rel}","templated":true}]}}