{"id":73417,"date":"2019-09-19T15:02:17","date_gmt":"2019-09-19T20:02:17","guid":{"rendered":"https:\/\/www.uv.mx\/prensa\/?p=73417"},"modified":"2019-09-20T17:25:55","modified_gmt":"2019-09-20T22:25:55","slug":"uv-respondio-con-organizacion-y-conocimiento-al-macrosimulacro-nacional","status":"publish","type":"post","link":"https:\/\/www.uv.mx\/prensa\/banner\/uv-respondio-con-organizacion-y-conocimiento-al-macrosimulacro-nacional\/","title":{"rendered":"UV respondi\u00f3 con organizaci\u00f3n y conocimiento al macrosimulacro nacional"},"content":{"rendered":"<ul>\n<li data-leveltext=\"\uf0b7\" data-font=\"Symbol\" data-listid=\"2\" data-aria-posinset=\"0\" data-aria-level=\"1\"><i><span data-contrast=\"auto\">Personal de institutos, facultades y \u00e1reas administrativas<\/span><\/i> <i><span data-contrast=\"auto\">se sumaron al simulacro nacional de evacuaci\u00f3n<\/span><\/i><span data-ccp-props=\"{&quot;201341983&quot;:0,&quot;335559739&quot;:0,&quot;335559740&quot;:240}\">\u00a0<\/span><\/li>\n<\/ul>\n<div id='gallery-1' class='gallery galleryid-73417 gallery-columns-3 gallery-size-full'><dl class='gallery-item'>\n\t\t\t<dt class='gallery-icon landscape'>\n\t\t\t\t<a href='https:\/\/www.uv.mx\/prensa\/files\/2019\/09\/190919-Simulacro-3.jpg'><img width=\"722\" height=\"481\" src=\"https:\/\/www.uv.mx\/prensa\/files\/2019\/09\/190919-Simulacro-3.jpg\" class=\"attachment-full size-full\" alt=\"\" decoding=\"async\" loading=\"lazy\" aria-describedby=\"gallery-1-73420\" srcset=\"https:\/\/www.uv.mx\/prensa\/files\/2019\/09\/190919-Simulacro-3.jpg 722w, https:\/\/www.uv.mx\/prensa\/files\/2019\/09\/190919-Simulacro-3-300x200.jpg 300w\" sizes=\"(max-width: 722px) 100vw, 722px\" \/><\/a>\n\t\t\t<\/dt>\n\t\t\t\t<dd class='wp-caption-text gallery-caption' id='gallery-1-73420'>\n\t\t\t\tIntegrantes del SUGIR y de la DPCM desarrollaron trabajo conjunto\n\t\t\t\t<\/dd><\/dl><dl class='gallery-item'>\n\t\t\t<dt class='gallery-icon landscape'>\n\t\t\t\t<a href='https:\/\/www.uv.mx\/prensa\/files\/2019\/09\/190919-Simulacro-2.jpg'><img width=\"722\" height=\"481\" src=\"https:\/\/www.uv.mx\/prensa\/files\/2019\/09\/190919-Simulacro-2.jpg\" class=\"attachment-full size-full\" alt=\"\" decoding=\"async\" loading=\"lazy\" aria-describedby=\"gallery-1-73419\" srcset=\"https:\/\/www.uv.mx\/prensa\/files\/2019\/09\/190919-Simulacro-2.jpg 722w, https:\/\/www.uv.mx\/prensa\/files\/2019\/09\/190919-Simulacro-2-300x200.jpg 300w\" sizes=\"(max-width: 722px) 100vw, 722px\" \/><\/a>\n\t\t\t<\/dt>\n\t\t\t\t<dd class='wp-caption-text gallery-caption' id='gallery-1-73419'>\n\t\t\t\tEn la Unidad Central de Rector\u00eda mil 450 empleados participaron en el simulacro \n\t\t\t\t<\/dd><\/dl><dl class='gallery-item'>\n\t\t\t<dt class='gallery-icon landscape'>\n\t\t\t\t<a href='https:\/\/www.uv.mx\/prensa\/files\/2019\/09\/190919-Simulacro-1.jpg'><img width=\"722\" height=\"481\" src=\"https:\/\/www.uv.mx\/prensa\/files\/2019\/09\/190919-Simulacro-1.jpg\" class=\"attachment-full size-full\" alt=\"\" decoding=\"async\" loading=\"lazy\" aria-describedby=\"gallery-1-73418\" srcset=\"https:\/\/www.uv.mx\/prensa\/files\/2019\/09\/190919-Simulacro-1.jpg 722w, https:\/\/www.uv.mx\/prensa\/files\/2019\/09\/190919-Simulacro-1-300x200.jpg 300w\" sizes=\"(max-width: 722px) 100vw, 722px\" \/><\/a>\n\t\t\t<\/dt>\n\t\t\t\t<dd class='wp-caption-text gallery-caption' id='gallery-1-73418'>\n\t\t\t\tAutoridades universitarias a la espera del parte informativo del evento\n\t\t\t\t<\/dd><\/dl><br style=\"clear: both\" \/>\n\t\t<\/div>\n\n<p><b><i><span data-contrast=\"auto\">Karina de la Paz Reyes y Jos\u00e9 Luis Couttolenc<br \/>\n<\/span><\/i><\/b><\/p>\n<p><b><i><span data-contrast=\"auto\">19\/09\/2019, Xalapa, Ver.-<\/span><\/i><\/b><span data-contrast=\"auto\"> El 19 de septiembre de 1985 qued\u00f3 registrado en la historia de M\u00e9xico<\/span><span data-contrast=\"auto\">: eran <\/span><span data-contrast=\"auto\">las 7:19 horas <\/span><span data-contrast=\"auto\">y <\/span><span data-contrast=\"auto\">un fuerte sismo cimbr\u00f3 varios estados de la Rep\u00fablica, <\/span><span data-contrast=\"auto\">con<\/span><span data-contrast=\"auto\"> mayor repercusi\u00f3n en la capital del pa\u00eds, donde dej\u00f3 miles de p\u00e9rdidas humanas y una gran zona devastada; a partir de es<\/span><span data-contrast=\"auto\">t<\/span><span data-contrast=\"auto\">e evento las instancias gubernamentales iniciaron una nueva etapa en la prevenci\u00f3n de desastres.<\/span><span data-ccp-props=\"{&quot;201341983&quot;:0,&quot;335559739&quot;:0,&quot;335559740&quot;:240}\">\u00a0<\/span><\/p>\n<p><span data-contrast=\"auto\">Para recordar ese suceso y evaluar las medidas preventivas que se van poniendo en marcha,<\/span><span data-contrast=\"auto\"> a\u00f1o con a\u00f1o y a nivel nacional<\/span><span data-contrast=\"auto\"> se llevan a cabo acciones de simulacro de evacuaci\u00f3n que permiten capacitar a la poblaci\u00f3n para responder adecuadamente ante cualquier emergencia provocada por temblor, incendio, inundaci\u00f3n o hurac\u00e1n, entre otros<\/span><span data-contrast=\"auto\">.<\/span><span data-ccp-props=\"{&quot;201341983&quot;:0,&quot;335559739&quot;:0,&quot;335559740&quot;:240}\">\u00a0<\/span><\/p>\n<p><span data-contrast=\"auto\">Este jueves 19 de septiembre, como lo ha hecho en a\u00f1os anteriores, la Universidad Veracruzana (UV) se sum\u00f3 a este ejercicio nacional en el que participaron <\/span><span data-contrast=\"auto\">la<\/span><span data-contrast=\"auto\">s <\/span><span data-contrast=\"auto\">diferentes comunidades universitarias de las cinco regiones; en Xalapa, <\/span><span data-contrast=\"auto\">s\u00f3lo en la Unidad Central de Rector\u00eda el evento fue coordinado por 46 representantes de Protecci\u00f3n Civil y Seguridad, con la insignia de Jefes de Brigada; posterior a la evacuaci\u00f3n, 23 integrantes de la Direcci\u00f3n de Proyectos, Construcciones y Mantenimiento (DPCM) realizaron una supervisi\u00f3n y entregaron el informe a las autoridades competentes.<\/span><span data-ccp-props=\"{&quot;201341983&quot;:0,&quot;335559731&quot;:708,&quot;335559739&quot;:0,&quot;335559740&quot;:240}\">\u00a0<\/span><\/p>\n<div id='gallery-2' class='gallery galleryid-73417 gallery-columns-3 gallery-size-full'><dl class='gallery-item'>\n\t\t\t<dt class='gallery-icon landscape'>\n\t\t\t\t<a href='https:\/\/www.uv.mx\/prensa\/files\/2019\/09\/190919-Alumnos-y-docentes-de-UV-se-sienten-capacitados-1.jpg'><img width=\"722\" height=\"480\" src=\"https:\/\/www.uv.mx\/prensa\/files\/2019\/09\/190919-Alumnos-y-docentes-de-UV-se-sienten-capacitados-1.jpg\" class=\"attachment-full size-full\" alt=\"\" decoding=\"async\" loading=\"lazy\" aria-describedby=\"gallery-2-73395\" srcset=\"https:\/\/www.uv.mx\/prensa\/files\/2019\/09\/190919-Alumnos-y-docentes-de-UV-se-sienten-capacitados-1.jpg 722w, https:\/\/www.uv.mx\/prensa\/files\/2019\/09\/190919-Alumnos-y-docentes-de-UV-se-sienten-capacitados-1-300x199.jpg 300w\" sizes=\"(max-width: 722px) 100vw, 722px\" \/><\/a>\n\t\t\t<\/dt>\n\t\t\t\t<dd class='wp-caption-text gallery-caption' id='gallery-2-73395'>\n\t\t\t\tPersonal de Protecci\u00f3n Civil Municipal particip\u00f3 en el simulacro de evacuaci\u00f3n de la UCS\n\t\t\t\t<\/dd><\/dl><dl class='gallery-item'>\n\t\t\t<dt class='gallery-icon landscape'>\n\t\t\t\t<a href='https:\/\/www.uv.mx\/prensa\/files\/2019\/09\/190919-Alumnos-y-docentes-de-UV-se-sienten-capacitados-2.jpg'><img width=\"722\" height=\"480\" src=\"https:\/\/www.uv.mx\/prensa\/files\/2019\/09\/190919-Alumnos-y-docentes-de-UV-se-sienten-capacitados-2.jpg\" class=\"attachment-full size-full\" alt=\"\" decoding=\"async\" loading=\"lazy\" aria-describedby=\"gallery-2-73396\" srcset=\"https:\/\/www.uv.mx\/prensa\/files\/2019\/09\/190919-Alumnos-y-docentes-de-UV-se-sienten-capacitados-2.jpg 722w, https:\/\/www.uv.mx\/prensa\/files\/2019\/09\/190919-Alumnos-y-docentes-de-UV-se-sienten-capacitados-2-300x199.jpg 300w\" sizes=\"(max-width: 722px) 100vw, 722px\" \/><\/a>\n\t\t\t<\/dt>\n\t\t\t\t<dd class='wp-caption-text gallery-caption' id='gallery-2-73396'>\n\t\t\t\tCamilleros param\u00e9dicos durante el ejercicio de evacuaci\u00f3n en la UCS\n\t\t\t\t<\/dd><\/dl><dl class='gallery-item'>\n\t\t\t<dt class='gallery-icon landscape'>\n\t\t\t\t<a href='https:\/\/www.uv.mx\/prensa\/files\/2019\/09\/190919-Alumnos-y-docentes-de-UV-se-sienten-capacitados-3.jpg'><img width=\"722\" height=\"480\" src=\"https:\/\/www.uv.mx\/prensa\/files\/2019\/09\/190919-Alumnos-y-docentes-de-UV-se-sienten-capacitados-3.jpg\" class=\"attachment-full size-full\" alt=\"\" decoding=\"async\" loading=\"lazy\" aria-describedby=\"gallery-2-73397\" srcset=\"https:\/\/www.uv.mx\/prensa\/files\/2019\/09\/190919-Alumnos-y-docentes-de-UV-se-sienten-capacitados-3.jpg 722w, https:\/\/www.uv.mx\/prensa\/files\/2019\/09\/190919-Alumnos-y-docentes-de-UV-se-sienten-capacitados-3-300x199.jpg 300w\" sizes=\"(max-width: 722px) 100vw, 722px\" \/><\/a>\n\t\t\t<\/dt>\n\t\t\t\t<dd class='wp-caption-text gallery-caption' id='gallery-2-73397'>\n\t\t\t\tEstudiantes de la UCS y param\u00e9dicos participaron en los ejercicios de atenci\u00f3n m\u00e9dica durante el simulacro\n\t\t\t\t<\/dd><\/dl><br style=\"clear: both\" \/><dl class='gallery-item'>\n\t\t\t<dt class='gallery-icon landscape'>\n\t\t\t\t<a href='https:\/\/www.uv.mx\/prensa\/files\/2019\/09\/190919-Alumnos-y-docentes-de-UV-se-sienten-capacitados-4.jpg'><img width=\"722\" height=\"480\" src=\"https:\/\/www.uv.mx\/prensa\/files\/2019\/09\/190919-Alumnos-y-docentes-de-UV-se-sienten-capacitados-4.jpg\" class=\"attachment-full size-full\" alt=\"\" decoding=\"async\" loading=\"lazy\" aria-describedby=\"gallery-2-73398\" srcset=\"https:\/\/www.uv.mx\/prensa\/files\/2019\/09\/190919-Alumnos-y-docentes-de-UV-se-sienten-capacitados-4.jpg 722w, https:\/\/www.uv.mx\/prensa\/files\/2019\/09\/190919-Alumnos-y-docentes-de-UV-se-sienten-capacitados-4-300x199.jpg 300w\" sizes=\"(max-width: 722px) 100vw, 722px\" \/><\/a>\n\t\t\t<\/dt>\n\t\t\t\t<dd class='wp-caption-text gallery-caption' id='gallery-2-73398'>\n\t\t\t\tYalit de Jes\u00fas Ram\u00edrez Ruiz, alumno de Odontolog\u00eda \n\t\t\t\t<\/dd><\/dl><dl class='gallery-item'>\n\t\t\t<dt class='gallery-icon landscape'>\n\t\t\t\t<a href='https:\/\/www.uv.mx\/prensa\/files\/2019\/09\/190919-Alumnos-y-docentes-de-UV-se-sienten-capacitados-5.jpg'><img width=\"722\" height=\"480\" src=\"https:\/\/www.uv.mx\/prensa\/files\/2019\/09\/190919-Alumnos-y-docentes-de-UV-se-sienten-capacitados-5.jpg\" class=\"attachment-full size-full\" alt=\"\" decoding=\"async\" loading=\"lazy\" aria-describedby=\"gallery-2-73399\" srcset=\"https:\/\/www.uv.mx\/prensa\/files\/2019\/09\/190919-Alumnos-y-docentes-de-UV-se-sienten-capacitados-5.jpg 722w, https:\/\/www.uv.mx\/prensa\/files\/2019\/09\/190919-Alumnos-y-docentes-de-UV-se-sienten-capacitados-5-300x199.jpg 300w\" sizes=\"(max-width: 722px) 100vw, 722px\" \/><\/a>\n\t\t\t<\/dt>\n\t\t\t\t<dd class='wp-caption-text gallery-caption' id='gallery-2-73399'>\n\t\t\t\tAdriana Lizeth Jer\u00f3nimo, estudiante de Odontolog\u00eda\n\t\t\t\t<\/dd><\/dl><dl class='gallery-item'>\n\t\t\t<dt class='gallery-icon landscape'>\n\t\t\t\t<a href='https:\/\/www.uv.mx\/prensa\/files\/2019\/09\/190919-Alumnos-y-docentes-de-UV-se-sienten-capacitados-6.jpg'><img width=\"722\" height=\"480\" src=\"https:\/\/www.uv.mx\/prensa\/files\/2019\/09\/190919-Alumnos-y-docentes-de-UV-se-sienten-capacitados-6.jpg\" class=\"attachment-full size-full\" alt=\"\" decoding=\"async\" loading=\"lazy\" aria-describedby=\"gallery-2-73400\" srcset=\"https:\/\/www.uv.mx\/prensa\/files\/2019\/09\/190919-Alumnos-y-docentes-de-UV-se-sienten-capacitados-6.jpg 722w, https:\/\/www.uv.mx\/prensa\/files\/2019\/09\/190919-Alumnos-y-docentes-de-UV-se-sienten-capacitados-6-300x199.jpg 300w\" sizes=\"(max-width: 722px) 100vw, 722px\" \/><\/a>\n\t\t\t<\/dt>\n\t\t\t\t<dd class='wp-caption-text gallery-caption' id='gallery-2-73400'>\n\t\t\t\tOscar Eduardo Garc\u00eda Peralta, m\u00e9dico pasante en servicio social\n\t\t\t\t<\/dd><\/dl><br style=\"clear: both\" \/>\n\t\t<\/div>\n\n<p><span data-contrast=\"auto\">Cabe destacar que \u00e9sta no es la \u00fanica actividad que la instituci\u00f3n desarrolla en materia de protecci\u00f3n civil, pues del 18 al 20 de septiembre tiene lugar la 3\u00aa Semana Universidad Segura 2019 \u201cCultura de la prevenci\u00f3n\u201d, organizada por el Sistema Universitario de Gesti\u00f3n Integral del Riesgo (SUGIR) de la Secretar\u00eda de Desarrollo Institucional.<\/span><span data-ccp-props=\"{&quot;201341983&quot;:0,&quot;335559731&quot;:708,&quot;335559739&quot;:160,&quot;335559740&quot;:240}\">\u00a0<\/span><\/p>\n<p><span data-contrast=\"auto\">El director general del SUGIR, Antero Borboa Lara, destac\u00f3 que la comunidad universitaria de las cinco regiones fue convocada para realizar este simulacro de evacuaci\u00f3n por sismo.<\/span><span data-ccp-props=\"{&quot;201341983&quot;:0,&quot;335559731&quot;:708,&quot;335559739&quot;:160,&quot;335559740&quot;:240}\">\u00a0<\/span><\/p>\n<p><span data-contrast=\"auto\">En el simulacro <\/span><span data-contrast=\"auto\">en<\/span><span data-contrast=\"auto\"> la Unidad de Ciencias de la Salud<\/span><span data-contrast=\"auto\"> (UCS)<\/span><span data-contrast=\"auto\">, <\/span><span data-contrast=\"auto\">la comunidad docente y estudiantil, apoyados por personal de la polic\u00eda y <\/span><span data-contrast=\"auto\">de P<\/span><span data-contrast=\"auto\">rotecci\u00f3n <\/span><span data-contrast=\"auto\">C<\/span><span data-contrast=\"auto\">ivil <\/span><span data-contrast=\"auto\">M<\/span><span data-contrast=\"auto\">unicipal, as\u00ed como cuerpos de param\u00e9dicos, realizaron el ejercicio mostrando rapidez, agilidad y conocimiento de los movimientos a efectuar hasta <\/span><span data-contrast=\"auto\">llegar<\/span> <span data-contrast=\"auto\">a<\/span><span data-contrast=\"auto\"> las zonas seguras consideradas como puntos de concentraci\u00f3n.<\/span><span data-ccp-props=\"{&quot;201341983&quot;:0,&quot;335559731&quot;:708,&quot;335559739&quot;:160,&quot;335559740&quot;:240}\">\u00a0<\/span><\/p>\n<p><span data-contrast=\"auto\">Los alumnos, <\/span><span data-contrast=\"auto\">entre quienes destac\u00f3 <\/span><span data-contrast=\"auto\">un alto sentido de colaboraci\u00f3n, participaron junto con los param\u00e9dicos en simulacros de atenci\u00f3n m\u00e9dica, reanimaci\u00f3n cardiovascular y atenci\u00f3n por fractura de pierna y\/o brazos, canaliz\u00e1ndolos hacia las ambulancias que ah\u00ed se encontraban aparcadas para trasladarlos hacia las instituciones hospitalarias para su atenci\u00f3n correspondiente.<\/span><span data-ccp-props=\"{&quot;201341983&quot;:0,&quot;335559731&quot;:708,&quot;335559739&quot;:160,&quot;335559740&quot;:240}\">\u00a0<\/span><\/p>\n<div id='gallery-3' class='gallery galleryid-73417 gallery-columns-2 gallery-size-full'><dl class='gallery-item'>\n\t\t\t<dt class='gallery-icon landscape'>\n\t\t\t\t<a href='https:\/\/www.uv.mx\/prensa\/files\/2019\/09\/190919-Region-Poza-Rica-1.jpg'><img width=\"722\" height=\"542\" src=\"https:\/\/www.uv.mx\/prensa\/files\/2019\/09\/190919-Region-Poza-Rica-1.jpg\" class=\"attachment-full size-full\" alt=\"\" decoding=\"async\" loading=\"lazy\" aria-describedby=\"gallery-3-73406\" srcset=\"https:\/\/www.uv.mx\/prensa\/files\/2019\/09\/190919-Region-Poza-Rica-1.jpg 722w, https:\/\/www.uv.mx\/prensa\/files\/2019\/09\/190919-Region-Poza-Rica-1-300x225.jpg 300w\" sizes=\"(max-width: 722px) 100vw, 722px\" \/><\/a>\n\t\t\t<\/dt>\n\t\t\t\t<dd class='wp-caption-text gallery-caption' id='gallery-3-73406'>\n\t\t\t\tComunidad de la Facultad de Odontolog\u00eda, regi\u00f3n Poza Rica-Tuxpan\n\t\t\t\t<\/dd><\/dl><dl class='gallery-item'>\n\t\t\t<dt class='gallery-icon landscape'>\n\t\t\t\t<a href='https:\/\/www.uv.mx\/prensa\/files\/2019\/09\/190919-Region-Poza-Rica-4.jpg'><img width=\"722\" height=\"542\" src=\"https:\/\/www.uv.mx\/prensa\/files\/2019\/09\/190919-Region-Poza-Rica-4.jpg\" class=\"attachment-full size-full\" alt=\"\" decoding=\"async\" loading=\"lazy\" aria-describedby=\"gallery-3-73409\" srcset=\"https:\/\/www.uv.mx\/prensa\/files\/2019\/09\/190919-Region-Poza-Rica-4.jpg 722w, https:\/\/www.uv.mx\/prensa\/files\/2019\/09\/190919-Region-Poza-Rica-4-300x225.jpg 300w\" sizes=\"(max-width: 722px) 100vw, 722px\" \/><\/a>\n\t\t\t<\/dt>\n\t\t\t\t<dd class='wp-caption-text gallery-caption' id='gallery-3-73409'>\n\t\t\t\tEstudiantes y maestros de Ingenier\u00eda se reunieron en la entrada a las instalaciones\n\t\t\t\t<\/dd><\/dl><br style=\"clear: both\" \/><dl class='gallery-item'>\n\t\t\t<dt class='gallery-icon landscape'>\n\t\t\t\t<a href='https:\/\/www.uv.mx\/prensa\/files\/2019\/09\/190919-Region-Poza-Rica-2.jpg'><img width=\"722\" height=\"478\" src=\"https:\/\/www.uv.mx\/prensa\/files\/2019\/09\/190919-Region-Poza-Rica-2.jpg\" class=\"attachment-full size-full\" alt=\"\" decoding=\"async\" loading=\"lazy\" aria-describedby=\"gallery-3-73407\" srcset=\"https:\/\/www.uv.mx\/prensa\/files\/2019\/09\/190919-Region-Poza-Rica-2.jpg 722w, https:\/\/www.uv.mx\/prensa\/files\/2019\/09\/190919-Region-Poza-Rica-2-300x199.jpg 300w\" sizes=\"(max-width: 722px) 100vw, 722px\" \/><\/a>\n\t\t\t<\/dt>\n\t\t\t\t<dd class='wp-caption-text gallery-caption' id='gallery-3-73407'>\n\t\t\t\tJos\u00e9 Luis Alan\u00eds acompa\u00f1ado del equipo de brigadistas\n\t\t\t\t<\/dd><\/dl><dl class='gallery-item'>\n\t\t\t<dt class='gallery-icon landscape'>\n\t\t\t\t<a href='https:\/\/www.uv.mx\/prensa\/files\/2019\/09\/190919-Region-Poza-Rica-3.jpg'><img width=\"722\" height=\"478\" src=\"https:\/\/www.uv.mx\/prensa\/files\/2019\/09\/190919-Region-Poza-Rica-3.jpg\" class=\"attachment-full size-full\" alt=\"\" decoding=\"async\" loading=\"lazy\" aria-describedby=\"gallery-3-73408\" srcset=\"https:\/\/www.uv.mx\/prensa\/files\/2019\/09\/190919-Region-Poza-Rica-3.jpg 722w, https:\/\/www.uv.mx\/prensa\/files\/2019\/09\/190919-Region-Poza-Rica-3-300x199.jpg 300w\" sizes=\"(max-width: 722px) 100vw, 722px\" \/><\/a>\n\t\t\t<\/dt>\n\t\t\t\t<dd class='wp-caption-text gallery-caption' id='gallery-3-73408'>\n\t\t\t\tEn la regi\u00f3n Poza Rica-Tuxpan se tuvo una buena respuesta al simulacro \n\t\t\t\t<\/dd><\/dl><br style=\"clear: both\" \/>\n\t\t<\/div>\n\n<p><b><span data-contrast=\"auto\">Un proceso bien organizado<\/span><\/b><span data-ccp-props=\"{&quot;201341983&quot;:0,&quot;335559739&quot;:0,&quot;335559740&quot;:240}\">\u00a0<\/span><\/p>\n<p><span data-contrast=\"auto\">Oscar Eduardo Garc\u00eda Peralta, m\u00e9dico pasante en servicio social, consider\u00f3 que \u201cel simulacro result\u00f3 un proceso bastante organizado<\/span><span data-contrast=\"auto\">; <\/span><span data-contrast=\"auto\">en los a\u00f1<\/span><span data-contrast=\"auto\">os que tengo estudiando en la <\/span><span data-contrast=\"auto\">F<\/span><span data-contrast=\"auto\">acultad <\/span><span data-contrast=\"auto\">de Medicina <\/span><span data-contrast=\"auto\">hemos realizado ya este ejercicio y cada vez nos sale mejor, porque se van corrigiendo fallas detectadas<\/span><span data-contrast=\"auto\">\u201d<\/span><span data-contrast=\"auto\">.<\/span><span data-ccp-props=\"{&quot;201341983&quot;:0,&quot;335559739&quot;:0,&quot;335559740&quot;:240}\">\u00a0<\/span><\/p>\n<p><span data-contrast=\"auto\">Record\u00f3 <\/span><span data-contrast=\"auto\">que<\/span><span data-contrast=\"auto\">,<\/span><span data-contrast=\"auto\"> en el sismo del 19 de septiembre de 2017, reci\u00e9n hab\u00edan realizado el simulacro cuando se registr\u00f3 el movimiento de tierra<\/span><span data-contrast=\"auto\">,<\/span><span data-contrast=\"auto\"> \u201cpero afortunadamente supimos c\u00f3mo reaccionar y <\/span><span data-contrast=\"auto\">no se present\u00f3 ning\u00fan incidente pues<\/span><span data-contrast=\"auto\"> ya sab\u00edamos qu\u00e9 hacer\u201d.<\/span><span data-ccp-props=\"{&quot;201341983&quot;:0,&quot;335559739&quot;:0,&quot;335559740&quot;:240}\">\u00a0<\/span><\/p>\n<p><span data-contrast=\"auto\">A <\/span><span data-contrast=\"auto\">Yalit<\/span><span data-contrast=\"auto\"> de Jes\u00fas Ram\u00edrez Ruiz, estudiante del tercer semestre de <\/span><span data-contrast=\"auto\">T\u00e9cnico en<\/span><span data-contrast=\"auto\"> Pr\u00f3tesis Dental <\/span><span data-contrast=\"auto\">de<\/span><span data-contrast=\"auto\"> la <\/span><span data-contrast=\"auto\">F<\/span><span data-contrast=\"auto\">acultad de <\/span><span data-contrast=\"auto\">O<\/span><span data-contrast=\"auto\">dontolog\u00eda, el ejercicio le mostr\u00f3 que <\/span><span data-contrast=\"auto\">est\u00e1n<\/span><span data-contrast=\"auto\"> preparados para enfrentar eventos reales, gracias a las orientaciones brindad<\/span><span data-contrast=\"auto\">as por <\/span><span data-contrast=\"auto\">los integrantes del comit\u00e9 interno del Sistema Universitario de Gesti\u00f3n Integral del Riesgo<\/span><span data-contrast=\"auto\">.<\/span><span data-ccp-props=\"{&quot;201341983&quot;:0,&quot;335559739&quot;:0,&quot;335559740&quot;:240}\">\u00a0<\/span><\/p>\n<p><span data-contrast=\"auto\">En tanto <\/span><span data-contrast=\"auto\">Adriana <\/span><span data-contrast=\"auto\">Lizeth<\/span><span data-contrast=\"auto\"> Jer\u00f3nimo, de la <\/span><span data-contrast=\"auto\">misma F<\/span><span data-contrast=\"auto\">acultad, lament\u00f3 que varios de sus compa\u00f1eros no asuman su responsabilidad de tomar en serio estos simulacros, \u201calgunos lo tomaron a chiste, s\u00f3lo espero que cuando se enfrenten <\/span><span data-contrast=\"auto\">a la realidad sepan qu\u00e9 hacer<\/span><span data-contrast=\"auto\">\u201d<\/span><span data-contrast=\"auto\">.<\/span><span data-ccp-props=\"{&quot;201341983&quot;:0,&quot;335559731&quot;:708,&quot;335559739&quot;:0,&quot;335559740&quot;:240}\">\u00a0<\/span><\/p>\n<div id='gallery-4' class='gallery galleryid-73417 gallery-columns-2 gallery-size-full'><dl class='gallery-item'>\n\t\t\t<dt class='gallery-icon landscape'>\n\t\t\t\t<a href='https:\/\/www.uv.mx\/prensa\/files\/2019\/09\/190919-Region-Veracruz-1.jpg'><img width=\"722\" height=\"406\" src=\"https:\/\/www.uv.mx\/prensa\/files\/2019\/09\/190919-Region-Veracruz-1.jpg\" class=\"attachment-full size-full\" alt=\"\" decoding=\"async\" loading=\"lazy\" aria-describedby=\"gallery-4-73411\" srcset=\"https:\/\/www.uv.mx\/prensa\/files\/2019\/09\/190919-Region-Veracruz-1.jpg 722w, https:\/\/www.uv.mx\/prensa\/files\/2019\/09\/190919-Region-Veracruz-1-300x169.jpg 300w\" sizes=\"(max-width: 722px) 100vw, 722px\" \/><\/a>\n\t\t\t<\/dt>\n\t\t\t\t<dd class='wp-caption-text gallery-caption' id='gallery-4-73411'>\n\t\t\t\tEn la regi\u00f3n Veracruz el simulacro tambi\u00e9n se efectu\u00f3 a cabalidad\n\t\t\t\t<\/dd><\/dl><dl class='gallery-item'>\n\t\t\t<dt class='gallery-icon landscape'>\n\t\t\t\t<a href='https:\/\/www.uv.mx\/prensa\/files\/2019\/09\/190919-Region-Veracruz-2.jpg'><img width=\"722\" height=\"406\" src=\"https:\/\/www.uv.mx\/prensa\/files\/2019\/09\/190919-Region-Veracruz-2.jpg\" class=\"attachment-full size-full\" alt=\"\" decoding=\"async\" loading=\"lazy\" aria-describedby=\"gallery-4-73412\" srcset=\"https:\/\/www.uv.mx\/prensa\/files\/2019\/09\/190919-Region-Veracruz-2.jpg 722w, https:\/\/www.uv.mx\/prensa\/files\/2019\/09\/190919-Region-Veracruz-2-300x169.jpg 300w\" sizes=\"(max-width: 722px) 100vw, 722px\" \/><\/a>\n\t\t\t<\/dt>\n\t\t\t\t<dd class='wp-caption-text gallery-caption' id='gallery-4-73412'>\n\t\t\t\tJefes de brigada y personal de primeros auxilios guiaron la acci\u00f3n\n\t\t\t\t<\/dd><\/dl><br style=\"clear: both\" \/><dl class='gallery-item'>\n\t\t\t<dt class='gallery-icon landscape'>\n\t\t\t\t<a href='https:\/\/www.uv.mx\/prensa\/files\/2019\/09\/190919-Region-Veracruz-3.jpg'><img width=\"722\" height=\"406\" src=\"https:\/\/www.uv.mx\/prensa\/files\/2019\/09\/190919-Region-Veracruz-3.jpg\" class=\"attachment-full size-full\" alt=\"\" decoding=\"async\" loading=\"lazy\" aria-describedby=\"gallery-4-73413\" srcset=\"https:\/\/www.uv.mx\/prensa\/files\/2019\/09\/190919-Region-Veracruz-3.jpg 722w, https:\/\/www.uv.mx\/prensa\/files\/2019\/09\/190919-Region-Veracruz-3-300x169.jpg 300w\" sizes=\"(max-width: 722px) 100vw, 722px\" \/><\/a>\n\t\t\t<\/dt>\n\t\t\t\t<dd class='wp-caption-text gallery-caption' id='gallery-4-73413'>\n\t\t\t\tEstudiantes, acad\u00e9micos y personal administrativo colabor\u00f3 satisfactoriamente \n\t\t\t\t<\/dd><\/dl><dl class='gallery-item'>\n\t\t\t<dt class='gallery-icon landscape'>\n\t\t\t\t<a href='https:\/\/www.uv.mx\/prensa\/files\/2019\/09\/190919-Region-Veracruz-4-e1568923086623.jpg'><img width=\"722\" height=\"406\" src=\"https:\/\/www.uv.mx\/prensa\/files\/2019\/09\/190919-Region-Veracruz-4-e1568923086623.jpg\" class=\"attachment-full size-full\" alt=\"\" decoding=\"async\" loading=\"lazy\" aria-describedby=\"gallery-4-73414\" srcset=\"https:\/\/www.uv.mx\/prensa\/files\/2019\/09\/190919-Region-Veracruz-4-e1568923086623.jpg 722w, https:\/\/www.uv.mx\/prensa\/files\/2019\/09\/190919-Region-Veracruz-4-e1568923086623-300x169.jpg 300w\" sizes=\"(max-width: 722px) 100vw, 722px\" \/><\/a>\n\t\t\t<\/dt>\n\t\t\t\t<dd class='wp-caption-text gallery-caption' id='gallery-4-73414'>\n\t\t\t\tEn el Instituto de Ingenier\u00eda como en el resto de las entidades acad\u00e9micas la valoraci\u00f3n de simulacro fue positiva\n\t\t\t\t<\/dd><\/dl><br style=\"clear: both\" \/>\n\t\t<\/div>\n\n<p><strong><span class=\"TextRun SCXW22838671 BCX2\" lang=\"ES-ES\" xml:lang=\"ES-ES\" data-contrast=\"auto\"><span class=\"NormalTextRun SCXW22838671 BCX2\">Simulacro en las regiones<\/span><\/span><\/strong><\/p>\n<p>Asimismo, universitarios de las regiones Poza Rica-Tuxpan, Veracruz, Coatzacoalcos-Minatitl\u00e1n y Orizaba-C\u00f3rdoba se sumaron al simulacro nacional. En cada <em>campus <\/em>la comunidad particip\u00f3 de manera ordenada y atendi\u00f3 las indicaciones de las autoridades, para que la actividad se desarrollara sin contratiempos.<\/p>\n<div id='gallery-5' class='gallery galleryid-73417 gallery-columns-2 gallery-size-full'><dl class='gallery-item'>\n\t\t\t<dt class='gallery-icon landscape'>\n\t\t\t\t<a href='https:\/\/www.uv.mx\/prensa\/files\/2019\/09\/190919-Region-Coatzacoalcos-1-e1568923233119.jpg'><img width=\"722\" height=\"406\" src=\"https:\/\/www.uv.mx\/prensa\/files\/2019\/09\/190919-Region-Coatzacoalcos-1-e1568923233119.jpg\" class=\"attachment-full size-full\" alt=\"\" decoding=\"async\" loading=\"lazy\" aria-describedby=\"gallery-5-73401\" srcset=\"https:\/\/www.uv.mx\/prensa\/files\/2019\/09\/190919-Region-Coatzacoalcos-1-e1568923233119.jpg 722w, https:\/\/www.uv.mx\/prensa\/files\/2019\/09\/190919-Region-Coatzacoalcos-1-e1568923233119-300x169.jpg 300w\" sizes=\"(max-width: 722px) 100vw, 722px\" \/><\/a>\n\t\t\t<\/dt>\n\t\t\t\t<dd class='wp-caption-text gallery-caption' id='gallery-5-73401'>\n\t\t\t\tEstudiantes de la regi\u00f3n Coatzacoalcos-Minatitl\u00e1n participaron en el simulacro\n\t\t\t\t<\/dd><\/dl><dl class='gallery-item'>\n\t\t\t<dt class='gallery-icon landscape'>\n\t\t\t\t<a href='https:\/\/www.uv.mx\/prensa\/files\/2019\/09\/190919-Region-Coatzacoalcos-2.jpg'><img width=\"722\" height=\"406\" src=\"https:\/\/www.uv.mx\/prensa\/files\/2019\/09\/190919-Region-Coatzacoalcos-2.jpg\" class=\"attachment-full size-full\" alt=\"\" decoding=\"async\" loading=\"lazy\" aria-describedby=\"gallery-5-73402\" srcset=\"https:\/\/www.uv.mx\/prensa\/files\/2019\/09\/190919-Region-Coatzacoalcos-2.jpg 722w, https:\/\/www.uv.mx\/prensa\/files\/2019\/09\/190919-Region-Coatzacoalcos-2-300x169.jpg 300w\" sizes=\"(max-width: 722px) 100vw, 722px\" \/><\/a>\n\t\t\t<\/dt>\n\t\t\t\t<dd class='wp-caption-text gallery-caption' id='gallery-5-73402'>\n\t\t\t\tLa evacuaci\u00f3n en Coatzacoalcos se desarroll\u00f3 en tiempo y forma \n\t\t\t\t<\/dd><\/dl><br style=\"clear: both\" \/><dl class='gallery-item'>\n\t\t\t<dt class='gallery-icon landscape'>\n\t\t\t\t<a href='https:\/\/www.uv.mx\/prensa\/files\/2019\/09\/190919-Region-Coatzacoalcos-3-e1568923213287.jpg'><img width=\"722\" height=\"406\" src=\"https:\/\/www.uv.mx\/prensa\/files\/2019\/09\/190919-Region-Coatzacoalcos-3-e1568923213287.jpg\" class=\"attachment-full size-full\" alt=\"\" decoding=\"async\" loading=\"lazy\" aria-describedby=\"gallery-5-73403\" srcset=\"https:\/\/www.uv.mx\/prensa\/files\/2019\/09\/190919-Region-Coatzacoalcos-3-e1568923213287.jpg 722w, https:\/\/www.uv.mx\/prensa\/files\/2019\/09\/190919-Region-Coatzacoalcos-3-e1568923213287-300x169.jpg 300w\" sizes=\"(max-width: 722px) 100vw, 722px\" \/><\/a>\n\t\t\t<\/dt>\n\t\t\t\t<dd class='wp-caption-text gallery-caption' id='gallery-5-73403'>\n\t\t\t\tLa comunidad universitaria acudi\u00f3 en orden a los puntos de reuni\u00f3n\n\t\t\t\t<\/dd><\/dl><dl class='gallery-item'>\n\t\t\t<dt class='gallery-icon landscape'>\n\t\t\t\t<a href='https:\/\/www.uv.mx\/prensa\/files\/2019\/09\/190919-Region-Coatzacoalcos-4-e1568923183874.jpg'><img width=\"722\" height=\"406\" src=\"https:\/\/www.uv.mx\/prensa\/files\/2019\/09\/190919-Region-Coatzacoalcos-4-e1568923183874.jpg\" class=\"attachment-full size-full\" alt=\"\" decoding=\"async\" loading=\"lazy\" aria-describedby=\"gallery-5-73404\" srcset=\"https:\/\/www.uv.mx\/prensa\/files\/2019\/09\/190919-Region-Coatzacoalcos-4-e1568923183874.jpg 722w, https:\/\/www.uv.mx\/prensa\/files\/2019\/09\/190919-Region-Coatzacoalcos-4-e1568923183874-300x169.jpg 300w\" sizes=\"(max-width: 722px) 100vw, 722px\" \/><\/a>\n\t\t\t<\/dt>\n\t\t\t\t<dd class='wp-caption-text gallery-caption' id='gallery-5-73404'>\n\t\t\t\tLuego de la evacuaci\u00f3n, se atendieron las recomendaciones de las autoridades\n\t\t\t\t<\/dd><\/dl><br style=\"clear: both\" \/>\n\t\t<\/div>\n\n<p><strong>Simulacro vespertino<br \/>\n<\/strong><\/p>\n<p><span data-contrast=\"none\">Estudiantes, docentes y trabajadores se sumaron al simulacro vespertino de sismo que se llev\u00f3 a cabo<\/span><span data-contrast=\"none\"> a las <\/span><span data-contrast=\"none\">17:30 horas en la Unidad Central\u00a0<\/span><span data-ccp-props=\"{&quot;335559731&quot;:708}\"> y diversas dependencias y entidades universitarias.<br \/>\n<\/span><\/p>\n<p><span data-contrast=\"none\">En la Facultad de Ciencias Administrativas y Sociales (FCAS),\u00a0<\/span><span data-contrast=\"none\"> el simulacro respondi\u00f3 <\/span><span data-contrast=\"none\">al<\/span><span data-contrast=\"none\"> protocolo establecido por la UV, en el que se deben ubicar zona<\/span><span data-contrast=\"none\">s seguras e <\/span><span data-contrast=\"none\">identificar los puntos de reuni\u00f3n para\u00a0 llevar a cabo<\/span><span data-contrast=\"none\"> el desalojo de estudiantes, maestros y trabajadores de manera organizada, coment\u00f3el director Eric Abad Esp\u00edndola.<br \/>\n<\/span><\/p>\n<p><span data-contrast=\"none\">En el simulacro participaron 250 personas, entre estudiantes, catedr\u00e1ticos y empleados, quienes\u00a0 desalojaron los edificios en 52 segundos.<\/span><span data-ccp-props=\"{&quot;335559731&quot;:708}\">\u00a0<\/span><\/p>\n<div id='gallery-6' class='gallery galleryid-73417 gallery-columns-2 gallery-size-full'><dl class='gallery-item'>\n\t\t\t<dt class='gallery-icon landscape'>\n\t\t\t\t<a href='https:\/\/www.uv.mx\/prensa\/files\/2019\/09\/190919-Simulacro-FCAS-1.jpg'><img width=\"722\" height=\"480\" src=\"https:\/\/www.uv.mx\/prensa\/files\/2019\/09\/190919-Simulacro-FCAS-1.jpg\" class=\"attachment-full size-full\" alt=\"\" decoding=\"async\" loading=\"lazy\" aria-describedby=\"gallery-6-73494\" srcset=\"https:\/\/www.uv.mx\/prensa\/files\/2019\/09\/190919-Simulacro-FCAS-1.jpg 722w, https:\/\/www.uv.mx\/prensa\/files\/2019\/09\/190919-Simulacro-FCAS-1-300x199.jpg 300w\" sizes=\"(max-width: 722px) 100vw, 722px\" \/><\/a>\n\t\t\t<\/dt>\n\t\t\t\t<dd class='wp-caption-text gallery-caption' id='gallery-6-73494'>\n\t\t\t\tSimulacro vespertino en la FCAS\n\t\t\t\t<\/dd><\/dl><dl class='gallery-item'>\n\t\t\t<dt class='gallery-icon landscape'>\n\t\t\t\t<a href='https:\/\/www.uv.mx\/prensa\/files\/2019\/09\/190919-Simulacro-FCAS-2.jpg'><img width=\"722\" height=\"480\" src=\"https:\/\/www.uv.mx\/prensa\/files\/2019\/09\/190919-Simulacro-FCAS-2.jpg\" class=\"attachment-full size-full\" alt=\"\" decoding=\"async\" loading=\"lazy\" aria-describedby=\"gallery-6-73495\" srcset=\"https:\/\/www.uv.mx\/prensa\/files\/2019\/09\/190919-Simulacro-FCAS-2.jpg 722w, https:\/\/www.uv.mx\/prensa\/files\/2019\/09\/190919-Simulacro-FCAS-2-300x199.jpg 300w\" sizes=\"(max-width: 722px) 100vw, 722px\" \/><\/a>\n\t\t\t<\/dt>\n\t\t\t\t<dd class='wp-caption-text gallery-caption' id='gallery-6-73495'>\n\t\t\t\tEric Abad Esp\u00edndola, director de la FCAS\n\t\t\t\t<\/dd><\/dl><br style=\"clear: both\" \/>\n\t\t<\/div>\n\n<div id='gallery-7' class='gallery galleryid-73417 gallery-columns-3 gallery-size-full'><dl class='gallery-item'>\n\t\t\t<dt class='gallery-icon landscape'>\n\t\t\t\t<a href='https:\/\/www.uv.mx\/prensa\/files\/2019\/09\/200919-Simulacro-vespertino-1.jpg'><img width=\"722\" height=\"481\" src=\"https:\/\/www.uv.mx\/prensa\/files\/2019\/09\/200919-Simulacro-vespertino-1.jpg\" class=\"attachment-full size-full\" alt=\"\" decoding=\"async\" loading=\"lazy\" aria-describedby=\"gallery-7-73496\" srcset=\"https:\/\/www.uv.mx\/prensa\/files\/2019\/09\/200919-Simulacro-vespertino-1.jpg 722w, https:\/\/www.uv.mx\/prensa\/files\/2019\/09\/200919-Simulacro-vespertino-1-300x200.jpg 300w\" sizes=\"(max-width: 722px) 100vw, 722px\" \/><\/a>\n\t\t\t<\/dt>\n\t\t\t\t<dd class='wp-caption-text gallery-caption' id='gallery-7-73496'>\n\t\t\t\tA las 17:30 horas se realiz\u00f3 un segundo simulacro\n\t\t\t\t<\/dd><\/dl><dl class='gallery-item'>\n\t\t\t<dt class='gallery-icon landscape'>\n\t\t\t\t<a href='https:\/\/www.uv.mx\/prensa\/files\/2019\/09\/200919-Simulacro-vespertino-2.jpg'><img width=\"722\" height=\"481\" src=\"https:\/\/www.uv.mx\/prensa\/files\/2019\/09\/200919-Simulacro-vespertino-2.jpg\" class=\"attachment-full size-full\" alt=\"\" decoding=\"async\" loading=\"lazy\" aria-describedby=\"gallery-7-73497\" srcset=\"https:\/\/www.uv.mx\/prensa\/files\/2019\/09\/200919-Simulacro-vespertino-2.jpg 722w, https:\/\/www.uv.mx\/prensa\/files\/2019\/09\/200919-Simulacro-vespertino-2-300x200.jpg 300w\" sizes=\"(max-width: 722px) 100vw, 722px\" \/><\/a>\n\t\t\t<\/dt>\n\t\t\t\t<dd class='wp-caption-text gallery-caption' id='gallery-7-73497'>\n\t\t\t\tPersonal de la Unidad Central de Rector\u00eda se reuni\u00f3 en los puntos de resguardo\n\t\t\t\t<\/dd><\/dl><dl class='gallery-item'>\n\t\t\t<dt class='gallery-icon landscape'>\n\t\t\t\t<a href='https:\/\/www.uv.mx\/prensa\/files\/2019\/09\/200919-Simulacro-vespertino-3.jpg'><img width=\"722\" height=\"481\" src=\"https:\/\/www.uv.mx\/prensa\/files\/2019\/09\/200919-Simulacro-vespertino-3.jpg\" class=\"attachment-full size-full\" alt=\"\" decoding=\"async\" loading=\"lazy\" aria-describedby=\"gallery-7-73498\" srcset=\"https:\/\/www.uv.mx\/prensa\/files\/2019\/09\/200919-Simulacro-vespertino-3.jpg 722w, https:\/\/www.uv.mx\/prensa\/files\/2019\/09\/200919-Simulacro-vespertino-3-300x200.jpg 300w\" sizes=\"(max-width: 722px) 100vw, 722px\" \/><\/a>\n\t\t\t<\/dt>\n\t\t\t\t<dd class='wp-caption-text gallery-caption' id='gallery-7-73498'>\n\t\t\t\tEl personal realiz\u00f3 el simulacro vespertino con calma y completo orden\n\t\t\t\t<\/dd><\/dl><br style=\"clear: both\" \/>\n\t\t<\/div>\n\n","protected":false},"excerpt":{"rendered":"<p>A las 10:00 horas, estudiantes, docentes, personal administrativo y autoridades de la UV, en sus cinco regiones, desalojaron los inmuebles universitarios en atenci\u00f3n a la alarma de simulacro de sismo<\/p>\n","protected":false},"author":1508,"featured_media":73415,"comment_status":"closed","ping_status":"closed","sticky":false,"template":"","format":"standard","meta":[],"categories":[61],"tags":[],"_links":{"self":[{"href":"https:\/\/www.uv.mx\/prensa\/wp-json\/wp\/v2\/posts\/73417"}],"collection":[{"href":"https:\/\/www.uv.mx\/prensa\/wp-json\/wp\/v2\/posts"}],"about":[{"href":"https:\/\/www.uv.mx\/prensa\/wp-json\/wp\/v2\/types\/post"}],"author":[{"embeddable":true,"href":"https:\/\/www.uv.mx\/prensa\/wp-json\/wp\/v2\/users\/1508"}],"replies":[{"embeddable":true,"href":"https:\/\/www.uv.mx\/prensa\/wp-json\/wp\/v2\/comments?post=73417"}],"version-history":[{"count":0,"href":"https:\/\/www.uv.mx\/prensa\/wp-json\/wp\/v2\/posts\/73417\/revisions"}],"wp:featuredmedia":[{"embeddable":true,"href":"https:\/\/www.uv.mx\/prensa\/wp-json\/wp\/v2\/media\/73415"}],"wp:attachment":[{"href":"https:\/\/www.uv.mx\/prensa\/wp-json\/wp\/v2\/media?parent=73417"}],"wp:term":[{"taxonomy":"category","embeddable":true,"href":"https:\/\/www.uv.mx\/prensa\/wp-json\/wp\/v2\/categories?post=73417"},{"taxonomy":"post_tag","embeddable":true,"href":"https:\/\/www.uv.mx\/prensa\/wp-json\/wp\/v2\/tags?post=73417"}],"curies":[{"name":"wp","href":"https:\/\/api.w.org\/{rel}","templated":true}]}}