{"id":73488,"date":"2019-09-22T08:00:13","date_gmt":"2019-09-22T13:00:13","guid":{"rendered":"https:\/\/www.uv.mx\/prensa\/?p=73488"},"modified":"2019-09-23T12:08:36","modified_gmt":"2019-09-23T17:08:36","slug":"uv-realizara-iv-jornada-de-bioetica","status":"publish","type":"post","link":"https:\/\/www.uv.mx\/prensa\/eventos\/uv-realizara-iv-jornada-de-bioetica\/","title":{"rendered":"UV realizar\u00e1 IV Jornada de Bio\u00e9tica"},"content":{"rendered":"<ul>\n<li data-leveltext=\"\uf0b7\" data-font=\"Symbol\" data-listid=\"1\" data-aria-posinset=\"1\" data-aria-level=\"1\"><i><span data-contrast=\"auto\">Tendr\u00e1 lugar <\/span><\/i><i><span data-contrast=\"auto\">los d\u00edas<\/span><\/i><i><span data-contrast=\"auto\"> 26 y 27 de septiembre<\/span><\/i><i><span data-contrast=\"auto\">,<\/span><\/i><i><span data-contrast=\"auto\"> en la USBI Xalapa<\/span><\/i><span data-ccp-props=\"{&quot;134233279&quot;:true,&quot;201341983&quot;:0,&quot;335559739&quot;:160,&quot;335559740&quot;:240}\">\u00a0<\/span><\/li>\n<li data-leveltext=\"\uf0b7\" data-font=\"Symbol\" data-listid=\"1\" data-aria-posinset=\"2\" data-aria-level=\"1\"><i><span data-contrast=\"auto\">Reunir\u00e1 a especialistas de la UNAM, Univer<\/span><\/i><i><span data-contrast=\"auto\">sidad Aut\u00f3noma de Quer\u00e9taro, <\/span><\/i><i><span data-contrast=\"auto\">Universidad de <\/span><\/i><i><span data-contrast=\"auto\">Guadalajara, <\/span><\/i><span data-contrast=\"auto\">Conbio\u00e9tica<\/span><i><span data-contrast=\"auto\"> y otras instituciones<\/span><\/i><span data-ccp-props=\"{&quot;134233279&quot;:true,&quot;201341983&quot;:0,&quot;335559739&quot;:160,&quot;335559740&quot;:240}\">\u00a0<\/span><\/li>\n<li data-leveltext=\"\uf0b7\" data-font=\"Symbol\" data-listid=\"1\" data-aria-posinset=\"3\" data-aria-level=\"1\"><i><span data-contrast=\"auto\">Se transmitir\u00e1 por video<\/span><\/i><i><span data-contrast=\"auto\">conferencia a la regi\u00f3n universitaria de Veracruz<\/span><\/i><span data-ccp-props=\"{&quot;134233279&quot;:true,&quot;201341983&quot;:0,&quot;335559739&quot;:160,&quot;335559740&quot;:240}\">\u00a0<\/span><\/li>\n<\/ul>\n<div id=\"attachment_73321\" style=\"width: 732px\" class=\"wp-caption aligncenter\"><a href=\"https:\/\/www.uv.mx\/prensa\/files\/2019\/09\/180919-IV-JORNADA-BIOETICA-1.jpg\"><img aria-describedby=\"caption-attachment-73321\" decoding=\"async\" loading=\"lazy\" class=\"size-full wp-image-73321\" src=\"https:\/\/www.uv.mx\/prensa\/files\/2019\/09\/180919-IV-JORNADA-BIOETICA-1.jpg\" alt=\"\" width=\"722\" height=\"481\" srcset=\"https:\/\/www.uv.mx\/prensa\/files\/2019\/09\/180919-IV-JORNADA-BIOETICA-1.jpg 722w, https:\/\/www.uv.mx\/prensa\/files\/2019\/09\/180919-IV-JORNADA-BIOETICA-1-300x200.jpg 300w\" sizes=\"(max-width: 722px) 100vw, 722px\" \/><\/a><p id=\"caption-attachment-73321\" class=\"wp-caption-text\">Francisco Javier Rosas Santiago, coordinador de la IV Jornada de Bio\u00e9tica<\/p><\/div>\n<p><b><i><span data-contrast=\"auto\">Claudia Peralta V\u00e1zquez<\/span><\/i><\/b><span data-ccp-props=\"{&quot;201341983&quot;:0,&quot;335559739&quot;:160,&quot;335559740&quot;:240}\">\u00a0<\/span><\/p>\n<p><b><i><span data-contrast=\"auto\">22<\/span><\/i><\/b><b><i><span data-contrast=\"auto\">\/<\/span><\/i><\/b><b><i><span data-contrast=\"auto\">09<\/span><\/i><\/b><b><i><span data-contrast=\"auto\">\/<\/span><\/i><\/b><b><i><span data-contrast=\"auto\">20<\/span><\/i><\/b><b><i><span data-contrast=\"auto\">19, Xalapa, Ver.- <\/span><\/i><\/b><span data-contrast=\"auto\">La Universidad Veracruzana (UV)<\/span><span data-contrast=\"auto\">, por medio de los<\/span><span data-contrast=\"auto\"> Comit<\/span><span data-contrast=\"auto\">\u00e9s de \u00c9tica de Investigaci\u00f3n de los institutos de<\/span><span data-contrast=\"auto\"> Salud P\u00fablica <\/span><span data-contrast=\"auto\">(ISP),<\/span> <span data-contrast=\"auto\">Inv<\/span><span data-contrast=\"auto\">estigaciones Psicol\u00f3gicas (IIP) y<\/span> <span data-contrast=\"auto\">Ciencias de<\/span> <span data-contrast=\"auto\">la Salud <\/span><span data-contrast=\"auto\">(ICS)<\/span><span data-contrast=\"auto\">, as\u00ed como<\/span> <span data-contrast=\"auto\">la Facultad de Medicina<\/span><span data-contrast=\"auto\">,<\/span><span data-contrast=\"auto\"> regi\u00f3n Veracruz<\/span><span data-contrast=\"auto\">, <\/span><span data-contrast=\"auto\">realizar\u00e1 la IV Jornada de Bio\u00e9tica<\/span><span data-contrast=\"auto\">, <\/span><span data-contrast=\"auto\">los d\u00edas 26 y 27 de sep<\/span><span data-contrast=\"auto\">tiembre.<\/span><span data-ccp-props=\"{&quot;201341983&quot;:0,&quot;335559739&quot;:160,&quot;335559740&quot;:240}\">\u00a0<\/span><\/p>\n<p><span data-contrast=\"auto\">Este foro<\/span><span data-contrast=\"auto\">, <\/span><span data-contrast=\"auto\">que congregar\u00e1 a especialistas de diversas instituciones de ed<\/span><span data-contrast=\"auto\">ucaci\u00f3n superior (IES) del pa\u00eds, <\/span><span data-contrast=\"auto\">tendr\u00e1 como sede la<\/span><span data-contrast=\"auto\">s<\/span><span data-contrast=\"auto\"> sala<\/span><span data-contrast=\"auto\">s 1 y 2<\/span><span data-contrast=\"auto\"> de <\/span><span data-contrast=\"auto\">videoconferencias de la Unidad de Servicios Bibliotecarios y de Informaci\u00f3n (USBI)<\/span><span data-contrast=\"auto\">. De<\/span><span data-contrast=\"auto\"> forma <\/span><span data-contrast=\"auto\">simult\u00e1nea, se<\/span><span data-contrast=\"auto\">r<\/span><span data-contrast=\"auto\">\u00e1 transmitida a la subsede del a<\/span><span data-contrast=\"auto\">ula <\/span><span data-contrast=\"auto\">m<\/span><span data-contrast=\"auto\">agna de la Facultad de Medicina, <\/span><span data-contrast=\"auto\">regi\u00f3n <\/span><span data-contrast=\"auto\">Veracruz.<\/span><span data-ccp-props=\"{&quot;201341983&quot;:0,&quot;335559731&quot;:708,&quot;335559739&quot;:160,&quot;335559740&quot;:240}\">\u00a0<\/span><\/p>\n<p><span data-contrast=\"auto\">Francisco Javier Rosas Santiago, investi<\/span><span data-contrast=\"auto\">gador del IIP<\/span> <span data-contrast=\"auto\">y coordinador de la jornada, expuso que en M\u00e9xico son cada vez m\u00e1s evidentes<\/span><span data-contrast=\"auto\"> los esfuerzos por lograr <\/span><span data-contrast=\"auto\">que la investigaci\u00f3n se lleve a cabo bajo par\u00e1metros \u00e9ticos.<\/span><span data-ccp-props=\"{&quot;201341983&quot;:0,&quot;335559731&quot;:708,&quot;335559739&quot;:160,&quot;335559740&quot;:240}\">\u00a0<\/span><\/p>\n<p><span data-contrast=\"auto\">Tambi\u00e9n se ha procurado que todas <\/span><span data-contrast=\"auto\">las condiciones que envuelven la investigaci\u00f3n con<\/span><span data-contrast=\"auto\"> organismos vivos <\/span><span data-contrast=\"auto\">\u2013que <\/span><span data-contrast=\"auto\">incluye a los humano<\/span><span data-contrast=\"auto\">s, animales y al medio ambiente\u2013<\/span><span data-contrast=\"auto\"> se rijan por principios \u00e9ticos <\/span><span data-contrast=\"auto\">en donde el da\u00f1o a los sujetos <\/span><span data-contrast=\"auto\">o \u00e1mbitos de<\/span><span data-contrast=\"auto\"> estudio<\/span><span data-contrast=\"auto\"> sea el menor posible.<\/span><span data-ccp-props=\"{&quot;201341983&quot;:0,&quot;335559731&quot;:708,&quot;335559739&quot;:160,&quot;335559740&quot;:240}\">\u00a0<\/span><\/p>\n<p><span data-contrast=\"auto\">Rosas Santiago<\/span><span data-contrast=\"auto\"> d<\/span><span data-contrast=\"auto\">io a conocer que la UV, al formar parte de la Comisi\u00f3n Estatal de<\/span><span data-contrast=\"auto\"> Bio\u00e9tica, que a su vez depende del mismo organismo a nivel federal, tiene el encargo de desarrollar jornadas de capacitaci\u00f3n relacionadas con temas \u00e9ticos.<\/span><span data-ccp-props=\"{&quot;201341983&quot;:0,&quot;335559731&quot;:708,&quot;335559739&quot;:160,&quot;335559740&quot;:240}\">\u00a0<\/span><\/p>\n<p><span data-contrast=\"auto\">Es por esa raz\u00f3n<\/span><span data-contrast=\"auto\"> que desde hace cuatro a\u00f1os<\/span> <span data-contrast=\"auto\">se<\/span><span data-contrast=\"auto\"> organiza <\/span><span data-contrast=\"auto\">este evento <\/span><span data-contrast=\"auto\">acad\u00e9mico-social<\/span><span data-contrast=\"auto\"> en el que participan especialistas y alumnos involucrados con la bio\u00e9tica y la \u00e9tica en la investigaci\u00f3n.<\/span> <span data-contrast=\"auto\">Ha <\/span><span data-contrast=\"auto\">destacado la presencia de <\/span><span data-contrast=\"auto\">ponentes expertos<\/span><span data-contrast=\"auto\">,<\/span><span data-contrast=\"auto\"> quienes han compartido experiencias, propuestas e ideas derivadas de sus investigaciones.<\/span><span data-ccp-props=\"{&quot;201341983&quot;:0,&quot;335559731&quot;:708,&quot;335559739&quot;:160,&quot;335559740&quot;:240}\">\u00a0<\/span><\/p>\n<p><span data-contrast=\"auto\">E<\/span><span data-contrast=\"auto\">ste a\u00f1o no ser\u00e1 la excepci\u00f3n, pues para cualquier persona involucrada con el mund<\/span><span data-contrast=\"auto\">o de la ciencia representa una oportunidad elemental de <\/span><span data-contrast=\"auto\">aproximarse a la \u00e9tica y <\/span><span data-contrast=\"auto\">la <\/span><span data-contrast=\"auto\">bio\u00e9tica.<\/span><span data-ccp-props=\"{&quot;201341983&quot;:0,&quot;335559739&quot;:160,&quot;335559740&quot;:240}\">\u00a0<\/span><\/p>\n<p>&nbsp;<\/p>\n<div id=\"attachment_73320\" style=\"width: 568px\" class=\"wp-caption aligncenter\"><a href=\"https:\/\/www.uv.mx\/prensa\/files\/2019\/09\/180919-IV-JORNADA-BIOETICA-2.jpg\"><img aria-describedby=\"caption-attachment-73320\" decoding=\"async\" loading=\"lazy\" class=\"size-full wp-image-73320\" src=\"https:\/\/www.uv.mx\/prensa\/files\/2019\/09\/180919-IV-JORNADA-BIOETICA-2.jpg\" alt=\"\" width=\"558\" height=\"722\" srcset=\"https:\/\/www.uv.mx\/prensa\/files\/2019\/09\/180919-IV-JORNADA-BIOETICA-2.jpg 558w, https:\/\/www.uv.mx\/prensa\/files\/2019\/09\/180919-IV-JORNADA-BIOETICA-2-232x300.jpg 232w\" sizes=\"(max-width: 558px) 100vw, 558px\" \/><\/a><p id=\"caption-attachment-73320\" class=\"wp-caption-text\">Los d\u00edas 26 y 27 de septiembre tendr\u00e1 lugar en la USBI Xalapa, la IV Jornada de Bio\u00e9tica<\/p><\/div>\n<p>&nbsp;<\/p>\n<p><span data-contrast=\"auto\">L<\/span><span data-contrast=\"auto\">a inauguraci\u00f3n est\u00e1 programa<\/span><span data-contrast=\"auto\">da<\/span><span data-contrast=\"auto\"> para el jueves 26 a las 9:00 horas<\/span><span data-contrast=\"auto\">,<\/span><span data-contrast=\"auto\"> seguida de la ponencia de Sandra <\/span><span data-contrast=\"auto\">Jannet<\/span><span data-contrast=\"auto\"> Figueroa Aguirre, coordinadora estatal de Bio\u00e9tica de los Servicios de Salud de Veracruz (<\/span><i><span data-contrast=\"auto\">Sesver<\/span><\/i><span data-contrast=\"auto\">), titulada<\/span><span data-contrast=\"auto\"> \u201c<\/span><span data-contrast=\"auto\">Impulso de la \u00e9tica en la investigaci<\/span><span data-contrast=\"auto\">\u00f3n cient\u00edfica desde la Comisi\u00f3n <\/span><span data-contrast=\"auto\">Estatal de Bio\u00e9tica del estado de Veracru<\/span><span data-contrast=\"auto\">z<\/span><span data-contrast=\"auto\">\u201d<\/span><span data-contrast=\"auto\">.<\/span><span data-ccp-props=\"{&quot;201341983&quot;:0,&quot;335559739&quot;:160,&quot;335559740&quot;:240}\">\u00a0<\/span><\/p>\n<p><span data-contrast=\"auto\">A las 10:30<\/span><span data-contrast=\"auto\"> horas<\/span><span data-contrast=\"auto\">, <\/span><span data-contrast=\"auto\">Nallely<\/span><span data-contrast=\"auto\"> Arce Hern\u00e1ndez, del <\/span><span data-contrast=\"auto\">Departamento de Seguimiento a Co<\/span><span data-contrast=\"auto\">mit\u00e9s de \u00c9tica en Investigaci\u00f3n<\/span> <span data-contrast=\"auto\">de la Comisi\u00f3n N<\/span><span data-contrast=\"auto\">acional de Bio\u00e9tica (<\/span><i><span data-contrast=\"auto\">Conbio\u00e9tica<\/span><\/i><span data-contrast=\"auto\">), hablar\u00e1 sobre <\/span><span data-contrast=\"auto\">\u201c<\/span><span data-contrast=\"auto\">Vinculaci\u00f3n entre Comit\u00e9s de \u00c9tica<\/span><span data-contrast=\"auto\"> en Investigaci\u00f3n <\/span><span data-contrast=\"auto\">h<\/span><span data-contrast=\"auto\">ospitalarios <\/span><span data-contrast=\"auto\">y <\/span><span data-contrast=\"auto\">u<\/span><span data-contrast=\"auto\">niversitarios<\/span><span data-contrast=\"auto\">\u201d<\/span><span data-contrast=\"auto\">.<\/span><span data-ccp-props=\"{&quot;201341983&quot;:0,&quot;335559739&quot;:160,&quot;335559740&quot;:240}\">\u00a0<\/span><\/p>\n<p><span data-contrast=\"auto\">Posteriormente, a las 12:00 horas, <\/span><span data-contrast=\"auto\">Fran<\/span><span data-contrast=\"auto\">cisco Domingo V\u00e1zquez Mart\u00ednez, del ISP<\/span><span data-contrast=\"auto\">-UV, dictar\u00e1 la conferencia<\/span><span data-contrast=\"auto\"> \u201c<\/span><span data-contrast=\"auto\">\u00c9tica en la formaci\u00f3n del pe<\/span><span data-contrast=\"auto\">rsonal de salud: el caso de los <\/span><span data-contrast=\"auto\">es<\/span><span data-contrast=\"auto\">tudiantes de M<\/span><span data-contrast=\"auto\">edicina<\/span><span data-contrast=\"auto\">\u201d<\/span><span data-contrast=\"auto\">.<\/span><span data-ccp-props=\"{&quot;201341983&quot;:0,&quot;335559739&quot;:160,&quot;335559740&quot;:240}\">\u00a0<\/span><\/p>\n<p><span data-contrast=\"auto\">Al d\u00eda siguiente, las act<\/span><span data-contrast=\"auto\">ividades iniciar\u00e1<\/span><span data-contrast=\"auto\">n<\/span> <span data-contrast=\"auto\">a las 9<\/span><span data-contrast=\"auto\">:00 horas<\/span><span data-contrast=\"auto\"> con la ponencia <\/span><span data-contrast=\"auto\">\u201c<\/span><span data-contrast=\"auto\">Abordaje \u00e9tico de la investigaci\u00f3n en comportamiento alimentario<\/span><span data-contrast=\"auto\">\u201d<\/span><span data-contrast=\"auto\">, a cargo <\/span><span data-contrast=\"auto\">de Antonio L\u00f3pez Espinoza, del <\/span><span data-contrast=\"auto\">Instituto de Investigaciones en Comporta<\/span><span data-contrast=\"auto\">miento Alimentario y Nutrici\u00f3n, adscrito al Centro Universitario del Sur de<\/span><span data-contrast=\"auto\"> la Universidad de Guadalajara.<\/span><span data-ccp-props=\"{&quot;201341983&quot;:0,&quot;335559739&quot;:160,&quot;335559740&quot;:240}\">\u00a0<\/span><\/p>\n<p><span data-contrast=\"auto\">La ponencia \u201cVoluntad anticipada\u201d dar\u00e1 inicio a las 10:00 horas, <\/span><span data-contrast=\"auto\">por <\/span><span data-contrast=\"auto\">Mar\u00eda del Pilar Jim\u00e9nez Romero, p<\/span><span data-contrast=\"auto\">rofesora del Diplomado en Bio\u00e9tica, Salud y Derecho en el Instituto de<\/span> <span data-contrast=\"auto\">Investigaciones Jur\u00eddicas y c<\/span><span data-contrast=\"auto\">oordinadora de la Maestr\u00eda en De<\/span><span data-contrast=\"auto\">recho <\/span><span data-contrast=\"auto\">de la <\/span><span data-contrast=\"auto\">Universidad Nacional Aut\u00f3noma de M\u00e9xico<\/span><span data-contrast=\"auto\"> (UNAM).<\/span><span data-ccp-props=\"{&quot;201341983&quot;:0,&quot;335559731&quot;:708,&quot;335559739&quot;:160,&quot;335559740&quot;:240}\">\u00a0<\/span><\/p>\n<p><span data-contrast=\"auto\">A las 11<\/span><span data-contrast=\"auto\">:30<\/span><span data-contrast=\"auto\"> horas<\/span><span data-contrast=\"auto\">, <\/span><span data-contrast=\"auto\">por<\/span><span data-contrast=\"auto\"> videoconferencia, Robert T. Hall y<\/span><span data-contrast=\"auto\"> Bernardo Garc\u00eda Camino<\/span><span data-contrast=\"auto\">, de la <\/span><span data-contrast=\"auto\">Unidad de Bio\u00e9tica<\/span><span data-contrast=\"auto\"> de la<\/span><span data-contrast=\"auto\"> Un<\/span><span data-contrast=\"auto\">iversidad Aut\u00f3noma de Quer\u00e9taro, hablar\u00e1n sobre \u201cCuidados paliativos\u201d.<\/span><span data-ccp-props=\"{&quot;201341983&quot;:0,&quot;335559731&quot;:708,&quot;335559739&quot;:160,&quot;335559740&quot;:240}\">\u00a0<\/span><\/p>\n<p><span data-contrast=\"auto\">La jornada concluir\u00e1 a las <\/span><span data-contrast=\"auto\">12:30 horas con una mesa de discusi\u00f3n, inform\u00f3 <\/span><span data-contrast=\"auto\">Francisco Javier Rosas<\/span><span data-contrast=\"auto\">, <\/span><span data-contrast=\"auto\">y<\/span><span data-contrast=\"auto\"> agradec<\/span><span data-contrast=\"auto\">i\u00f3<\/span><span data-contrast=\"auto\"> el apoyo de autoridades <\/span><span data-contrast=\"auto\">universitarias.<\/span><span data-ccp-props=\"{&quot;201341983&quot;:0,&quot;335559731&quot;:708,&quot;335559739&quot;:160,&quot;335559740&quot;:240}\">\u00a0<\/span><\/p>\n<p><span data-contrast=\"auto\">Por \u00faltimo, <\/span><span data-contrast=\"auto\">extendi\u00f3 la invitaci\u00f3n a toda la comunidad acad\u00e9mica <\/span><span data-contrast=\"auto\">de la UV<\/span><span data-contrast=\"auto\">, as\u00ed como<\/span><span data-contrast=\"auto\"> al<\/span><span data-contrast=\"auto\"> p\u00fablico en general<\/span> <span data-contrast=\"auto\">que desee conocer, comprender<\/span><span data-contrast=\"auto\">, <\/span><span data-contrast=\"auto\">profundizar<\/span><span data-contrast=\"auto\"> y analizar sobre estos temas.<\/span><span data-contrast=\"auto\"> El<\/span><span data-contrast=\"auto\"> cupo es limitado, por lo que los interesados pueden solicitar informes al correo electr\u00f3nico <\/span><a href=\"mailto:svega@uv.mx\"><span data-contrast=\"none\">svega@uv.mx<\/span><\/a><span data-ccp-props=\"{&quot;201341983&quot;:0,&quot;335559731&quot;:708,&quot;335559739&quot;:160,&quot;335559740&quot;:240}\">\u00a0<\/span><\/p>\n<p><span data-contrast=\"auto\">Las inscripciones son de forma gratuita.<\/span><span data-contrast=\"auto\">\u00a0Tambi\u00e9n habr\u00e1 una transmisi\u00f3n en vivo a trav\u00e9s de: <\/span><a href=\"https:\/\/www.uv.mx\/video\/canalxalapa\/\"><span data-contrast=\"none\">https:\/\/www.uv.mx\/video\/canalxalapa\/<\/span><\/a><span data-contrast=\"auto\">.<\/span><span data-ccp-props=\"{&quot;201341983&quot;:0,&quot;335559731&quot;:708,&quot;335559739&quot;:160,&quot;335559740&quot;:240}\">\u00a0<\/span><\/p>\n","protected":false},"excerpt":{"rendered":"<p>Para cualquier persona involucrada con el mundo de la ciencia representa una oportunidad elemental de aproximarse a la \u00e9tica y la bio\u00e9tica<\/p>\n","protected":false},"author":1508,"featured_media":73320,"comment_status":"closed","ping_status":"closed","sticky":false,"template":"","format":"standard","meta":[],"categories":[47],"tags":[],"_links":{"self":[{"href":"https:\/\/www.uv.mx\/prensa\/wp-json\/wp\/v2\/posts\/73488"}],"collection":[{"href":"https:\/\/www.uv.mx\/prensa\/wp-json\/wp\/v2\/posts"}],"about":[{"href":"https:\/\/www.uv.mx\/prensa\/wp-json\/wp\/v2\/types\/post"}],"author":[{"embeddable":true,"href":"https:\/\/www.uv.mx\/prensa\/wp-json\/wp\/v2\/users\/1508"}],"replies":[{"embeddable":true,"href":"https:\/\/www.uv.mx\/prensa\/wp-json\/wp\/v2\/comments?post=73488"}],"version-history":[{"count":0,"href":"https:\/\/www.uv.mx\/prensa\/wp-json\/wp\/v2\/posts\/73488\/revisions"}],"wp:featuredmedia":[{"embeddable":true,"href":"https:\/\/www.uv.mx\/prensa\/wp-json\/wp\/v2\/media\/73320"}],"wp:attachment":[{"href":"https:\/\/www.uv.mx\/prensa\/wp-json\/wp\/v2\/media?parent=73488"}],"wp:term":[{"taxonomy":"category","embeddable":true,"href":"https:\/\/www.uv.mx\/prensa\/wp-json\/wp\/v2\/categories?post=73488"},{"taxonomy":"post_tag","embeddable":true,"href":"https:\/\/www.uv.mx\/prensa\/wp-json\/wp\/v2\/tags?post=73488"}],"curies":[{"name":"wp","href":"https:\/\/api.w.org\/{rel}","templated":true}]}}